{"id":210524,"date":"2019-10-02T16:02:54","date_gmt":"2019-10-02T13:02:54","guid":{"rendered":"http:\/\/www.tvturk.com\/index.php\/ali-koc-derbideki-mucadeleden-dolayi-mutluyum\/"},"modified":"2019-10-02T16:02:54","modified_gmt":"2019-10-02T13:02:54","slug":"ali-koc-derbideki-mucadeleden-dolayi-mutluyum","status":"publish","type":"post","link":"http:\/\/www.tvturk.com\/index.php\/ali-koc-derbideki-mucadeleden-dolayi-mutluyum\/","title":{"rendered":"Ali Ko\u00e7: &#8220;Derbideki m\u00fccadeleden dolay\u0131 mutluyum&#8221;"},"content":{"rendered":"<p>Fenerbah\u00e7e Ba\u015fkan\u0131 Ali Ko\u00e7, futbolcular\u0131n\u0131n Galatasaray derbisinde ortaya koyduklar\u0131 m\u00fccadeleden dolay\u0131 mutlu oldu\u011funu ifade etti.<\/p>\n<p>Fenerbah\u00e7e Ba\u015fkan\u0131 Ali Ko\u00e7, kul\u00fcp dergisine a\u00e7\u0131klamalarda bulundu. Ko\u00e7, S\u00fcper Lig\u2019in 6. haftas\u0131nda Galatasaray ile oynad\u0131klar\u0131 derbi m\u00fccadelesinde tak\u0131m\u0131n g\u00f6sterdi\u011fi m\u00fccadeleden mutlu oldu\u011funun alt\u0131n\u0131 \u00e7izerek, &#8220;Sezonun ilk 6 haftas\u0131ndaki zorlu fikst\u00fcre ra\u011fmen Futbol Tak\u0131m\u0131m\u0131z, hocam\u0131z Ersun Yanal liderli\u011finde S\u00fcper Lige ba\u015far\u0131l\u0131 bir ba\u015flang\u0131\u00e7 yapm\u0131\u015ft\u0131r. Puan durumundan ziyade \u015fu a\u015famada bizleri en \u00e7ok sevindiren ve umut vadeden unsur ise bu d\u00f6nemde yakalam\u0131\u015f oldu\u011fumuz istatistik, tak\u0131m\u0131m\u0131z\u0131n sava\u015fma ruhu, kazanma arzusu ve tak\u0131mdaki birlik beraberlik havas\u0131d\u0131r. Ge\u00e7ti\u011fimiz hafta sonu ezeli rakibimiz Galatasaray ile oynad\u0131\u011f\u0131m\u0131z derbi kar\u015f\u0131la\u015fmas\u0131nda tak\u0131m\u0131m\u0131z\u0131n ortaya koydu\u011fu m\u00fccadele hepimizi mutlu etti&#8221; \u015feklinde konu\u015ftu.<\/p>\n<p>&#8220;Tek \u00fcz\u00fcnt\u00fcm\u00fcz derbiden 3 puan alamamak&#8221;<\/p>\n<p>Ba\u015fkan Ko\u00e7, Galatasaray ma\u00e7\u0131ndan 3 puan alamad\u0131klar\u0131 i\u00e7in \u00fcz\u00fcnt\u00fcl\u00fc olduklar\u0131n\u0131 vurgulayarak, \u201cTak\u0131m\u0131m\u0131z\u0131n g\u00f6sterdi\u011fi h\u0131rs, azim ve 90 dakika boyunca sahada g\u00f6rmek istedi\u011fimiz Fenerbah\u00e7e\u2019nin her ge\u00e7en g\u00fcn daha da oturan bir sistemle var olmas\u0131, camiam\u0131z\u0131 g\u00fcn ge\u00e7tik\u00e7e daha da kenetliyor, 29. \u015fampiyonlu\u011fumuza olan inanc\u0131m\u0131z\u0131 kuvvetlendiriyor. Futbolcular\u0131m\u0131z hafta boyunca derbiye dair \u00e7al\u0131\u015fmalar\u0131n\u0131 ger\u00e7ekle\u015ftirirken tek d\u00fc\u015f\u00fcnceleri 3 puan ile evimize d\u00f6nmekti. Tek \u00fcz\u00fcnt\u00fcm\u00fcz, bu azimli ve m\u00fccadeleci futboldan ve hafta boyu yap\u0131lan t\u00fcm \u00e7al\u0131\u015fmalardan sonra derbiden galibiyetle ayr\u0131lamamak oldu\u201d a\u00e7\u0131klamas\u0131n\u0131 yapt\u0131.<\/p>\n<p>3 Temmuz a\u00e7\u0131klamas\u0131<\/p>\n<p>Fenerbah\u00e7e kumpas davas\u0131n\u0131n en k\u0131sa s\u00fcrede karara ba\u011flanmas\u0131n\u0131 beklediklerini de s\u00f6zlerine ekleyen Ba\u015fkan Ali Ko\u00e7, \u201cFenerbah\u00e7e\u2019mize kurulan kumpas\u0131n sadece ilintili davalarda de\u011fil T\u00fcrkiye\u2019yi yakinen ilgilendiren di\u011fer davalarda da a\u00e7\u0131k\u00e7a beyan edildi\u011fi bir ortamda, Yarg\u0131tay\u2019da beklenen dava dosyam\u0131z\u0131n bir an \u00f6nce sonu\u00e7lanmas\u0131n\u0131; Fenerbah\u00e7e kumpas davas\u0131n\u0131n da ayn\u0131 \u015fekilde, m\u00fcmk\u00fcn olan en k\u0131sa s\u00fcrede karara ba\u011flanmas\u0131n\u0131 ivedilikle bekliyoruz&#8221; diye konu\u015ftu.<\/p>\n","protected":false},"excerpt":{"rendered":"<p>FENERBAH\u00c7E BA\u015eKANI AL\u0130 KO\u00c7, FUTBOLCULARININ GALATASARAY DERB\u0130S\u0130NDE ORTAYA KOYDUKLARI M\u00dcCADELEDEN DOLAYI MUTLU OLDU\u011eUNU \u0130FADE ETT\u0130.<\/p>\n","protected":false},"author":1,"featured_media":210525,"comment_status":"closed","ping_status":"open","sticky":false,"template":"","format":"standard","meta":{"jetpack_post_was_ever_published":false,"_jetpack_newsletter_access":"","_jetpack_dont_email_post_to_subs":false,"_jetpack_newsletter_tier_id":0,"_jetpack_memberships_contains_paywalled_content":false,"_jetpack_memberships_contains_paid_content":false,"footnotes":"","jetpack_publicize_message":"","jetpack_publicize_feature_enabled":true,"jetpack_social_post_already_shared":true,"jetpack_social_options":{"image_generator_settings":{"template":"highway","default_image_id":0,"font":"","enabled":false},"version":2}},"categories":[657],"tags":[53194,625,7221,10157,36019,19050],"class_list":["post-210524","post","type-post","status-publish","format-standard","has-post-thumbnail","hentry","category-spor","tag-derbideki","tag-ali","tag-dolayi","tag-koc","tag-mucadeleden","tag-mutluyum"],"jetpack_publicize_connections":[],"jetpack_featured_media_url":"https:\/\/i0.wp.com\/www.tvturk.com\/wp-content\/uploads\/2019\/10\/ali-koc-derbideki-mucadeleden-dolayi-mutluyum_3e1d6a7.jpg?fit=1000%2C782","jetpack_sharing_enabled":true,"jetpack_shortlink":"https:\/\/wp.me\/paKIfm-SLy","_links":{"self":[{"href":"http:\/\/www.tvturk.com\/index.php\/wp-json\/wp\/v2\/posts\/210524","targetHints":{"allow":["GET"]}}],"collection":[{"href":"http:\/\/www.tvturk.com\/index.php\/wp-json\/wp\/v2\/posts"}],"about":[{"href":"http:\/\/www.tvturk.com\/index.php\/wp-json\/wp\/v2\/types\/post"}],"author":[{"embeddable":true,"href":"http:\/\/www.tvturk.com\/index.php\/wp-json\/wp\/v2\/users\/1"}],"replies":[{"embeddable":true,"href":"http:\/\/www.tvturk.com\/index.php\/wp-json\/wp\/v2\/comments?post=210524"}],"version-history":[{"count":0,"href":"http:\/\/www.tvturk.com\/index.php\/wp-json\/wp\/v2\/posts\/210524\/revisions"}],"wp:featuredmedia":[{"embeddable":true,"href":"http:\/\/www.tvturk.com\/index.php\/wp-json\/wp\/v2\/media\/210525"}],"wp:attachment":[{"href":"http:\/\/www.tvturk.com\/index.php\/wp-json\/wp\/v2\/media?parent=210524"}],"wp:term":[{"taxonomy":"category","embeddable":true,"href":"http:\/\/www.tvturk.com\/index.php\/wp-json\/wp\/v2\/categories?post=210524"},{"taxonomy":"post_tag","embeddable":true,"href":"http:\/\/www.tvturk.com\/index.php\/wp-json\/wp\/v2\/tags?post=210524"}],"curies":[{"name":"wp","href":"https:\/\/api.w.org\/{rel}","templated":true}]}}