{"id":210572,"date":"2019-10-02T17:32:12","date_gmt":"2019-10-02T14:32:12","guid":{"rendered":"http:\/\/www.tvturk.com\/index.php\/bakan-selcuk-2050-yilinda-nufusumuzun-5te-1i-65-yas-uzerinde-olacak\/"},"modified":"2019-10-02T17:32:12","modified_gmt":"2019-10-02T14:32:12","slug":"bakan-selcuk-2050-yilinda-nufusumuzun-5te-1i-65-yas-uzerinde-olacak","status":"publish","type":"post","link":"http:\/\/www.tvturk.com\/index.php\/bakan-selcuk-2050-yilinda-nufusumuzun-5te-1i-65-yas-uzerinde-olacak\/","title":{"rendered":"Bakan Sel\u00e7uk: \u201c2050 y\u0131l\u0131nda n\u00fcfusumuzun 5\u2019te 1\u2019i 65 ya\u015f \u00fczerinde olacak\u201d"},"content":{"rendered":"<p>Antalya\u2019da 60 ya\u015f \u00fcst\u00fc Tazelenme \u00dcniversitesinin 2019-2020 Akademik A\u00e7\u0131l\u0131\u015f T\u00f6reni\u2019ne kat\u0131lan Aile, \u00c7al\u0131\u015fma ve Sosyal Hizmetler Bakan\u0131 Zehra Z\u00fcmr\u00fct Sel\u00e7uk, &#8220;N\u00fcfusumuzun yakla\u015f\u0131k 5\u2019te 1\u2019i 65 ya\u015f \u00fczerinde olacak. Bu a\u00e7\u0131dan ya\u015fl\u0131l\u0131k, giderek daha \u00f6nemli, daha bask\u0131n bir sosyal ger\u00e7e\u011fe d\u00f6n\u00fc\u015f\u00fcyor\u201d dedi.<\/p>\n<p>Aile, \u00c7al\u0131\u015fma ve Sosyal Hizmetler Bakan\u0131 Zehra Z\u00fcmr\u00fct Sel\u00e7uk, Akdeniz \u00dcniversitesi yerle\u015fkesi i\u00e7erisinde yer alan 60 ya\u015f \u00fcst\u00fc Tazelenme \u00dcniversitesinin 2019-2020 Akademik A\u00e7\u0131l\u0131\u015f T\u00f6reni\u2019ne kat\u0131ld\u0131. Antalya Valisi M\u00fcnir Karalo\u011flu, Akdeniz \u00dcniversitesi Rekt\u00f6r\u00fc Mustafa \u00dcnal, \u00f6\u011fretim \u00fcyeleri ve Tazelenme \u00dcniversitesi \u00f6\u011frencilerinin kat\u0131ld\u0131\u011f\u0131 a\u00e7\u0131l\u0131\u015fta konu\u015fan Bakan Sel\u00e7uk, ya\u015fl\u0131 n\u00fcfusun d\u00fcnyada ve T\u00fcrkiye\u2019de art\u0131\u015fta oldu\u011funu s\u00f6yledi.<\/p>\n<p>\u201cN\u00fcfusumuzun yakla\u015f\u0131k 5\u2019te 1\u2019i 65 ya\u015f \u00fczerinde olacak\u201d<\/p>\n<p>D\u00fcnya n\u00fcfusunun y\u00fczde 9\u2019unun 65 ya\u015f \u00fczerinde oldu\u011funu, bu oran\u0131n 2050 senesinde y\u00fczde 16\u2019ya kadar \u00e7\u0131kmas\u0131n\u0131n beklendi\u011fine vurgu yapan Bakan Sel\u00e7uk, T\u00fcrkiye\u2019de de 2018 y\u0131l\u0131ndaki 65 ya\u015f \u00fczeri n\u00fcfusun y\u00fczde 8,8 oldu\u011funu, bu rakam\u0131n 2023 senesinde y\u00fczler 10\u2019lara, 2050 senesinde ise y\u00fczde 21\u2019e ula\u015faca\u011f\u0131n\u0131 kaydetti. Bakan Sel\u00e7uk, \u201cN\u00fcfusumuzun yakla\u015f\u0131k 5\u2019te 1\u2019i 65 ya\u015f \u00fczerinde olacak. Bu a\u00e7\u0131dan ya\u015fl\u0131l\u0131k, giderek daha \u00f6nemli, daha bask\u0131n bir sosyal ger\u00e7e\u011fe d\u00f6n\u00fc\u015f\u00fcyor.  Bizler Bakanl\u0131k olarak, toplumda aktif ve sa\u011fl\u0131kl\u0131 ya\u015flanman\u0131n say\u0131s\u0131n\u0131 art\u0131rmak i\u00e7in \u00e7al\u0131\u015fmalar yap\u0131yoruz, gerekli \u00f6nlemleri al\u0131yoruz. Birinci \u00f6nceli\u011fimiz; toplumda ya\u015fl\u0131 ve gen\u00e7lerimiz t\u00fcm aile bireylerimizin aile ortam\u0131nda beraber olabilmesi. Bu y\u00fczden b\u00fcy\u00fcklerimizin bulundu\u011fu yerde ve ortamda desteklemeyi birinci \u00f6nceli\u011fimiz olarak g\u00f6r\u00fcyoruz. Bizim k\u00fclt\u00fcr\u00fcm\u00fcz a\u00e7\u0131s\u0131ndan, b\u00fcy\u00fcklerin varl\u0131\u011f\u0131, ba\u011fl\u0131 oldu\u011fu ailenin temel dire\u011fi ve k\u00f6k\u00fcd\u00fcr\u201d diye konu\u015ftu.<\/p>\n<p>Sosyal yard\u0131m ve bak\u0131m hizmetlerinde aile odakl\u0131 \u00e7al\u0131\u015fmalara birinci \u00f6ncelik verdiklerini ifade eden Bakan Sel\u00e7uk, 65 ya\u015f\u0131n\u0131 doldurmu\u015f muhta\u00e7, g\u00fc\u00e7s\u00fcz ve kimsesiz vatanda\u015flara ya\u015fl\u0131l\u0131k ayl\u0131\u011f\u0131 ba\u011fland\u0131\u011f\u0131n\u0131 an\u0131msatt\u0131.<\/p>\n<p>168 bin ya\u015fl\u0131ya evde bak\u0131m deste\u011fi<\/p>\n<p>Bug\u00fcn itibariyle 168 bin ya\u015fl\u0131ya ailesinin yan\u0131nda evde bak\u0131m deste\u011fi sa\u011flad\u0131klar\u0131n\u0131 kaydeden Sel\u00e7uk, \u201cBelediyelerimiz ile i\u015fbirli\u011finde, koruyucu \u00f6nleyici bir i\u015flev de \u00fcstlenen Ya\u015fl\u0131 Destek Program\u0131\u2019n\u0131 (YADES) yayg\u0131nla\u015ft\u0131r\u0131yoruz. B\u00f6ylece ya\u015fl\u0131lar\u0131m\u0131z\u0131n evde bak\u0131m ile g\u00fcnd\u00fczl\u00fc bak\u0131m hizmetlerini destekleyerek, \u00f6zellikle biyo-psikososyal bak\u0131ma ihtiyac\u0131 olanlar\u0131n ya\u015famlar\u0131n\u0131n kolayla\u015ft\u0131r\u0131lmas\u0131n\u0131 hedefliyoruz\u201d dedi.<\/p>\n<p>\u201cYa\u015fl\u0131lar i\u00e7in ne yapabiliriz kayg\u0131s\u0131yla \u00e7al\u0131\u015f\u0131yoruz\u201d<\/p>\n<p>Bakan Sel\u00e7uk, huzurevleriyle sosyal g\u00fcvencesi olan ya da olmayan t\u00fcm ya\u015fl\u0131lara hizmet vermenin gururunu ya\u015fad\u0131klar\u0131n\u0131 dile getirerek, \u201c2002 y\u0131l\u0131nda 63 Huzurevi ve Ya\u015fl\u0131 Bak\u0131m ve Rehabilitasyon Merkezlerimizde 5 bin kadar ya\u015fl\u0131ya hizmet verilirken, bug\u00fcn kamu ve \u00f6zel dahil toplam yakla\u015f\u0131k 34 bin kapasiteli 406 kurulu\u015fta ya\u015fl\u0131lar\u0131m\u0131z hizmet al\u0131yor. Huzurevlerimizde g\u00fcnd\u00fcz bak\u0131m hizmeti de sunuyoruz. Bug\u00fcn itibariyle 17 ilde g\u00fcnd\u00fcz bak\u0131m hizmeti sunan toplam 27 kurulu\u015fumuz var. Bu sene sonuna kadar g\u00fcnd\u00fcz bak\u0131m merkezlerinin b\u00fct\u00fcn illere yayg\u0131nla\u015ft\u0131rmay\u0131 hedefliyoruz. Ailelerimizin hac, umre gibi uzun d\u00f6nemli seyahatlerinde veya vefat gibi durumlarda g\u00f6zleri arkada kalmadan g\u00f6n\u00fcl rahatl\u0131\u011f\u0131yla seyahate \u00e7\u0131ks\u0131n istiyoruz.  Bakt\u0131klar\u0131 ya\u015fl\u0131 b\u00fcy\u00fcklerimizi yat\u0131l\u0131 kurulu\u015flar\u0131m\u0131zda bir y\u0131l i\u00e7inde 45 g\u00fcne kadar misafir ediyoruz. Yine b\u00fcy\u00fcklerimize y\u00f6nelik olarak; Ya\u015fl\u0131 Ya\u015fam Evleri modelini geli\u015ftirdik. Ya\u015fl\u0131 Ya\u015fam Evlerinin T\u00fcrkiye genelindeki say\u0131s\u0131 \u015fu an itibariyle 32\u2019ye \u00e7\u0131kt\u0131. K\u0131sacas\u0131 biz ya\u015fl\u0131lar\u0131m\u0131z i\u00e7in daha fazla neler yapabiliriz, daha iyisini nas\u0131l ba\u015farabiliriz kayg\u0131s\u0131yla \u00e7al\u0131\u015fmalar\u0131m\u0131z\u0131 bu anlamda kararl\u0131 ve istikrarl\u0131 bir \u015fekilde devam ettirmekteyiz\u201d diye konu\u015ftu.<\/p>\n<p>\u201cT\u00fcm T\u00fcrkiye\u2019deki \u00fcniversitelerimizde yayg\u0131nla\u015ft\u0131raca\u011f\u0131z\u201d<\/p>\n<p>\u201cBizler ya\u015fl\u0131lara h\u00fcrmeti esas alan bir gelene\u011fin varisleriyiz\u201d diyen Sel\u00e7uk, T\u00fcrkiye\u2019deki t\u00fcm \u00fcniversitelerde Tazelenme \u00dcniversitelerini yayg\u0131nla\u015ft\u0131rmak i\u00e7in \u00e7al\u0131\u015fma i\u00e7erisinde olduklar\u0131n\u0131 da belirterek, \u201c\u00d6n\u00fcm\u00fczdeki d\u00f6nemde Genel M\u00fcd\u00fcrl\u00fc\u011f\u00fcm\u00fcz ve Y\u00d6K ile beraber, bu tazelenme \u00fcniversitelerini in\u015fallah t\u00fcm \u00fcniversitelerimizde yayg\u0131nla\u015ft\u0131raca\u011f\u0131z. Buna dair \u00e7al\u0131\u015fmalar\u0131 da yapmaktay\u0131z. \u00c7\u00fcnk\u00fc inan\u0131yoruz ki \u00f6\u011frenmek, \u00f6\u011fretmek ve \u00f6\u011frenme merak\u0131n\u0131 diri tutabilmek asl\u0131nda her ya\u015f\u0131n bir gereklili\u011fi\u201d ifadelerini kulland\u0131.<\/p>\n<p>Rekt\u00f6r \u00dcnal: \u201cBu \u00fcniversitede rekabet yok, i\u015fsiz kalma derdi yok\u201d<\/p>\n<p>Akdeniz \u00dcniversitesi Rekt\u00f6r\u00fc Prof. Dr. Mustafa \u00dcnal, Tazelenme \u00dcniversitesinin bir sosyal sorumluluk projesi oldu\u011funu ve bu projede sa\u011fl\u0131kl\u0131 ya\u015flanmay\u0131 ama\u00e7lad\u0131klar\u0131n\u0131 ifade etti. 60 ya\u015f\u0131n\u0131 ge\u00e7en bireylerin emekli olduktan sonra evlerine kapan\u0131p kendilerini toplumdan soyutlamas\u0131n\u0131n \u00f6n\u00fcne ge\u00e7mek ve yeni bilgiler \u00f6\u011fretme amac\u0131nda olduklar\u0131n\u0131n alt\u0131n\u0131 \u00e7izen \u00dcnal, \u201c\u0130nsan haf\u0131zas\u0131 her an bir \u015feyler \u00f6\u011frenmeye ihtiya\u00e7 duyar. Bu \u00fcniversitede not yok, s\u0131nav yok, rekabet yok, i\u015fsiz kalma derdi yok. Bug\u00fcn 8 farkl\u0131 \u00fcniversite veya kamu kurumu bu projeyi uygulamaya ba\u015flad\u0131, muhtemelen di\u011fer \u00fcniversitelerde de uygulamaya ba\u015flayacakt\u0131r\u201d diye konu\u015ftu.<\/p>\n<p>Konu\u015fmalar\u0131n ard\u0131ndan 60 ya\u015f \u00fcst\u00fc \u00fcniversite \u00f6\u011frencileriyle uzun s\u00fcre sohbet eden Bakan Sel\u00e7uk, onlar\u0131n \u00f6z \u00e7ekim ricalar\u0131n\u0131 da k\u0131rmad\u0131.<\/p>\n","protected":false},"excerpt":{"rendered":"<p>BAKAN ZEHRA Z\u00dcMR\u00dcT SEL\u00c7UK, T\u00dcRK\u0130YE N\u00dcFUSUNUN 2050 YILINDA Y\u00dcZDE 21\u2019E Y\u00dcKSELECE\u011e\u0130NE \u0130\u015eARET EDEREK,  \u201cN\u00dcFUSUMUZUN YAKLA\u015eIK 5\u2019TE 1\u2019\u0130 65 YA\u015e \u00dcZER\u0130NDE OLACAK. BU A\u00c7IDAN YA\u015eLILIK, G\u0130DEREK DAHA \u00d6NEML\u0130, DAHA BASKIN B\u0130R SOSYAL GER\u00c7E\u011eE D\u00d6N\u00dc\u015e\u00dcYOR\u201d DED\u0130.<\/p>\n","protected":false},"author":1,"featured_media":210573,"comment_status":"closed","ping_status":"open","sticky":false,"template":"","format":"standard","meta":{"jetpack_post_was_ever_published":false,"_jetpack_newsletter_access":"","_jetpack_dont_email_post_to_subs":false,"_jetpack_newsletter_tier_id":0,"_jetpack_memberships_contains_paywalled_content":false,"_jetpack_memberships_contains_paid_content":false,"footnotes":"","jetpack_publicize_message":"","jetpack_publicize_feature_enabled":true,"jetpack_social_post_already_shared":true,"jetpack_social_options":{"image_generator_settings":{"template":"highway","default_image_id":0,"font":"","enabled":false},"version":2}},"categories":[1],"tags":[1000,27718,52388,742,53209,1189,4454,2605,5404,6266],"class_list":["post-210572","post","type-post","status-publish","format-standard","has-post-thumbnail","hentry","category-genel","tag-1i","tag-27718","tag-5te","tag-bakan","tag-nufusumuzun","tag-olacak","tag-selcuk","tag-uzerinde","tag-yas","tag-yilinda"],"jetpack_publicize_connections":[],"jetpack_featured_media_url":"https:\/\/i0.wp.com\/www.tvturk.com\/wp-content\/uploads\/2019\/10\/bakan-selcuk-2050-yilinda-nufusumuzun-5te-1i-65-yas-uzerinde-olacak_9c1be2e.jpg?fit=1000%2C674","jetpack_sharing_enabled":true,"jetpack_shortlink":"https:\/\/wp.me\/paKIfm-SMk","_links":{"self":[{"href":"http:\/\/www.tvturk.com\/index.php\/wp-json\/wp\/v2\/posts\/210572","targetHints":{"allow":["GET"]}}],"collection":[{"href":"http:\/\/www.tvturk.com\/index.php\/wp-json\/wp\/v2\/posts"}],"about":[{"href":"http:\/\/www.tvturk.com\/index.php\/wp-json\/wp\/v2\/types\/post"}],"author":[{"embeddable":true,"href":"http:\/\/www.tvturk.com\/index.php\/wp-json\/wp\/v2\/users\/1"}],"replies":[{"embeddable":true,"href":"http:\/\/www.tvturk.com\/index.php\/wp-json\/wp\/v2\/comments?post=210572"}],"version-history":[{"count":0,"href":"http:\/\/www.tvturk.com\/index.php\/wp-json\/wp\/v2\/posts\/210572\/revisions"}],"wp:featuredmedia":[{"embeddable":true,"href":"http:\/\/www.tvturk.com\/index.php\/wp-json\/wp\/v2\/media\/210573"}],"wp:attachment":[{"href":"http:\/\/www.tvturk.com\/index.php\/wp-json\/wp\/v2\/media?parent=210572"}],"wp:term":[{"taxonomy":"category","embeddable":true,"href":"http:\/\/www.tvturk.com\/index.php\/wp-json\/wp\/v2\/categories?post=210572"},{"taxonomy":"post_tag","embeddable":true,"href":"http:\/\/www.tvturk.com\/index.php\/wp-json\/wp\/v2\/tags?post=210572"}],"curies":[{"name":"wp","href":"https:\/\/api.w.org\/{rel}","templated":true}]}}