{"id":210630,"date":"2019-10-02T20:46:41","date_gmt":"2019-10-02T17:46:41","guid":{"rendered":"http:\/\/www.tvturk.com\/index.php\/mhp-gemlik-ilce-baskani-ozcanbaz-biz-olayin-orgut-baglantisinin-arastirilmasini-istiyoruz\/"},"modified":"2019-10-02T20:46:41","modified_gmt":"2019-10-02T17:46:41","slug":"mhp-gemlik-ilce-baskani-ozcanbaz-biz-olayin-orgut-baglantisinin-arastirilmasini-istiyoruz","status":"publish","type":"post","link":"http:\/\/www.tvturk.com\/index.php\/mhp-gemlik-ilce-baskani-ozcanbaz-biz-olayin-orgut-baglantisinin-arastirilmasini-istiyoruz\/","title":{"rendered":"MHP Gemlik \u0130l\u00e7e Ba\u015fkan\u0131 \u00d6zcanbaz: &#8220;Biz olay\u0131n \u00f6rg\u00fct ba\u011flant\u0131s\u0131n\u0131n ara\u015ft\u0131r\u0131lmas\u0131n\u0131 istiyoruz&#8221;"},"content":{"rendered":"<p>MHP Gemlik \u0130l\u00e7e Ba\u015fkan\u0131 Mehmet Emin \u00d6zcanbaz, Gemlik Belediye Ba\u015fkan Yard\u0131mc\u0131s\u0131 Zeynep Ak\u0131\u015f Serint\u00fcrk\u2019\u00fcn rehin al\u0131nd\u0131\u011f\u0131 olayla ilgili &#8220;Biz olay\u0131n \u00f6rg\u00fct ba\u011flant\u0131s\u0131n\u0131n ara\u015ft\u0131r\u0131lmas\u0131n\u0131 istiyoruz. Akl\u0131m\u0131za, \u2019baz\u0131 marjinal \u00f6rg\u00fctlerin b\u00f6yle bir olay \u00fczerinden mesaj m\u0131 vermeye \u00e7al\u0131\u015f\u0131yor? sorular\u0131 da ister istemez tak\u0131l\u0131yor.&#8221; dedi.<\/p>\n<p>MHP Gemlik \u0130l\u00e7e Ba\u015fkan\u0131 Mehmet Emin \u00d6zcanbaz, Gemlik Belediye Ba\u015fkan Yard\u0131mc\u0131s\u0131 Zeynep Ak\u0131\u015f Serint\u00fcrk\u2019\u00fcn rehin al\u0131nd\u0131\u011f\u0131 olayla ilgili a\u00e7\u0131klamada bulundu. \u00d6zcanbaz, &#8220;Ya\u015fanan hain sald\u0131r\u0131 ile alakal\u0131 derin \u00fcz\u00fcnt\u00fclerimizi payla\u015fmak istiyoruz. Olay\u0131 haber al\u0131r almaz, Zeynep Han\u0131m\u2019\u0131 arad\u0131k ve Gemlik \u0130l\u00e7e Emniyet M\u00fcd\u00fcrl\u00fc\u011f\u00fcne ge\u00e7tik. \u0130l\u00e7emizde ya\u015fanan bu vahim olay ile alakal\u0131 son derece \u00fcz\u00fcld\u00fc\u011f\u00fcm\u00fcz\u00fc belirtmek isteriz. Gemlik Belediyesine ve \u00f6zellikle bir kad\u0131na yap\u0131lan sald\u0131r\u0131 kabul edilemez. \u0130l\u00e7emize ve Belediyemize ge\u00e7mi\u015f olsun diyor, benzer olaylar\u0131n tekrar ya\u015fanmamas\u0131n\u0131 arzu ediyoruz\u2019\u2019 dedi.<\/p>\n<p>MHP \u0130l\u00e7e Ba\u015fkan\u0131 \u00d6zcanbaz, \u2019\u2019Biz olay\u0131n \u00f6rg\u00fct ba\u011flant\u0131s\u0131n\u0131n ara\u015ft\u0131r\u0131lmas\u0131n\u0131 istiyoruz. Akl\u0131m\u0131za, \u2019baz\u0131 marjinal \u00f6rg\u00fctlerin b\u00f6yle bir olay \u00fczerinden mesaj m\u0131 vermeye \u00e7al\u0131\u015f\u0131yor? sorular\u0131 da ister istemez tak\u0131l\u0131yor. Bunca oda varken, erkek ba\u015fkan yard\u0131mc\u0131lar\u0131 ve m\u00fcd\u00fcrler bulunurken, i\u015fini do\u011fru yapt\u0131\u011f\u0131n\u0131 bildi\u011fimiz bir kad\u0131n ba\u015fkan yard\u0131mc\u0131s\u0131na b\u00f6yle bir giri\u015fimde bulunulmas\u0131, kabul edilemez. Bu tarz marjinal \u00f6rg\u00fctlerin emellerine ula\u015fmas\u0131nda biz Milliyet\u00e7i Hareket Partililer olarak f\u0131rsat vermedik, vermeyece\u011fiz de. Yap\u0131lan eylem, ge\u00e7mi\u015fte \u015eehit Savc\u0131m\u0131z Mehmet Selim Kiraz olay\u0131n\u0131 hat\u0131rlatmaktad\u0131r. Bu guruplar\u0131n da, hangi guruplar oldu\u011fu a\u00e7\u0131k\u00e7a ortadad\u0131r. Milliyet\u00e7i Hareket olarak Belediyemizin ve Ba\u015fkan Yard\u0131mc\u0131m\u0131z\u0131n yan\u0131nday\u0131z\u2019\u2019 \u015feklinde konu\u015ftu.<\/p>\n","protected":false},"excerpt":{"rendered":"<p>MHP GEML\u0130K \u0130L\u00c7E BA\u015eKANI MEHMET EM\u0130N \u00d6ZCANBAZ, GEML\u0130K BELED\u0130YE BA\u015eKAN YARDIMCISI ZEYNEP AKI\u015e SER\u0130NT\u00dcRK&#8217;\u00dcN REH\u0130N ALINDI\u011eI OLAYLA \u0130LG\u0130L\u0130 &#8220;B\u0130Z OLAYIN \u00d6RG\u00dcT BA\u011eLANTISININ ARA\u015eTIRILMASINI \u0130ST\u0130YORUZ. AKLIMIZA, &#8216;BAZI MARJ\u0130NAL \u00d6RG\u00dcTLER\u0130N B\u00d6YLE B\u0130R OLAY \u00dcZER\u0130NDEN MESAJ MI VERMEYE \u00c7ALI\u015eIYOR? SORULARI DA \u0130STER \u0130STEMEZ TAKILIYOR.&#8221; DED\u0130.<\/p>\n","protected":false},"author":1,"featured_media":210631,"comment_status":"closed","ping_status":"open","sticky":false,"template":"","format":"standard","meta":{"jetpack_post_was_ever_published":false,"_jetpack_newsletter_access":"","_jetpack_dont_email_post_to_subs":false,"_jetpack_newsletter_tier_id":0,"_jetpack_memberships_contains_paywalled_content":false,"_jetpack_memberships_contains_paid_content":false,"footnotes":"","jetpack_publicize_message":"","jetpack_publicize_feature_enabled":true,"jetpack_social_post_already_shared":true,"jetpack_social_options":{"image_generator_settings":{"template":"highway","default_image_id":0,"font":"","enabled":false},"version":2}},"categories":[1],"tags":[6837,53228,216,1322,15890,511,2674,423,13440,4115,53227],"class_list":["post-210630","post","type-post","status-publish","format-standard","has-post-thumbnail","hentry","category-genel","tag-arastirilmasini","tag-baglantisinin","tag-baskani","tag-biz","tag-gemlik","tag-ilce","tag-istiyoruz","tag-mhp","tag-olayin","tag-orgut","tag-ozcanbaz"],"jetpack_publicize_connections":[],"jetpack_featured_media_url":"https:\/\/i0.wp.com\/www.tvturk.com\/wp-content\/uploads\/2019\/10\/mhp-gemlik-ilce-baskani-ozcanbaz-biz-olayin-orgut-baglantisinin-arastirilmasini-istiyoruz_ab2db37.jpg?fit=910%2C474","jetpack_sharing_enabled":true,"jetpack_shortlink":"https:\/\/wp.me\/paKIfm-SNg","_links":{"self":[{"href":"http:\/\/www.tvturk.com\/index.php\/wp-json\/wp\/v2\/posts\/210630","targetHints":{"allow":["GET"]}}],"collection":[{"href":"http:\/\/www.tvturk.com\/index.php\/wp-json\/wp\/v2\/posts"}],"about":[{"href":"http:\/\/www.tvturk.com\/index.php\/wp-json\/wp\/v2\/types\/post"}],"author":[{"embeddable":true,"href":"http:\/\/www.tvturk.com\/index.php\/wp-json\/wp\/v2\/users\/1"}],"replies":[{"embeddable":true,"href":"http:\/\/www.tvturk.com\/index.php\/wp-json\/wp\/v2\/comments?post=210630"}],"version-history":[{"count":0,"href":"http:\/\/www.tvturk.com\/index.php\/wp-json\/wp\/v2\/posts\/210630\/revisions"}],"wp:featuredmedia":[{"embeddable":true,"href":"http:\/\/www.tvturk.com\/index.php\/wp-json\/wp\/v2\/media\/210631"}],"wp:attachment":[{"href":"http:\/\/www.tvturk.com\/index.php\/wp-json\/wp\/v2\/media?parent=210630"}],"wp:term":[{"taxonomy":"category","embeddable":true,"href":"http:\/\/www.tvturk.com\/index.php\/wp-json\/wp\/v2\/categories?post=210630"},{"taxonomy":"post_tag","embeddable":true,"href":"http:\/\/www.tvturk.com\/index.php\/wp-json\/wp\/v2\/tags?post=210630"}],"curies":[{"name":"wp","href":"https:\/\/api.w.org\/{rel}","templated":true}]}}