{"id":210692,"date":"2019-10-03T10:17:08","date_gmt":"2019-10-03T07:17:08","guid":{"rendered":"http:\/\/www.tvturk.com\/index.php\/24-yil-once-dogdugu-hastaneye-hekim-olarak-atandi\/"},"modified":"2019-10-03T10:17:08","modified_gmt":"2019-10-03T07:17:08","slug":"24-yil-once-dogdugu-hastaneye-hekim-olarak-atandi","status":"publish","type":"post","link":"http:\/\/www.tvturk.com\/index.php\/24-yil-once-dogdugu-hastaneye-hekim-olarak-atandi\/","title":{"rendered":"24 y\u0131l \u00f6nce do\u011fdu\u011fu hastaneye hekim olarak atand\u0131"},"content":{"rendered":"<p>KOCAEL\u0130 (\u0130HA) \u2013 Kocaeli\u2019nin Derince il\u00e7esinde ya\u015fayan H\u00fcseyin Emre Da\u011fdeviren, T\u0131p e\u011fitiminin ard\u0131ndan 24 y\u0131l \u00f6nce do\u011fdu\u011fu hastaneye hekim olarak atand\u0131.<\/p>\n<p>Kocaeli\u2019nin Derince il\u00e7esinde ikamet eden Cavit ve Mine Da\u011fdeviren \u00e7iftinin o\u011fullar\u0131 H\u00fcseyin Emre Da\u011fdeviren, 24 y\u0131l \u00f6nce do\u011fdu\u011fu Derince E\u011fitim ve Ara\u015ft\u0131rma Hastanesine hekim olarak g\u00f6reve ba\u015flad\u0131. Ba\u015far\u0131l\u0131 bir e\u011fitim hayat\u0131n\u0131 Cerrahpa\u015fa T\u0131p Fak\u00fcltesi\u2019nde tamamlayan Yunus Emre Da\u011fdeviren, ilk atamas\u0131nda d\u00fcnyaya geldi\u011fi hastanede pratisyen hekim olarak g\u00f6revlendirildi. Hastanenin acil b\u00f6l\u00fcm\u00fcnde hastalar\u0131yla yak\u0131ndan ilgilenen Da\u011fdeviren\u2019in g\u00f6reve ba\u015flamas\u0131 ise d\u00fcnyaca \u00fcnl\u00fc bilim kad\u0131n\u0131 olan ve kalp pilinin mucidi Canan Da\u011fdeviren\u2019i de yeti\u015ftiren ailesine y\u0131llar \u00f6nce do\u011fdu\u011fu an\u0131 ya\u015fatt\u0131.<\/p>\n<p>\u201cDo\u011fdu\u011fum hastanede g\u00f6rev yapmak mutluluk verici\u201d<\/p>\n<p>Hastanenin acil servisinde pratisyen hekim olarak g\u00f6reve ba\u015flayan ve hastalarla yak\u0131ndan ilgilenen H\u00fcseyin Emre Da\u011fdeviren, sevdi\u011fi bir mesle\u011fi y\u0131llar \u00f6nce do\u011fdu\u011fu hastanede yapman\u0131n mutlulu\u011funu ya\u015fad\u0131\u011f\u0131n\u0131 s\u00f6yledi. \u0130lk g\u00f6rev yerinin do\u011fdu\u011fu hastane olmas\u0131n\u0131n ailesini mutlu etti\u011fini belirten Da\u011fdeviren, \u201c\u0130lk tercihim olarak buray\u0131 yazm\u0131\u015ft\u0131m ve buras\u0131 geldi. 24 y\u0131l \u00f6nce de bu hastanede do\u011fmu\u015ftum. \u015eu anda da do\u011fdu\u011fum hastanede g\u00f6rev yapmak benim i\u00e7in \u00e7ok b\u00fcy\u00fck mutluluk verici bir olay oldu\u201d dedi.<\/p>\n<p>Aile ve \u00e7evresine b\u00fcy\u00fck mutluluk ya\u015fatt\u0131<\/p>\n<p>Mesle\u011fe ba\u015flad\u0131\u011f\u0131nda g\u00fczel tepkiler ald\u0131\u011f\u0131n\u0131 belirten Da\u011fdeviren, \u201cBen bural\u0131 oldu\u011fum, ailem de burada ikamet etti\u011fi i\u00e7in ben de buray\u0131 tercih ettim. Dolay\u0131s\u0131yla da ilk g\u00f6rev yerim buras\u0131 oldu. Hem do\u011fdu\u011fum hastane olmas\u0131 hem de buran\u0131n e\u011fitim ve ara\u015ft\u0131rma hastanesi olmas\u0131, asistanlarla beraber daha \u00e7ok \u015fey \u00f6\u011frenebilmek ad\u0131na buray\u0131 tercih etme sebeplerimden biriydi. Ailem, arkada\u015flar\u0131m ve akrabalar\u0131m \u00e7ok mutlu oldu. \u2018\u0130\u015fimiz d\u00fc\u015ft\u00fc\u011f\u00fcnde g\u00f6r\u00fcnebilece\u011fimiz biz doktorumuz oldu\u2019 dediler. G\u00fczel tepkiler ald\u0131m\u201d diye konu\u015ftu.<\/p>\n<p>Akademisyen olup \u00fcniversitede kalmay\u0131 hedefliyor<\/p>\n<p>Hedeflerinden de bahseden Da\u011fdeviren, \u201cDo\u011fdu\u011fum d\u00f6nemdeki doktorlar art\u0131k yoklar bildi\u011fim kadar\u0131yla. \u00c7al\u0131\u015fma arkada\u015flar\u0131m\u0131n \u00e7o\u011fu da Kocaelili. Onlarla birlikte g\u00fczel bir ortamda \u00e7al\u0131\u015f\u0131yoruz. Uzmanl\u0131k s\u0131navlar\u0131na girdim. Onun sonucunu bekliyorum. Cerrahi bir b\u00f6l\u00fcm se\u00e7mek istiyorum. Uzman olup hatta akademisyen olup \u00fcniversitede kalmak da hedeflerimden biri\u201d \u015feklinde konu\u015ftu.<\/p>\n<p>Ailesine y\u0131llar \u00f6nce do\u011fdu\u011fu an\u0131 ya\u015fatt\u0131<\/p>\n<p>\u00c7ocuklar\u0131n\u0131n do\u011fdu\u011fu hastanede g\u00f6reve ba\u015flamas\u0131n\u0131n kendilerini duyguland\u0131rd\u0131\u011f\u0131n\u0131 ifade eden Da\u011fdeviren ailesi ise g\u00f6revin ba\u015flad\u0131\u011f\u0131nda 24 y\u0131l \u00f6ncesini hat\u0131rlad\u0131klar\u0131n\u0131 s\u00f6ylediler. Baba Cavit Da\u011fdeviren, do\u011fdu\u011fu hastaneye hekim olarak gelen o\u011flunun do\u011facak \u00e7ocuklara ve hastalara umut olmas\u0131n\u0131n kendisini gururland\u0131rd\u0131\u011f\u0131n\u0131 s\u00f6yledi. Anne Mine Da\u011fdeviren ise hastaneye ilk atand\u0131\u011f\u0131 an H\u00fcseyin Emnre Da\u011fdeviren\u2019i kuca\u011f\u0131na ilk ald\u0131\u011f\u0131 an\u0131 ya\u015fad\u0131\u011f\u0131n\u0131 ifade etti.<\/p>\n","protected":false},"excerpt":{"rendered":"<p>KOCAEL\u0130\u2019N\u0130N DER\u0130NCE \u0130L\u00c7ES\u0130NDE YA\u015eAYAN H\u00dcSEY\u0130N EMRE DA\u011eDEV\u0130REN, TIP E\u011e\u0130T\u0130M\u0130N\u0130N ARDINDAN 24 YIL \u00d6NCE DO\u011eDU\u011eU HASTANEYE HEK\u0130M OLARAK ATANDI.<\/p>\n","protected":false},"author":1,"featured_media":210693,"comment_status":"closed","ping_status":"open","sticky":false,"template":"","format":"standard","meta":{"jetpack_post_was_ever_published":false,"_jetpack_newsletter_access":"","_jetpack_dont_email_post_to_subs":false,"_jetpack_newsletter_tier_id":0,"_jetpack_memberships_contains_paywalled_content":false,"_jetpack_memberships_contains_paid_content":false,"footnotes":"","jetpack_publicize_message":"","jetpack_publicize_feature_enabled":true,"jetpack_social_post_already_shared":true,"jetpack_social_options":{"image_generator_settings":{"template":"highway","default_image_id":0,"font":"","enabled":false},"version":2}},"categories":[1],"tags":[3143,18769,2097,5482,5030,232,231],"class_list":["post-210692","post","type-post","status-publish","format-standard","has-post-thumbnail","hentry","category-genel","tag-atandi","tag-dogdugu","tag-hastaneye","tag-hekim","tag-olarak","tag-once","tag-yil"],"jetpack_publicize_connections":[],"jetpack_featured_media_url":"https:\/\/i0.wp.com\/www.tvturk.com\/wp-content\/uploads\/2019\/10\/24-yil-once-dogdugu-hastaneye-hekim-olarak-atandi_96643cb.jpg?fit=1000%2C666","jetpack_sharing_enabled":true,"jetpack_shortlink":"https:\/\/wp.me\/paKIfm-SOg","_links":{"self":[{"href":"http:\/\/www.tvturk.com\/index.php\/wp-json\/wp\/v2\/posts\/210692","targetHints":{"allow":["GET"]}}],"collection":[{"href":"http:\/\/www.tvturk.com\/index.php\/wp-json\/wp\/v2\/posts"}],"about":[{"href":"http:\/\/www.tvturk.com\/index.php\/wp-json\/wp\/v2\/types\/post"}],"author":[{"embeddable":true,"href":"http:\/\/www.tvturk.com\/index.php\/wp-json\/wp\/v2\/users\/1"}],"replies":[{"embeddable":true,"href":"http:\/\/www.tvturk.com\/index.php\/wp-json\/wp\/v2\/comments?post=210692"}],"version-history":[{"count":0,"href":"http:\/\/www.tvturk.com\/index.php\/wp-json\/wp\/v2\/posts\/210692\/revisions"}],"wp:featuredmedia":[{"embeddable":true,"href":"http:\/\/www.tvturk.com\/index.php\/wp-json\/wp\/v2\/media\/210693"}],"wp:attachment":[{"href":"http:\/\/www.tvturk.com\/index.php\/wp-json\/wp\/v2\/media?parent=210692"}],"wp:term":[{"taxonomy":"category","embeddable":true,"href":"http:\/\/www.tvturk.com\/index.php\/wp-json\/wp\/v2\/categories?post=210692"},{"taxonomy":"post_tag","embeddable":true,"href":"http:\/\/www.tvturk.com\/index.php\/wp-json\/wp\/v2\/tags?post=210692"}],"curies":[{"name":"wp","href":"https:\/\/api.w.org\/{rel}","templated":true}]}}