{"id":210702,"date":"2019-10-03T10:31:55","date_gmt":"2019-10-03T07:31:55","guid":{"rendered":"http:\/\/www.tvturk.com\/index.php\/tesk-genel-baskani-palandoken-esnafin-ekonomiye-katkisi-yadsinamaz\/"},"modified":"2019-10-03T10:31:55","modified_gmt":"2019-10-03T07:31:55","slug":"tesk-genel-baskani-palandoken-esnafin-ekonomiye-katkisi-yadsinamaz","status":"publish","type":"post","link":"http:\/\/www.tvturk.com\/index.php\/tesk-genel-baskani-palandoken-esnafin-ekonomiye-katkisi-yadsinamaz\/","title":{"rendered":"TESK Genel Ba\u015fkan\u0131 Paland\u00f6ken: \u201cEsnaf\u0131n ekonomiye katk\u0131s\u0131 yads\u0131namaz\u201d"},"content":{"rendered":"<p>Esnafa en \u00e7ok zarar verenlerin kurals\u0131zca a\u00e7\u0131lan AVM ve zincir marketler oldu\u011funu belirten TESK Genel Ba\u015fkan\u0131 Bendevi Paland\u00f6ken, \u201cEsnaf\u0131n ekonomiye katk\u0131s\u0131 yads\u0131namaz\u201d dedi.<\/p>\n<p>Zincir market ve AVM\u2019lerin esnafa verdikleri zarara art\u0131k dur demenin zaman\u0131n\u0131n gelip ge\u00e7mekte oldu\u011funu ifade eden T\u00fcrkiye Esnaf ve Sanatk\u00e2rlar Konfederasyonu (TESK) Genel Ba\u015fkan\u0131 Bendevi Paland\u00f6ken, \u201cEsnaf\u0131n azald\u0131\u011f\u0131 ya da olmad\u0131\u011f\u0131 ekonomiden de, geleneksel yap\u0131dan da s\u00f6z edilemez. Aileleriyle birlikte 10 milyona yak\u0131n esnaf\u0131m\u0131z\u0131n ekonomiye katk\u0131s\u0131 da yads\u0131namaz. Esnafa da en \u00e7ok zarar veren ise kurals\u0131z a\u00e7\u0131lan AVM ve zincir marketler. Art\u0131k bu kurals\u0131z a\u00e7\u0131l\u0131\u015flara bir son verilmeli. Perakende yasas\u0131 tekrar d\u00fczenlenerek esnaf\u0131m\u0131z korunmal\u0131d\u0131r\u201d dedi.<\/p>\n<p>\u201cZincir marketler \u015fehre yaln\u0131zca \u00e7\u00f6plerini b\u0131rak\u0131yor\u201d<\/p>\n<p>Mantar gibi kurals\u0131z \u015fekilde a\u00e7\u0131lan zincir marketlerin \u015fehre ve esnafa verdikleri zararlara de\u011finen Paland\u00f6ken, \u201cBir ki\u015fiye ait binlerce ma\u011faza olamaz. Bu durum kabul edilir de\u011fil. Haks\u0131z rekabetin en b\u00fcy\u00fck \u00f6rneklerinden birisi zincir marketler. Ad\u0131m ba\u015f\u0131 yan yana her soka\u011fa a\u00e7\u0131larak art\u0131k say\u0131lar\u0131 36 binin \u00fczerine \u00e7\u0131kt\u0131. Satmad\u0131klar\u0131 ise hi\u00e7bir \u00fcr\u00fcn yok. T\u0131rnak makas\u0131ndan beyaz e\u015fyaya, k\u0131yafetten k\u0131rtasiyeye kadar onlarca esnaf\u0131n i\u015fini tek bir ma\u011faza \u00fczerinden yap\u0131yorlar. \u00dcstelik tek bir merkezden a\u00e7\u0131ld\u0131klar\u0131 i\u00e7in tek bir vergi dairesine kay\u0131tl\u0131lar. Yani merkezleri d\u0131\u015f\u0131ndaki t\u00fcm illerde \u015fehre yaln\u0131zca \u00e7\u00f6plerini b\u0131rak\u0131yorlar. Kurals\u0131z a\u00e7\u0131l\u0131\u015flara art\u0131k bir son verilmeli. Zincirlerin a\u00e7\u0131ld\u0131\u011f\u0131 her b\u00f6lgede esnaf\u0131m\u0131z kendini ge\u00e7indiremeyecek duruma d\u00fc\u015f\u00fcyor. Esnaf\u0131n azalmas\u0131 geleneksel yap\u0131y\u0131 da bozar. Bu nedenle bu gidi\u015fata art\u0131k dur denmeli\u201d ifadelerini kulland\u0131.<\/p>\n<p>\u201cAVM\u2019ler esnaf\u0131n ekme\u011fini b\u00f6lerken \u00e7al\u0131\u015fanlar\u0131n\u0131 da zorluyor\u201d<\/p>\n<p>AVM\u2019lerin esnafa zarar verdi\u011fi gibi kendi \u00e7al\u0131\u015fanlar\u0131n\u0131 da zorlad\u0131\u011f\u0131na dikkati \u00e7eken Paland\u00f6ken, \u201c\u015eehirlerin merkezlerinde b\u00fcy\u00fck alanlar kaplayarak a\u00e7\u0131lan AVM\u2019ler, i\u00e7erisinde onlarca esnaf mesle\u011finden d\u00fckk\u00e2n bar\u0131nd\u0131r\u0131yor. Y\u00fcksek kiralar ve aidatlar nedeniyle esnaf\u0131n AVM i\u00e7inde bar\u0131nmas\u0131 m\u00fcmk\u00fcn olmad\u0131\u011f\u0131 i\u00e7in AVM \u00e7evresinde de m\u00fc\u015fterisi azal\u0131yor. Bir yandan AVM a\u00e7\u0131l\u0131rken bir yandan da kapanan AVM\u2019ler var. Bunlar da milli servetin heba olmas\u0131na neden oluyor. \u00d6te yandan AVM\u2019ler s\u0131k aral\u0131klarla bir nedenle indirim kampanyas\u0131na giriyorlar. Bu kampanyalar zaten y\u00fckseltilmi\u015f fiyatlar\u0131n normale indirilmesi ile oluyor. Kampanyalarla birlikte \u00e7al\u0131\u015fanlar da hedef bask\u0131s\u0131 ile sat\u0131\u015f yapmalar\u0131 konusunda mobbinge u\u011fruyorlar. Bu haks\u0131zl\u0131klara kar\u015f\u0131 AVM\u2019lerin de a\u00e7\u0131l\u0131\u015flar\u0131na bir kural getirilmeli. Haftada en az 1 g\u00fcn Avrupa\u2019da oldu\u011fu gibi tatil edilmeli ve a\u00e7\u0131l\u0131\u015f kapan\u0131\u015f saatleri daralt\u0131lmal\u0131\u201d dedi.<\/p>\n","protected":false},"excerpt":{"rendered":"<p>ESNAFA EN \u00c7OK ZARAR VERENLER\u0130N KURALSIZCA A\u00c7ILAN AVM VE Z\u0130NC\u0130R MARKETLER OLDU\u011eUNU BEL\u0130RTEN TESK GENEL BA\u015eKANI BENDEV\u0130 PALAND\u00d6KEN, \u201cESNAFIN EKONOM\u0130YE KATKISI YADSINAMAZ\u201d DED\u0130.<\/p>\n","protected":false},"author":1,"featured_media":210703,"comment_status":"closed","ping_status":"open","sticky":false,"template":"","format":"standard","meta":{"jetpack_post_was_ever_published":false,"_jetpack_newsletter_access":"","_jetpack_dont_email_post_to_subs":false,"_jetpack_newsletter_tier_id":0,"_jetpack_memberships_contains_paywalled_content":false,"_jetpack_memberships_contains_paid_content":false,"footnotes":"","jetpack_publicize_message":"","jetpack_publicize_feature_enabled":true,"jetpack_social_post_already_shared":true,"jetpack_social_options":{"image_generator_settings":{"template":"highway","default_image_id":0,"font":"","enabled":false},"version":2}},"categories":[19],"tags":[216,1295,1092,869,24322,8073,12357,53250],"class_list":["post-210702","post","type-post","status-publish","format-standard","has-post-thumbnail","hentry","category-ekonomi","tag-baskani","tag-ekonomiye","tag-esnafin","tag-genel","tag-katkisi","tag-palandoken","tag-tesk","tag-yadsinamaz"],"jetpack_publicize_connections":[],"jetpack_featured_media_url":"https:\/\/i0.wp.com\/www.tvturk.com\/wp-content\/uploads\/2019\/10\/tesk-genel-baskani-palandoken-esnafin-ekonomiye-katkisi-yadsinamaz_5e8837d.jpg?fit=1000%2C666","jetpack_sharing_enabled":true,"jetpack_shortlink":"https:\/\/wp.me\/paKIfm-SOq","_links":{"self":[{"href":"http:\/\/www.tvturk.com\/index.php\/wp-json\/wp\/v2\/posts\/210702","targetHints":{"allow":["GET"]}}],"collection":[{"href":"http:\/\/www.tvturk.com\/index.php\/wp-json\/wp\/v2\/posts"}],"about":[{"href":"http:\/\/www.tvturk.com\/index.php\/wp-json\/wp\/v2\/types\/post"}],"author":[{"embeddable":true,"href":"http:\/\/www.tvturk.com\/index.php\/wp-json\/wp\/v2\/users\/1"}],"replies":[{"embeddable":true,"href":"http:\/\/www.tvturk.com\/index.php\/wp-json\/wp\/v2\/comments?post=210702"}],"version-history":[{"count":0,"href":"http:\/\/www.tvturk.com\/index.php\/wp-json\/wp\/v2\/posts\/210702\/revisions"}],"wp:featuredmedia":[{"embeddable":true,"href":"http:\/\/www.tvturk.com\/index.php\/wp-json\/wp\/v2\/media\/210703"}],"wp:attachment":[{"href":"http:\/\/www.tvturk.com\/index.php\/wp-json\/wp\/v2\/media?parent=210702"}],"wp:term":[{"taxonomy":"category","embeddable":true,"href":"http:\/\/www.tvturk.com\/index.php\/wp-json\/wp\/v2\/categories?post=210702"},{"taxonomy":"post_tag","embeddable":true,"href":"http:\/\/www.tvturk.com\/index.php\/wp-json\/wp\/v2\/tags?post=210702"}],"curies":[{"name":"wp","href":"https:\/\/api.w.org\/{rel}","templated":true}]}}