{"id":210704,"date":"2019-10-03T10:32:04","date_gmt":"2019-10-03T07:32:04","guid":{"rendered":"http:\/\/www.tvturk.com\/index.php\/kayalikta-mahsur-kalan-keci-3-gundur-kurtarilmayi-bekliyor\/"},"modified":"2019-10-03T10:32:04","modified_gmt":"2019-10-03T07:32:04","slug":"kayalikta-mahsur-kalan-keci-3-gundur-kurtarilmayi-bekliyor","status":"publish","type":"post","link":"http:\/\/www.tvturk.com\/index.php\/kayalikta-mahsur-kalan-keci-3-gundur-kurtarilmayi-bekliyor\/","title":{"rendered":"Kayal\u0131kta mahsur kalan ke\u00e7i 3 g\u00fcnd\u00fcr kurtar\u0131lmay\u0131 bekliyor"},"content":{"rendered":"<p>Osmaniye\u2019nin Sumbas il\u00e7esine ba\u011fl\u0131 Ta\u015fk\u00f6pr\u00fc k\u00f6y\u00fcnde, da\u011fl\u0131k alanda otland\u0131\u011f\u0131 s\u0131rada kayal\u0131klarda d\u00fc\u015ferek s\u0131k\u0131\u015fan \u2019Karak\u0131z\u2019 adl\u0131 ke\u00e7i 3 g\u00fcnd\u00fcr kurtar\u0131lmay\u0131 bekliyor.<\/p>\n<p>Ta\u015fk\u00f6pr\u00fc k\u00f6y\u00fcne ba\u011fl\u0131 Diniker Mahallesi\u2019nde ya\u015fayan Bilal U\u00e7uk, 30 Eyl\u00fcl g\u00fcn\u00fc ke\u00e7ilerini da\u011fl\u0131k alana otlatmaya g\u00f6t\u00fcrd\u00fc. Ancak ke\u00e7ilerden birisi yukar\u0131dan a\u015fa\u011f\u0131ya kayal\u0131k alan\u0131n i\u00e7erisine d\u00fc\u015ferek s\u0131k\u0131\u015ft\u0131. Karak\u0131z adl\u0131 ke\u00e7inin sahibi Bilal U\u00e7uk ne yapt\u0131ysa da ke\u00e7isini s\u0131k\u0131\u015ft\u0131\u011f\u0131 yerden kurtaramad\u0131. K\u00f6y\u00fcn imam\u0131 ba\u015fta olmak \u00fczere di\u011fer k\u00f6yl\u00fclere de ke\u00e7isinin kayal\u0131k alanda s\u0131k\u0131\u015ft\u0131\u011f\u0131n\u0131 ve kurtaramad\u0131\u011f\u0131n\u0131 s\u00f6yleyen Bilal U\u00e7uk ve di\u011fer k\u00f6yl\u00fcler, da\u011fa seyyar elektrik kablosu \u00e7ekip delici k\u0131r\u0131c\u0131 alet yard\u0131m\u0131yla kayay\u0131 k\u0131r\u0131p ke\u00e7iyi kurtarmaya \u00e7al\u0131\u015ft\u0131lar ancak ba\u015far\u0131l\u0131 olamad\u0131lar.<\/p>\n<p>Kayal\u0131kta s\u0131k\u0131\u015fan Karak\u0131z 3 g\u00fcnd\u00fcr kurtar\u0131lmay\u0131 bekliyor. Ke\u00e7inin kurtar\u0131lmazsa kayal\u0131kta \u00f6lece\u011fini s\u00f6yleyen sahibi Bilal U\u00e7uk, \u201c3 g\u00fcn \u00f6nce ke\u00e7im burada kayal\u0131\u011fa d\u00fc\u015ferek s\u0131k\u0131\u015ft\u0131. Kurtar\u0131lmazsa \u00f6lecek. Biz kurtarmaya \u00e7al\u0131\u015ft\u0131k, buraya kadar kablo \u00e7ektik. kayay\u0131 k\u0131rmaya \u00e7al\u0131\u015ft\u0131k ama bir t\u00fcrl\u00fc olmuyor. Kaya da k\u0131r\u0131lm\u0131yor. Kayal\u0131ktan i\u00e7eri seslenildi\u011fi zaman ke\u00e7i ba\u011f\u0131r\u0131yor ben de buna \u00e7ok \u00fcz\u00fcl\u00fcyorum. Biz ke\u00e7iyi kurtaramad\u0131k yetkililerden yard\u0131m bekliyoruz\u201d \u015feklinde konu\u015ftu.<\/p>\n","protected":false},"excerpt":{"rendered":"<p>OSMAN\u0130YE\u2019N\u0130N SUMBAS \u0130L\u00c7ES\u0130NE BA\u011eLI TA\u015eK\u00d6PR\u00dc K\u00d6Y\u00dcNDE, DA\u011eLIK ALANDA OTLANDI\u011eI SIRADA KAYALIKLARDA D\u00dc\u015eEREK SIKI\u015eAN &#8216;KARAKIZ&#8217; ADLI KE\u00c7\u0130 3 G\u00dcND\u00dcR KURTARILMAYI BEKL\u0130YOR.<\/p>\n","protected":false},"author":1,"featured_media":210705,"comment_status":"closed","ping_status":"open","sticky":false,"template":"","format":"standard","meta":{"jetpack_post_was_ever_published":false,"_jetpack_newsletter_access":"","_jetpack_dont_email_post_to_subs":false,"_jetpack_newsletter_tier_id":0,"_jetpack_memberships_contains_paywalled_content":false,"_jetpack_memberships_contains_paid_content":false,"footnotes":"","jetpack_publicize_message":"","jetpack_publicize_feature_enabled":true,"jetpack_social_post_already_shared":true,"jetpack_social_options":{"image_generator_settings":{"template":"highway","default_image_id":0,"font":"","enabled":false},"version":2}},"categories":[1],"tags":[4378,2003,1274,29151,14280,25475,2381],"class_list":["post-210704","post","type-post","status-publish","format-standard","has-post-thumbnail","hentry","category-genel","tag-bekliyor","tag-gundur","tag-kalan","tag-kayalikta","tag-keci","tag-kurtarilmayi","tag-mahsur"],"jetpack_publicize_connections":[],"jetpack_featured_media_url":"https:\/\/i0.wp.com\/www.tvturk.com\/wp-content\/uploads\/2019\/10\/kayalikta-mahsur-kalan-keci-3-gundur-kurtarilmayi-bekliyor_96643cb.jpg?fit=1000%2C562","jetpack_sharing_enabled":true,"jetpack_shortlink":"https:\/\/wp.me\/paKIfm-SOs","_links":{"self":[{"href":"http:\/\/www.tvturk.com\/index.php\/wp-json\/wp\/v2\/posts\/210704","targetHints":{"allow":["GET"]}}],"collection":[{"href":"http:\/\/www.tvturk.com\/index.php\/wp-json\/wp\/v2\/posts"}],"about":[{"href":"http:\/\/www.tvturk.com\/index.php\/wp-json\/wp\/v2\/types\/post"}],"author":[{"embeddable":true,"href":"http:\/\/www.tvturk.com\/index.php\/wp-json\/wp\/v2\/users\/1"}],"replies":[{"embeddable":true,"href":"http:\/\/www.tvturk.com\/index.php\/wp-json\/wp\/v2\/comments?post=210704"}],"version-history":[{"count":0,"href":"http:\/\/www.tvturk.com\/index.php\/wp-json\/wp\/v2\/posts\/210704\/revisions"}],"wp:featuredmedia":[{"embeddable":true,"href":"http:\/\/www.tvturk.com\/index.php\/wp-json\/wp\/v2\/media\/210705"}],"wp:attachment":[{"href":"http:\/\/www.tvturk.com\/index.php\/wp-json\/wp\/v2\/media?parent=210704"}],"wp:term":[{"taxonomy":"category","embeddable":true,"href":"http:\/\/www.tvturk.com\/index.php\/wp-json\/wp\/v2\/categories?post=210704"},{"taxonomy":"post_tag","embeddable":true,"href":"http:\/\/www.tvturk.com\/index.php\/wp-json\/wp\/v2\/tags?post=210704"}],"curies":[{"name":"wp","href":"https:\/\/api.w.org\/{rel}","templated":true}]}}