{"id":210714,"date":"2019-10-03T10:46:44","date_gmt":"2019-10-03T07:46:44","guid":{"rendered":"http:\/\/www.tvturk.com\/index.php\/cocuklara-turk-milli-degerlerini-ogretecek-proje-eskisehirde-hayata-geciyor\/"},"modified":"2019-10-03T10:46:44","modified_gmt":"2019-10-03T07:46:44","slug":"cocuklara-turk-milli-degerlerini-ogretecek-proje-eskisehirde-hayata-geciyor","status":"publish","type":"post","link":"http:\/\/www.tvturk.com\/index.php\/cocuklara-turk-milli-degerlerini-ogretecek-proje-eskisehirde-hayata-geciyor\/","title":{"rendered":"\u00c7ocuklara T\u00fcrk milli de\u011ferlerini \u00f6\u011fretecek proje Eski\u015fehir\u2019de hayata ge\u00e7iyor"},"content":{"rendered":"<p>Eski\u015fehirli Yazar Ufuk Tufan\u2019\u0131n Dede Korkut destanlar\u0131ndan derledi\u011fi 5 hikaye kitab\u0131, \u0130\u00e7i\u015fleri Bakanl\u0131\u011f\u0131n\u0131n da deste\u011fiyle \u00f6\u011frencilere da\u011f\u0131t\u0131lacak.<\/p>\n<p>Yazar Ufuk Tufan taraf\u0131ndan 5 Dede Korkut hikayesinden derlenerek \u00e7ocuklara y\u00f6nelik haz\u0131rlanan kitaplar Eski\u015fehir\u2019deki okullarda \u00f6\u011frencilere da\u011f\u0131t\u0131lacak. Daha \u00f6nce yazd\u0131\u011f\u0131 tarihi romanlar\u0131yla genellikle gen\u00e7 okuyuculara hitap eden Tufan, &#8220;Dede Korkut ile De\u011ferler E\u011fitimi&#8221; adl\u0131 projeyle \u00e7ocuklara misafirperverlik, vatan sevgisi, b\u00fcy\u00fcklere sayg\u0131 gibi milli k\u00fclt\u00fcr de\u011ferlerini \u00f6\u011fretecek. Korkut Ata destanlar\u0131ndan esinlenerek ortaya \u00e7\u0131kan hikaye kitaplar\u0131n\u0131n i\u00e7eri\u011finde milli de\u011ferlerin bulundu\u011funu belirten Tufan\u2019\u0131n kaleme ald\u0131\u011f\u0131 5 hikaye kitab\u0131n\u0131 okuyacak \u00f6\u011frenciler, her kitap i\u00e7in ayr\u0131 ayr\u0131 s\u0131navlara tabi tutulacak.<\/p>\n<p>Teknoloji ve medyan\u0131n, y\u0131llar i\u00e7erisindeki birikimlerle olu\u015fan de\u011ferleri yok sayarak yanl\u0131\u015f \u015fekilde geli\u015fti\u011fini ve T\u00fcrk milli k\u00fclt\u00fcr\u00fcn\u00fc, de\u011ferlerini ve d\u00fcnya k\u00fclt\u00fcrlerini tehdit edecek d\u00fczeye geldi\u011fini vurgulayan Ufuk Tufan, kendi \u00fclkemizde yava\u015f yava\u015f asimile olmamak i\u00e7in \u00f6nlem al\u0131nmas\u0131 gerekti\u011fini aktard\u0131. Kitaplar\u0131n \u0130\u00e7i\u015fleri Bakanl\u0131\u011f\u0131n\u0131n da deste\u011fiyle \u00f6\u011frencilere \u00fccretsiz hediye edilece\u011fini ifade eden Tufan, &#8220;Serinin birinci kitab\u0131nda Bams\u0131 Beyrek devler \u00fclkesine yolculuk yapacak. Serinin ikinci kitab\u0131nda Tepeg\u00f6z sihirli bir y\u00fcz\u00fc\u011f\u00fc var ve Basat ile m\u00fccadeleye girecek. \u00dc\u00e7\u00fcnc\u00fc kitapta Banu \u00c7i\u00e7ek Periler diyar\u0131na gidecek. D\u00f6rd\u00fcnc\u00fc kitapta Kazan Bey\u2019in kay\u0131p hazinesi arayaca\u011f\u0131z. Be\u015finci kitapta da Bo\u011fa\u00e7 Han\u2019a me\u00e7hul bir misafir gelecek ve o misafirin kim oldu\u011funu anlamaya \u00e7al\u0131\u015faca\u011f\u0131z. Dede Korkut ile De\u011ferler E\u011fitimi Projesi, ad\u0131ndan da anla\u015f\u0131laca\u011f\u0131 gibi Dede Korkut\u2019u ve onun i\u00e7erisinde ge\u00e7en kahramanlar\u0131 anlatt\u0131\u011f\u0131m\u0131z 96 sayfal\u0131k resimli 5 hikaye kitab\u0131ndan olu\u015fan bir kitap projesi. Bu kadar \u00f6nemli bir eseri istedik ki biz g\u00fcn\u00fcm\u00fcz gen\u00e7lerine biraz da modernle\u015ftirerek, ana omurgas\u0131n\u0131 bozmadan, diliyle \u00fcslubuyla \u00e7ocuklar\u0131m\u0131z bunu daha kolay anlayabilsinler, hikayelerin i\u00e7erisinde kendilerini bulabilsinler. Ama biz sadece orada Dede Korkut\u2019ta ge\u00e7en hikayelerinin birebir kopyas\u0131n\u0131 yapm\u0131yoruz. Projede \u015funu istiyorum, projenin hedef kitlesi 9-11 ya\u015f\u0131ndaki \u00e7ocuklar oldu\u011fu i\u00e7in mesela Bams\u0131 Beyrek 9-11 ya\u015f\u0131ndaki bir hikaye i\u00e7erisinde ge\u00e7iriyoruz. O d\u00f6nemin dili o d\u00f6nemin \u00e7evre mekanlar\u0131 o d\u00f6nemdeki ya\u015fay\u0131\u015f unsurlar\u0131yla hikayemizi \u015fekillendiriyoruz&#8221; \u015feklinde konu\u015ftu.<\/p>\n<p>&#8220;T\u00fcrk milletini millet yapan de\u011ferleri \u00e7ocuklar\u0131m\u0131z kaybetmesin&#8221;<\/p>\n<p>F\u00fctursuzca geli\u015ferek de\u011ferleri, k\u00fclt\u00fcrleri tehdit edecek bir \u015fekilde ilerleyen medya ortamlar\u0131n\u0131n bu ilerleyi\u015fini ancak de\u011ferlerimize sahip \u00e7\u0131karak y\u00f6nlendirebilece\u011fimizi ifade eden Tufan, &#8220;Projemize \u2019de\u011ferler e\u011fitimi\u2019 ad\u0131n\u0131 vermemizin sebebi de her hikayenin i\u00e7erisinde biz T\u00fcrk milletini millet yapan de\u011ferleri hikayemizin i\u00e7erisinde gen\u00e7lere vermek istiyoruz. Bir milleti millet yapan o milletin sahip oldu\u011fu de\u011ferlerdir. Yani bir turist T\u00fcrkiye\u2019ye geldi\u011fi zaman \u2019T\u00fcrkler misafirperver\u2019 diyor ve  bunun yan\u0131na ba\u015fka s\u0131fatlar ekliyor, olumlu s\u0131fatlar ekliyor. \u00c7\u00fcnk\u00fc bunlar bizi millet yapan kavramlar. Ama 21. y\u00fczy\u0131l 2019 senesinde b\u00fct\u00fcn d\u00fcnyada bir k\u00fclt\u00fcr de\u011fi\u015fimi bir k\u00fclt\u00fcr farkl\u0131la\u015fmas\u0131 teknolojiden veya ileti\u015fimin \u00e7ok a\u015f\u0131r\u0131 bir noktaya gelmesinden \u00f6t\u00fcr\u00fc her milletin de\u011ferleri a\u015f\u0131nmaya ba\u015flad\u0131, de\u011ferlerini kaybetmeye ba\u015flad\u0131. Biz istiyoruz ki bizi millet yapan bu de\u011ferleri \u00e7ocuklar\u0131m\u0131z kaybetmesin. Onlara hem kitap okuma al\u0131\u015fkanl\u0131\u011f\u0131 kazand\u0131ral\u0131m hem bizi millet yapan kavramlar\u0131 onlara bir yeniden hat\u0131rlatal\u0131m. \u00c7\u00fcnk\u00fc 9-11 ya\u015f\u0131nda \u00e7ocuklar\u0131n soyut d\u00fc\u015f\u00fcnme becerisi tam geli\u015fmemi\u015f, yeni geli\u015fmeye ba\u015fl\u0131yor. Onlar hikayelerin i\u00e7erisinde ancak o kahramanlar\u0131 kafalar\u0131nda canland\u0131rabilecekler. Kuru kuru bir kitap da yazmak istemedim. Her kitab\u0131m\u0131z\u0131n i\u00e7erisine \u00e7izimler koyduk. Ger\u00e7ekten g\u00fczel kaliteli \u00e7izimler koyduk ki o resimlere bakarak o d\u00f6nemi anlayabilsinler, o de\u011ferleri daha kolay kavrayabilsinler diye. Asl\u0131nda bu projeye tam olarak diyorum ki gelene\u011fi gelece\u011fe ta\u015f\u0131ma projesi. Yani eskiden olan birikimlerinizi gelecek ku\u015faklara \u00e7ok da omurgas\u0131n\u0131 bozmadan onu g\u00fcncelleyerek gelecek ku\u015faklara aktarabilelim diye yapmak istedi\u011fimiz u\u011fra\u015f verdi\u011fimiz bir proje&#8221; diye konu\u015ftu.<\/p>\n<p>&#8220;\u00c7ocuk kitaplar\u0131 basmak \u00e7ok zordur, \u00fczerinde 2,5 y\u0131ll\u0131k emek var&#8221;<\/p>\n<p>\u00c7ocuk kitaplar\u0131n\u0131n i\u00e7 tasar\u0131mlar\u0131ndan \u00f6t\u00fcr\u00fc \u00e7ok zor bir yoldan ge\u00e7ti\u011fini belirten Tufan, &#8220;Yazarlar olsun yay\u0131nevleri olsun onlar bilirler ki \u00e7ocuk kitaplar\u0131 basmak \u00e7ok zordur. Hele de \u015f\u00f6yle bir derdiniz varsa, \u00e7ocuklara en ufak bir olumsuzluk olmadan bir resimden bir kelime bir noktadan bir virg\u00fclden onlar etkilememek kayg\u0131s\u0131 g\u00fcderek bir eseri olu\u015fturuyorsan\u0131z b\u00f6yle \u00e7ok uzun s\u00fcrede \u00e7\u0131kar. Bu kitap bu hafta elimize ula\u015ft\u0131 ve 2 bu\u00e7uk y\u0131ll\u0131k bir mazisi var. Yani yaz\u0131lmas\u0131, daha sonra resimlerinin \u00e7izilmesi, b\u00fct\u00fcn editoryal i\u015flemlerden ge\u00e7mesi, projelendirilmesi, bas\u0131lmas\u0131 i\u00e7in kaynak bulunmas\u0131 gibi \u00f6n\u00fcm\u00fczde gelinceye kadar bu kitab\u0131n 2,5 y\u0131ll\u0131k \u00fczerinde emek var. Ben genelde k\u00fc\u00e7\u00fck ya\u015f gruplar\u0131na ve orta ya\u015f gruplar\u0131n\u0131 gen\u00e7lere y\u00f6nelik yazmak istiyorum. Daha \u00e7ok onlara emek harcamak istiyorum. \u015eimdiye kadar bu 5\u2019li setimin haricinde 9 tane roman\u0131m \u00e7\u0131kt\u0131 ve romanlar\u0131m 100 bin adedin \u00fczerinde satan on binlerce \u00e7ocu\u011fumuza ula\u015fan kitaplar. Hem T\u00fcrkiye\u2019de hem Avrupa\u2019da her tarafta ula\u015f\u0131labilen her tarafta okur kitlesi olan kitaplar&#8221; dedi.<\/p>\n<p>&#8220;Kitaplar\u0131m\u0131 g\u00f6r\u00fcp etkilenen Hollywood\u2019lu bir film yap\u0131m \u015firketiyle g\u00f6r\u00fc\u015f\u00fcyoruz&#8221;<\/p>\n<p>Tufan, T\u00fcrk mitolojisinden esinlenerek yazd\u0131\u011f\u0131 kitaplar\u0131n\u0131n Harry Potter, Y\u00fcz\u00fcklerin Efendisi gibi film ya da animasyonlara aktar\u0131lmas\u0131n\u0131 arzu etti\u011fini belirterek, &#8220;Daha \u00e7ok sinema filmi ve animasyon filmi \u00fczerinde ciddi ilgilenen i\u015f adamlar\u0131 var. Kitaplar\u0131m\u0131 g\u00f6r\u00fcp bunlardan etkilenen \u00f6zellikle Amerika\u2019da Hollywood\u2019da film yap\u0131m \u015firketi olan bir i\u015f adam\u0131yla \u015fu an g\u00f6r\u00fc\u015f\u00fcyoruz, \u00e7ok k\u0131ymet veriyor. Belki de d\u0131\u015far\u0131da olmak ona daha ba\u015fka boyutlar katm\u0131\u015f, bir vatan sevgisi, bir vatan k\u0131ymeti bunlar\u0131 mutlaka gen\u00e7lerimizle bulu\u015fturmal\u0131 diye. Projelerimizi yap\u0131yoruz, \u015fu an \u00fczerinde \u00e7al\u0131\u015f\u0131yoruz, in\u015fallah Allah f\u0131rsat verirse hem T\u00fcrkiye\u2019de hem d\u00fcnyada izlenecek kalitede filmler, \u00f6yle s\u0131radan yerele hitap eden de\u011fil. B\u00fct\u00fcn d\u00fcnya \u00f6l\u00e7e\u011finde, bir Buz Devri tad\u0131n\u0131 onun tekni\u011finde onun kalitesinde ama bize \u00f6zg\u00fc olan hikayelerle, bizim hikayelerimizle bunlar\u0131 \u00e7ocuklar\u0131m\u0131za, gen\u00e7lerimize, herkese izletmek istiyoruz&#8221; ifadelerini kulland\u0131.<\/p>\n<p>&#8220;Bu projemiz istiyoruz ki yerelden \u00e7\u0131k\u0131p ulusal baza yay\u0131ls\u0131n&#8221;<\/p>\n<p>Projenin Eski\u015fehir\u2019de bir numune olarak kalmas\u0131n\u0131 istemedi\u011fini belirten Ufuk Tufan, &#8220;Bu projemizi istiyoruz ki yerelden \u00e7\u0131kar\u0131p ulusal baza yayal\u0131m. Bu Eski\u015fehir\u2019de bir numune olarak kalmas\u0131n. T\u00fcrkiye\u2019mizin di\u011fer b\u00fct\u00fcn illerinde bu projeyi yayg\u0131nla\u015ft\u0131r\u0131p bu kitaplar\u0131 b\u00fct\u00fcn yavrular\u0131m\u0131zla bulu\u015fturmak istiyorum&#8221; diye konu\u015ftu.<\/p>\n<p>Vatanda\u015flar\u0131 Eski\u015fehir\u2019deki kitap fuar\u0131na davet eden Tufan, &#8220;Eski\u015fehir\u2019deki kitap fuar\u0131nda ben de var\u0131m. 5-6 Ekim yani cumartesi ve pazar g\u00fcnleri Yeditepe Yay\u0131nevi stand\u0131nda kitaplar\u0131m\u0131 b\u00fct\u00fcn Eski\u015fehirli okurlar\u0131ma imzalayaca\u011f\u0131m in\u015fallah herkesi bekliyorum&#8221; diyerek s\u00f6zlerini noktalad\u0131.<\/p>\n","protected":false},"excerpt":{"rendered":"<p>ESK\u0130\u015eEH\u0130RL\u0130 YAZAR UFUK TUFAN&#8217;IN DEDE KORKUT DESTANLARINDAN DERLED\u0130\u011e\u0130 5 H\u0130KAYE K\u0130TABI, \u0130\u00c7\u0130\u015eLER\u0130 BAKANLI\u011eI&#8217;NIN DA DESTE\u011e\u0130YLE ESK\u0130\u015eEH\u0130R&#8217;DEK\u0130 OKULLARDA \u00d6\u011eRENC\u0130LERE DA\u011eITILACAK.<\/p>\n","protected":false},"author":1,"featured_media":210715,"comment_status":"closed","ping_status":"open","sticky":false,"template":"","format":"standard","meta":{"jetpack_post_was_ever_published":false,"_jetpack_newsletter_access":"","_jetpack_dont_email_post_to_subs":false,"_jetpack_newsletter_tier_id":0,"_jetpack_memberships_contains_paywalled_content":false,"_jetpack_memberships_contains_paid_content":false,"footnotes":"","jetpack_publicize_message":"","jetpack_publicize_feature_enabled":true,"jetpack_social_post_already_shared":true,"jetpack_social_options":{"image_generator_settings":{"template":"highway","default_image_id":0,"font":"","enabled":false},"version":2}},"categories":[1],"tags":[353,34804,5963,8825,4467,429,25215,1456,957],"class_list":["post-210714","post","type-post","status-publish","format-standard","has-post-thumbnail","hentry","category-genel","tag-cocuklara","tag-degerlerini","tag-eskisehirde","tag-geciyor","tag-hayata","tag-milli","tag-ogretecek","tag-proje","tag-turk"],"jetpack_publicize_connections":[],"jetpack_featured_media_url":"https:\/\/i0.wp.com\/www.tvturk.com\/wp-content\/uploads\/2019\/10\/cocuklara-turk-milli-degerlerini-ogretecek-proje-eskisehirde-hayata-geciyor_3b7fbbc.jpg?fit=1000%2C664","jetpack_sharing_enabled":true,"jetpack_shortlink":"https:\/\/wp.me\/paKIfm-SOC","_links":{"self":[{"href":"http:\/\/www.tvturk.com\/index.php\/wp-json\/wp\/v2\/posts\/210714","targetHints":{"allow":["GET"]}}],"collection":[{"href":"http:\/\/www.tvturk.com\/index.php\/wp-json\/wp\/v2\/posts"}],"about":[{"href":"http:\/\/www.tvturk.com\/index.php\/wp-json\/wp\/v2\/types\/post"}],"author":[{"embeddable":true,"href":"http:\/\/www.tvturk.com\/index.php\/wp-json\/wp\/v2\/users\/1"}],"replies":[{"embeddable":true,"href":"http:\/\/www.tvturk.com\/index.php\/wp-json\/wp\/v2\/comments?post=210714"}],"version-history":[{"count":0,"href":"http:\/\/www.tvturk.com\/index.php\/wp-json\/wp\/v2\/posts\/210714\/revisions"}],"wp:featuredmedia":[{"embeddable":true,"href":"http:\/\/www.tvturk.com\/index.php\/wp-json\/wp\/v2\/media\/210715"}],"wp:attachment":[{"href":"http:\/\/www.tvturk.com\/index.php\/wp-json\/wp\/v2\/media?parent=210714"}],"wp:term":[{"taxonomy":"category","embeddable":true,"href":"http:\/\/www.tvturk.com\/index.php\/wp-json\/wp\/v2\/categories?post=210714"},{"taxonomy":"post_tag","embeddable":true,"href":"http:\/\/www.tvturk.com\/index.php\/wp-json\/wp\/v2\/tags?post=210714"}],"curies":[{"name":"wp","href":"https:\/\/api.w.org\/{rel}","templated":true}]}}