{"id":210758,"date":"2019-10-03T11:46:54","date_gmt":"2019-10-03T08:46:54","guid":{"rendered":"http:\/\/www.tvturk.com\/index.php\/bu-elmalarin-geliri-ogrencilere-burs-olacak\/"},"modified":"2019-10-03T11:46:54","modified_gmt":"2019-10-03T08:46:54","slug":"bu-elmalarin-geliri-ogrencilere-burs-olacak","status":"publish","type":"post","link":"http:\/\/www.tvturk.com\/index.php\/bu-elmalarin-geliri-ogrencilere-burs-olacak\/","title":{"rendered":"Bu elmalar\u0131n geliri \u00f6\u011frencilere burs olacak"},"content":{"rendered":"<p>Sivas\u2019ta bir hay\u0131rsever taraf\u0131ndan ba\u011f\u0131\u015flanan elma bah\u00e7esinden elde dilecek olan gelir, \u00fcniversite \u00f6\u011frencilerine burs olacak.<\/p>\n<p>Divri\u011fi il\u00e7esinde bulunan yakla\u015f\u0131k 37 d\u00f6n\u00fcml\u00fck elma bah\u00e7esi bir hay\u0131rsever taraf\u0131ndan \u00f6\u011frencilere burs olarak de\u011ferlendirilmek \u00fczere ba\u011f\u0131\u015fland\u0131. \u0130smini vermek istemeyen hay\u0131rsever taraf\u0131ndan Divri\u011fi K\u00fclt\u00fcr Derne\u011fine ba\u011f\u0131\u015flanan 37 d\u00f6n\u00fcml\u00fck elma bah\u00e7esindeki elmalar, \u0130stanbul\u2019dan gelecek olan dernek \u00fcyeleri, Divri\u011fili vatanda\u015flar ve \u00f6\u011frenciler taraf\u0131ndan 4 ekim g\u00fcn\u00fc el birli\u011fi ile toplanacak. Yakla\u015f\u0131k 50 ton elma toplanmas\u0131 beklenen bah\u00e7eden elde edilecek olan gelir ise yakla\u015f\u0131k 20 Divri\u011fili \u00fcniversite \u00f6\u011frencisine burs olarak verilecek.<\/p>\n<p>50 ton elma burs olacak<\/p>\n<p>Divri\u011fi K\u00fclt\u00fcr Derne\u011fi Ba\u015fkan\u0131 Cafer Y\u0131ld\u0131z, bu projeden yakla\u015f\u0131k 20 \u00f6\u011frencinin burs alaca\u011f\u0131n\u0131 ifade ederek, \u201c Biz Divri\u011fili \u00fcniversite \u00f6\u011frencilerine her y\u0131l burs veriyoruz. Bu bursu da Divri\u011fili hay\u0131r sever \u00fcyelerimiz ve hem\u015ferilerimiz veriyor. Ge\u00e7en sene y\u00f6remizde \u00fcretilen nohutlar\u0131 \u00f6\u011frenci bursu yarar\u0131na satarak burs sa\u011flad\u0131k. Bu senede bir hem\u015ferimiz 37 d\u00f6n\u00fcml\u00fck  bir elma bah\u00e7esindeki  yakla\u015f\u0131k 50 tonluk bir elmay\u0131 burs projesinde kullanmam\u0131z i\u00e7in bize ba\u011f\u0131\u015flad\u0131. Bizde Sivas\u2019a geldik. Yar\u0131n otob\u00fcsle de \u0130stanbul\u2019dan gen\u00e7lerimiz, \u00f6\u011frencilerimiz ve \u00fcyelerimiz gelecekler. \u00dc\u00e7 g\u00fcn i\u00e7erisinde 4-5-6 Ekim tarihlerinde bu elmalar\u0131 toplayaca\u011f\u0131z. Bir k\u0131sm\u0131n\u0131 meyve suyu fabrikas\u0131na bir k\u0131sm\u0131n\u0131 elma kurusu \u015feklinde d\u00f6n\u00fc\u015ft\u00fcrece\u011fiz. Bir k\u0131sm\u0131nda \u0130stanbul\u2019da  burs projesine destek olacak \u00fcyelerimize g\u00f6nderece\u011fiz. Bu projeden yakla\u015f\u0131k 20 \u00f6\u011frencinin bursunu sa\u011flamay\u0131 d\u00fc\u015f\u00fcn\u00fcyoruz\u201d dedi.<\/p>\n","protected":false},"excerpt":{"rendered":"<p>S\u0130VAS\u2019TA B\u0130R HAYIRSEVER TARAFINDAN BA\u011eI\u015eLANAN ELMA BAH\u00c7ES\u0130NDEN ELDE D\u0130LECEK OLAN GEL\u0130R \u00dcN\u0130VERS\u0130TE \u00d6\u011eRENC\u0130LER\u0130NE BURS OLACAK.<\/p>\n","protected":false},"author":1,"featured_media":210759,"comment_status":"closed","ping_status":"open","sticky":false,"template":"","format":"standard","meta":{"jetpack_post_was_ever_published":false,"_jetpack_newsletter_access":"","_jetpack_dont_email_post_to_subs":false,"_jetpack_newsletter_tier_id":0,"_jetpack_memberships_contains_paywalled_content":false,"_jetpack_memberships_contains_paid_content":false,"footnotes":"","jetpack_publicize_message":"","jetpack_publicize_feature_enabled":true,"jetpack_social_post_already_shared":true,"jetpack_social_options":{"image_generator_settings":{"template":"highway","default_image_id":0,"font":"","enabled":false},"version":2}},"categories":[1],"tags":[11765,53263,11955,2208,1189],"class_list":["post-210758","post","type-post","status-publish","format-standard","has-post-thumbnail","hentry","category-genel","tag-burs","tag-elmalarin","tag-geliri","tag-ogrencilere","tag-olacak"],"jetpack_publicize_connections":[],"jetpack_featured_media_url":"https:\/\/i0.wp.com\/www.tvturk.com\/wp-content\/uploads\/2019\/10\/bu-elmalarin-geliri-ogrencilere-burs-olacak_babae15.jpg?fit=1000%2C562","jetpack_sharing_enabled":true,"jetpack_shortlink":"https:\/\/wp.me\/paKIfm-SPk","_links":{"self":[{"href":"http:\/\/www.tvturk.com\/index.php\/wp-json\/wp\/v2\/posts\/210758","targetHints":{"allow":["GET"]}}],"collection":[{"href":"http:\/\/www.tvturk.com\/index.php\/wp-json\/wp\/v2\/posts"}],"about":[{"href":"http:\/\/www.tvturk.com\/index.php\/wp-json\/wp\/v2\/types\/post"}],"author":[{"embeddable":true,"href":"http:\/\/www.tvturk.com\/index.php\/wp-json\/wp\/v2\/users\/1"}],"replies":[{"embeddable":true,"href":"http:\/\/www.tvturk.com\/index.php\/wp-json\/wp\/v2\/comments?post=210758"}],"version-history":[{"count":0,"href":"http:\/\/www.tvturk.com\/index.php\/wp-json\/wp\/v2\/posts\/210758\/revisions"}],"wp:featuredmedia":[{"embeddable":true,"href":"http:\/\/www.tvturk.com\/index.php\/wp-json\/wp\/v2\/media\/210759"}],"wp:attachment":[{"href":"http:\/\/www.tvturk.com\/index.php\/wp-json\/wp\/v2\/media?parent=210758"}],"wp:term":[{"taxonomy":"category","embeddable":true,"href":"http:\/\/www.tvturk.com\/index.php\/wp-json\/wp\/v2\/categories?post=210758"},{"taxonomy":"post_tag","embeddable":true,"href":"http:\/\/www.tvturk.com\/index.php\/wp-json\/wp\/v2\/tags?post=210758"}],"curies":[{"name":"wp","href":"https:\/\/api.w.org\/{rel}","templated":true}]}}