{"id":210887,"date":"2019-10-03T14:16:51","date_gmt":"2019-10-03T11:16:51","guid":{"rendered":"http:\/\/www.tvturk.com\/index.php\/ataturk-universitesinde-asiklar-kursusu-kuruluyor\/"},"modified":"2019-10-03T14:16:51","modified_gmt":"2019-10-03T11:16:51","slug":"ataturk-universitesinde-asiklar-kursusu-kuruluyor","status":"publish","type":"post","link":"http:\/\/www.tvturk.com\/index.php\/ataturk-universitesinde-asiklar-kursusu-kuruluyor\/","title":{"rendered":"Atat\u00fcrk \u00dcniversitesinde A\u015f\u0131klar K\u00fcrs\u00fcs\u00fc kuruluyor"},"content":{"rendered":"<p>Atat\u00fcrk \u00dcniversitesi K\u00fclt\u00fcr Merkezi\u2019nde, a\u015f\u0131kl\u0131k gelene\u011finin g\u00fcncel durumu ile ilgili isti\u015fare toplant\u0131s\u0131 d\u00fczenlendi. Toplant\u0131da, Atat\u00fcrk \u00dcniversitesinde A\u015f\u0131klar K\u00fcrs\u00fcs\u00fc kurulmas\u0131 \u00f6nerisi konu\u015fuldu.<\/p>\n<p>A\u015f\u0131kl\u0131k gelene\u011finde iyi olan yerleri g\u00f6rmek, eksik olan yerleri not etmek ve bunlar\u0131 hem devlete hem de uluslararas\u0131 topluma, T\u00fcrkiye\u2019nin deneyimlerini aktarmak amac\u0131yla akademisyenlerin bir araya geldi\u011fi toplant\u0131da Erzurum B\u00fcy\u00fck\u015fehir Belediye Ba\u015fkan\u0131 Mehmet Sekmen, a\u015f\u0131kl\u0131k gelene\u011fini gelecek ku\u015faklara aktarabilmek amac\u0131yla a\u015f\u0131kl\u0131k gelene\u011finin temsilcilerine sanat\u00e7\u0131 unvan\u0131 verilece\u011fini ve Erzurum Kalesi\u2019nde yap\u0131lan tarihi bir binan\u0131n a\u015f\u0131k temsilcilerine tahsis edilece\u011fini a\u00e7\u0131klad\u0131.<\/p>\n<p>\u2018UNESCO T\u00fcrkiye Milli Komisyonu\u2019nun 70. y\u0131l d\u00f6n\u00fcm\u00fc ve a\u015f\u0131kl\u0131k gelene\u011fini \u2018UNESCO \u0130nsanl\u0131\u011f\u0131n Somut Olmayan K\u00fclt\u00fcrel Miras\u0131 Temsili Listesi\u2019ne kayd\u0131n\u0131n 10. y\u0131l\u0131 sebebiyle d\u00fczenlenen isti\u015fare toplant\u0131s\u0131nda Erzurum tarihi miras\u0131, sanata ve sanat\u00e7\u0131ya verilen de\u011fer konu\u015fuldu.<\/p>\n<p>Programda, a\u015f\u0131kl\u0131k gelene\u011fini koruma ve aktarmada son 10 y\u0131l\u0131 de\u011ferlendiren UNESCO T\u00fcrkiye Milli Komisyon Ba\u015fkan\u0131 Prof. Dr. M. \u00d6cal O\u011fuz, K\u00fclt\u00fcr ve Turizm Bakanl\u0131\u011f\u0131 Ara\u015ft\u0131rma ve E\u011fitim Genel M\u00fcd\u00fcr\u00fc Okan \u0130bi\u015f, Erzurum Teknik \u00dcniversitesi Rekt\u00f6r\u00fc Prof. Dr. B\u00fclent \u00c7akmak, Atat\u00fcrk \u00dcniversitesi Rekt\u00f6r\u00fc Prof. Dr. \u00d6mer \u00c7omakl\u0131, Erzurum B\u00fcy\u00fck\u015fehir Belediye Ba\u015fkan\u0131 Mehmet Sekmen ve Erzurum Valisi Okay Memi\u015f, konu ile ilgili de\u011ferleri payla\u015ft\u0131.<\/p>\n<p>\u201cT\u00fcrkmenistan\u2019\u0131n kayd\u0131 bizim kayd\u0131m\u0131zd\u0131r\u201d<\/p>\n<p>Erzurum\u2019da ve Atat\u00fcrk \u00dcniversitesinde misafir olmaktan b\u00fcy\u00fck mutluluk duydu\u011funu s\u00f6yleyerek konu\u015fmas\u0131na ba\u015flayan Prof. Dr. M. \u00d6cal O\u011fuz, &#8220;Somut olmayan k\u00fclt\u00fcrel miras\u0131n payda\u015flar\u0131y\u0131z. Burada bir dostlar bulu\u015fmas\u0131 d\u00fczenlemek bizi \u00e7ok heyecanland\u0131r\u0131yor. \u0130sti\u015fare toplant\u0131s\u0131 i\u00e7in Erzurum\u2019un se\u00e7ilmi\u015f olmas\u0131, \u015eehrin tarihi hikayesinden ve derinli\u011finden geliyor. Atat\u00fcrk \u00dcniversitesi, a\u015f\u0131kl\u0131k gelene\u011finin ara\u015ft\u0131r\u0131lmas\u0131 ve tespiti a\u00e7\u0131s\u0131ndan bir \u00e7ok de\u011fer yeti\u015ftirmi\u015ftir. A\u015f\u0131k denilince ak\u0131llara mutlaka Erzurumlu Emrah gelir. \u00c7ok de\u011ferli bir isim olan Mehmet Kaplan\u2019\u0131 anmamak olmaz, arkada\u015flar\u0131yla birlikte Beh\u00e7et Mahir\u2019i dinleyerek yapt\u0131\u011f\u0131 \u00e7al\u0131\u015fmalar\u0131yla, K\u00f6ro\u011flu\u2019nun b\u00fct\u00fcn d\u00fcnyaya yans\u0131mas\u0131na vesile oldular. T\u00fcrkmenistan birka\u00e7 y\u0131l evvel UNESCO\u2019nun Somut Olmayan K\u00fclt\u00fcrel Miras Temsili Listesine, K\u00f6ro\u011flu\u2019nu kaydettirdi. T\u00fcrkmenistan\u2019\u0131n kayd\u0131 bizim kayd\u0131m\u0131zd\u0131r&#8221; \u015feklinde konu\u015ftu.<\/p>\n<p>\u201cErzurum\u2019un UNESCO karnesi pek parlak de\u011fil\u201d<\/p>\n<p>\u00d6\u011frenen \u015fehirler program\u0131yla hayat boyu \u00f6\u011frenmeyi kendine \u015fiar edinmi\u015f bir \u015fehir olan Erzurum\u2019da UNESCO K\u00fcrs\u00fcs\u00fc kurulmas\u0131 gerekti\u011fini s\u00f6yleyen O\u011fuz, Erzurum\u2019un UNESCO karnesinin pek de parlak olmad\u0131\u011f\u0131n\u0131 dile getirdi. Ge\u00e7ti\u011fimiz g\u00fcnlerde \u0130stanbul depreminde ya\u015fanan korkuyla, ak\u0131llarda beliren sorulara de\u011finen O\u011fuz, \u201c10 y\u0131l \u00f6nce yap\u0131lm\u0131\u015f binalar\u0131n i\u00e7inde olmaktan korkuyoruz. Bir deprem an\u0131nda acaba bir \u015fey ba\u015f\u0131m\u0131za gelir mi diye, ancak atalar\u0131m\u0131z\u0131n yapm\u0131\u015f oldu\u011fu miraslar\u0131m\u0131zda \u015fahane bir \u015faheser var ve sapasa\u011flam ayakta duruyor ancak herhangi bir tarihimiz UNESCO listesinde yok. Bu toplant\u0131 bir fark\u0131ndal\u0131k olsun, UNESCO bizi dinlesin ve tarihimize, miras\u0131m\u0131za sahip \u00e7\u0131kal\u0131m\u201d ifadelerini kulland\u0131.<\/p>\n<p>Erzurum Teknik \u00dcniversitesi Rekt\u00f6r\u00fc B\u00fclent \u00c7akmak, a\u015f\u0131kl\u0131k gelene\u011finin \u00e7a\u011f\u0131n gerisinde kalmadan nas\u0131l ya\u015fanmas\u0131 gerekti\u011fini vurgulayarak, gelene\u011fin ya\u015fat\u0131larak nesillere aktar\u0131m\u0131 \u00e7abas\u0131 i\u00e7erisinde olduklar\u0131n\u0131 s\u00f6yledi. Atat\u00fcrk \u00dcniversitesi Rekt\u00f6r\u00fc \u00d6mer \u00c7omakl\u0131 ise a\u015f\u0131kl\u0131k gelene\u011finin Atat\u00fcrk \u00dcniversitesinde ders olarak okutuldu\u011funu, bu konu hakk\u0131nda bir\u00e7ok makale, tez ve kitaplar yay\u0131nlad\u0131klar\u0131n\u0131 dile getirdi.<\/p>\n<p>\u201cUNESCO\u2019ya neden kendimizden s\u00f6z ettirmeyelim, bizler hemen yan\u0131 ba\u015f\u0131m\u0131zda bir tarih bar\u0131nd\u0131r\u0131yoruz. Ha\u015fmetiyle ayakta duran bin y\u0131ll\u0131k eserleri g\u00f6zlerimizle g\u00f6r\u00fcyoruz\u201d ifadeleriyle konu\u015fmas\u0131na ba\u015flayan Erzurum B\u00fcy\u00fck\u015fehir Belediye Ba\u015fkan\u0131 Mehmet Sekmen s\u00f6zlerine \u015f\u00f6yle devam etti:<\/p>\n<p>\u201cBizim a\u015f\u0131klar\u0131m\u0131z neden devlet sanat\u00e7\u0131s\u0131 olmuyor? A\u015f\u0131klar k\u00fcrs\u00fcs\u00fc \u00f6nerisi \u00e7ok do\u011fru  bir tespit hemen bu \u00e7al\u0131\u015fmalara ba\u015flayaca\u011f\u0131z. A\u015f\u0131kl\u0131k gelene\u011fini gelecek ku\u015faklara aktarabilmek amac\u0131yla, a\u015f\u0131kl\u0131k gelene\u011finin temsilcilerine sanat\u00e7\u0131 unvan\u0131 almalar\u0131 gerek. Erzurum Kalesi\u2019nde yap\u0131lan tarihi bir binay\u0131 da a\u015f\u0131k temsilcilerimize tahsis edelim. A\u015f\u0131kl\u0131k gelene\u011fini ya\u015fay\u0131p ya\u015fataca\u011f\u0131z.&#8221;<\/p>\n<p>26. D\u00f6nem Milletvekili Ruhi Ersoy, toplant\u0131da bulunan a\u015f\u0131klara ve gazilere ithafen, \u201cYa\u015fayan Dede Korkut\u2019lar\u0131 burada g\u00f6rmek beni ziyadesiyle mutlu ediyor. Biz meseleye yakla\u015f\u0131rken dinamik ve gelece\u011fe mesajlar veren k\u00fclt\u00fcr ile hareket ettik. Erzurumlu Emrah, Karacao\u011flanlar  biliniyorsa bunun \u00fczerinden K\u0131ra\u00e7\u2019lar, Cem Karaca\u2019lar ve Bar\u0131\u015f Man\u00e7o\u2019lar do\u011fabilir. Tarihimizi iyi okumal\u0131y\u0131z. K\u00fclt\u00fcr, sanat, edebiyatta ba\u015far\u0131l\u0131 olmak i\u00e7in hepimize sorumluluklar d\u00fc\u015f\u00fcyor\u201d diye konu\u015ftu.<\/p>\n<p>Erzurum Valisi Okay Memi\u015f ise Erzurum\u2019da sanata dair \u00e7ok de\u011ferli ve nadir ustalar oldu\u011fundan bahsetti. Erzurum\u2019un Sultanahmet Meydan\u0131 gibi olan ve kent meydan\u0131nda bulunan tarihi eserlere b\u00fcy\u00fck \u00f6nem verdiklerini s\u00f6yledi.<\/p>\n","protected":false},"excerpt":{"rendered":"<p>ATAT\u00dcRK \u00dcN\u0130VERS\u0130TES\u0130 K\u00dcLT\u00dcR MERKEZ\u0130\u2019NDE, A\u015eIKLIK GELENE\u011e\u0130N\u0130N G\u00dcNCEL DURUMU \u0130LE \u0130LG\u0130L\u0130 \u0130ST\u0130\u015eARE TOPLANTISI D\u00dcZENLEND\u0130. TOPLANTIDA, ATAT\u00dcRK \u00dcN\u0130VERS\u0130TES\u0130NDE A\u015eIKLAR K\u00dcRS\u00dcS\u00dc KURULMASI \u00d6NER\u0130S\u0130 KONU\u015eULDU.<\/p>\n","protected":false},"author":1,"featured_media":210888,"comment_status":"closed","ping_status":"open","sticky":false,"template":"","format":"standard","meta":{"jetpack_post_was_ever_published":false,"_jetpack_newsletter_access":"","_jetpack_dont_email_post_to_subs":false,"_jetpack_newsletter_tier_id":0,"_jetpack_memberships_contains_paywalled_content":false,"_jetpack_memberships_contains_paid_content":false,"footnotes":"","jetpack_publicize_message":"","jetpack_publicize_feature_enabled":true,"jetpack_social_post_already_shared":true,"jetpack_social_options":{"image_generator_settings":{"template":"highway","default_image_id":0,"font":"","enabled":false},"version":2}},"categories":[1],"tags":[22018,381,53295,7246,1889],"class_list":["post-210887","post","type-post","status-publish","format-standard","has-post-thumbnail","hentry","category-genel","tag-asiklar","tag-ataturk","tag-kursusu","tag-kuruluyor","tag-universitesinde"],"jetpack_publicize_connections":[],"jetpack_featured_media_url":"https:\/\/i0.wp.com\/www.tvturk.com\/wp-content\/uploads\/2019\/10\/ataturk-universitesinde-asiklar-kursusu-kuruluyor_6d850c8.jpg?fit=1000%2C666","jetpack_sharing_enabled":true,"jetpack_shortlink":"https:\/\/wp.me\/paKIfm-SRp","_links":{"self":[{"href":"http:\/\/www.tvturk.com\/index.php\/wp-json\/wp\/v2\/posts\/210887","targetHints":{"allow":["GET"]}}],"collection":[{"href":"http:\/\/www.tvturk.com\/index.php\/wp-json\/wp\/v2\/posts"}],"about":[{"href":"http:\/\/www.tvturk.com\/index.php\/wp-json\/wp\/v2\/types\/post"}],"author":[{"embeddable":true,"href":"http:\/\/www.tvturk.com\/index.php\/wp-json\/wp\/v2\/users\/1"}],"replies":[{"embeddable":true,"href":"http:\/\/www.tvturk.com\/index.php\/wp-json\/wp\/v2\/comments?post=210887"}],"version-history":[{"count":0,"href":"http:\/\/www.tvturk.com\/index.php\/wp-json\/wp\/v2\/posts\/210887\/revisions"}],"wp:featuredmedia":[{"embeddable":true,"href":"http:\/\/www.tvturk.com\/index.php\/wp-json\/wp\/v2\/media\/210888"}],"wp:attachment":[{"href":"http:\/\/www.tvturk.com\/index.php\/wp-json\/wp\/v2\/media?parent=210887"}],"wp:term":[{"taxonomy":"category","embeddable":true,"href":"http:\/\/www.tvturk.com\/index.php\/wp-json\/wp\/v2\/categories?post=210887"},{"taxonomy":"post_tag","embeddable":true,"href":"http:\/\/www.tvturk.com\/index.php\/wp-json\/wp\/v2\/tags?post=210887"}],"curies":[{"name":"wp","href":"https:\/\/api.w.org\/{rel}","templated":true}]}}