{"id":210897,"date":"2019-10-03T14:31:47","date_gmt":"2019-10-03T11:31:47","guid":{"rendered":"http:\/\/www.tvturk.com\/index.php\/yeni-kombi-alacaklar-dikkat\/"},"modified":"2019-10-03T14:31:47","modified_gmt":"2019-10-03T11:31:47","slug":"yeni-kombi-alacaklar-dikkat","status":"publish","type":"post","link":"http:\/\/www.tvturk.com\/index.php\/yeni-kombi-alacaklar-dikkat\/","title":{"rendered":"Yeni kombi alacaklar dikkat"},"content":{"rendered":"<p>Sonbahar\u0131n iyiden iyiye kendini belli etti\u011fi mevsim ortas\u0131nda yava\u015f yava\u015f \u0131s\u0131nma y\u00f6ntemleri ve maliyetleri hesab\u0131 yap\u0131lmaya ba\u015fland\u0131. Is\u0131tma sekt\u00f6r\u00fcn\u00fcn \u00f6nemli oyuncusu Daikin, ne t\u00fcr kombilerin kullan\u0131lmas\u0131 gerekti\u011fi konusunda t\u00fcketicilere \u00f6nemli uyar\u0131larda bulundu.<\/p>\n<p>Havalar\u0131n so\u011fumas\u0131yla birlikte t\u00fcketicilerin \u0131s\u0131nmayla ilgili sorunlar\u0131 yak\u0131n zamanda ba\u015flayaca\u011f\u0131 g\u00f6r\u00fcl\u00fcyor. Is\u0131tma sekt\u00f6r\u00fcn\u00fcn \u00f6nemli oyuncusu Daikin T\u00fcrkiye\u2019nin CEO\u2019su Hasan \u00d6nder, kombi alacaklara ne t\u00fcr kombilerin kullan\u0131lmas\u0131 gerekti\u011fi konusunda uyar\u0131larda bulundu.<\/p>\n<p>T\u00fcrkiye\u2019de 21 Nisan 2018 y\u0131l\u0131nda y\u00fcr\u00fcrl\u00fc\u011fe giren Is\u0131tma Cihazlar\u0131 i\u00e7in Ekotasar\u0131m Gereklilikleri ve Enerji Etiketlemesi Tebli\u011fi\u2019ni hat\u0131rlatan \u00d6nder, yeni kombi alacaklara ve mevcut kullan\u0131c\u0131lara \u015fu tavsiyelerde bulundu: &#8220;AB \u00fclkelerinde 2015 y\u0131l\u0131ndan bu yana uygulanan ErP Direktifi kapsam\u0131nda, T\u00fcrkiye\u2019de de 2018 y\u0131l\u0131ndan beri Is\u0131tma Cihazlar\u0131 i\u00e7in Ekotasar\u0131m Gereklilikleri ve Enerji Etiketlemesi Tebli\u011fleri y\u00fcr\u00fcrl\u00fckte. Bu tebli\u011fler, kapasitesi 70 kW ve alt\u0131ndaki kombiler i\u00e7in sezonsal mahal \u0131s\u0131tma enerji verimlili\u011fi y\u00fczde 86\u2019n\u0131n alt\u0131na d\u00fc\u015femez diyor. Konvansiyonel kombiler bu verimlili\u011fi sa\u011flayam\u0131yor. Bu nedenle tebli\u011f tarihinden itibaren konvansiyonel kombilerin \u00fcretimi ve ithalat\u0131 yasakland\u0131. Ama yine de piyasada eskiden ithal edilmi\u015f ya da imal edilmi\u015f bu t\u00fcr cihazlar bulunuyor. Art\u0131k t\u00fcm pazar yo\u011fu\u015fmal\u0131 kombi ve kazan s\u0131n\u0131f\u0131na y\u00f6neliyor. Yo\u011fu\u015fma, at\u0131k gaz\u0131 yo\u011fu\u015fturan \u00f6zel bir \u0131s\u0131 e\u015fanj\u00f6r yap\u0131s\u0131 vas\u0131tas\u0131yla at\u0131k gaz \u0131s\u0131s\u0131ndan yararlanarak y\u00fczde 110\u2019a varan oranda verim de\u011feri elde edilebilen bir teknoloji. Bu y\u00fczden yak\u0131ttan y\u00fcksek oranda tasarruf sa\u011fl\u0131yor. Ayn\u0131 zamanda baca s\u0131cakl\u0131\u011f\u0131n\u0131 d\u00fc\u015f\u00fcrmesi nedeniyle emisyon de\u011ferlerinde de azalmalara sebep oluyor. Sistem bu y\u00fczden \u00e7evreci bir \u00f6zellik de ta\u015f\u0131yor&#8221; dedi.<\/p>\n<p>Kombi al\u0131rken nelere dikkat etmek gerekiyor?<\/p>\n<p>\u00d6nder, kombi al\u0131rken en \u00f6nemli dikkat edilmesi gereken noktalardan birisinin ihtiyac\u0131n\u0131za uygun \u00fcr\u00fcn hakk\u0131nda ara\u015ft\u0131rma yap\u0131lmas\u0131 oldu\u011funu belirterek, &#8220;Tavsiye edilen cihaz\u0131n \u0131s\u0131tma kapasitesinin eviniz i\u00e7in yeterli olup olmayaca\u011f\u0131n\u0131 \u00f6\u011frenin. Kombinizde mutlaka CE damgas\u0131 aray\u0131n. Sadece kombinizin al\u0131m maliyetini de\u011fil, t\u00fcketim bedeli ve servis maliyetini de g\u00f6z \u00f6n\u00fcnde bulundurun. Bilinen geni\u015f servis a\u011f\u0131 olan ve g\u00fc\u00e7l\u00fc firmalar\u0131n \u00fcr\u00fcnlerini tercih edin. Bir daireye kombi takmadan \u00f6nce mekan\u0131n \u0131s\u0131 kayb\u0131n\u0131n iyi hesaplanmas\u0131 gerekiyor. Dairenin b\u00fcy\u00fckl\u00fc\u011f\u00fc, d\u0131\u015f cepheye olan y\u00fczeyleri, pencere ve kap\u0131 \u00f6l\u00e7\u00fcleri, a\u00e7\u0131k kanat \u00f6l\u00e7\u00fcleri \u0131s\u0131 kayb\u0131n\u0131 belirleyen en \u00f6nemli fakt\u00f6rlerin ba\u015f\u0131nda geliyor. Aksi takdirde d\u00fc\u015f\u00fck ya da y\u00fcksek kapasiteli bir kombi size y\u00fcksek do\u011falgaz faturas\u0131 veya \u0131s\u0131nmayan bir ev ile geri d\u00f6nebilir&#8221; \u015feklinde konu\u015ftu.<\/p>\n<p>Kombinin ortalama \u0131s\u0131 ayar\u0131 ka\u00e7 derece olmal\u0131d\u0131r?<\/p>\n<p>Kombi \u0131s\u0131 ayar\u0131 binan\u0131n izolasyon yap\u0131s\u0131, dizayn \u00f6zellikleri, mevsimsel ge\u00e7i\u015fler ve tesisat t\u00fcrleri gibi unsurlara ba\u011fl\u0131 olarak de\u011fi\u015febildi\u011fini s\u00f6yleyen \u00d6nder, &#8220;Genelde radyat\u00f6rl\u00fc sistemlerde 40-80 derece aras\u0131nda bir s\u0131cakl\u0131k yeterli oluyor. Ancak kombinizin yo\u011fu\u015fma yapabilmesi i\u00e7in d\u00f6n\u00fc\u015f suyu s\u0131cakl\u0131\u011f\u0131n\u0131n 55 derecenin alt\u0131nda olmas\u0131 gerekti\u011fini unutmay\u0131n\u0131z. Kombi ve kalorifer tesisat\u0131nda \u00e7al\u0131\u015fma bas\u0131n\u00e7lar\u0131n\u0131n en az 1 ila 2 bar olmas\u0131na dikkat edilmesi gerekiyor. Oda termostatlar\u0131 evin \u0131s\u0131s\u0131n\u0131 daha hassas ayarlayabildi\u011fi i\u00e7in \u00f6zellikle kombili sistemlerde tavsiye ediliyor ve b\u00fcy\u00fck oranda ekonomi sa\u011fl\u0131yor&#8221; ifadelerini kulland\u0131.<\/p>\n<p>\u0130yi \u0131s\u0131n\u0131rken yak\u0131t tasarrufu yapabilir mi?<\/p>\n<p>Kombiyi sadece g\u00fcnd\u00fcz kullan\u0131m saatlerinde \u00e7al\u0131\u015ft\u0131rd\u0131\u011f\u0131n\u0131zda gece boyu so\u011fuyan bina blo\u011funun \u0131s\u0131nmas\u0131 olduk\u00e7a zaman al\u0131yor ve enerji t\u00fcketimi b\u00fcy\u00fck oranda artt\u0131\u011f\u0131n\u0131n alt\u0131n\u0131 \u00e7izen Daikin T\u00fcrkiye\u2019nin CEO\u2019su Hasan \u00d6nder, &#8220;Bu y\u00fczden binan\u0131n d\u0131\u015f hacminin so\u011fumamas\u0131 i\u00e7in geceleri d\u00fc\u015f\u00fck seviyede de olsa kombiyi \u00e7al\u0131\u015ft\u0131rmak gerekiyor. Kombiyi k\u0131sa s\u00fcreli kapat\u0131p-a\u00e7mak yak\u0131t sarfiyat\u0131n\u0131 artt\u0131ran bir y\u00f6ntem. \u00c7\u00fcnk\u00fc kombi, eski s\u0131cakl\u0131\u011f\u0131na ula\u015fmas\u0131 i\u00e7in daha fazla yak\u0131t harc\u0131yor. Bunun yerine s\u0131cakl\u0131\u011f\u0131 d\u00fc\u015f\u00fck seviyelerde tutmak daha fazla tasarruf sa\u011fl\u0131yor. Uzmanlar, yak\u0131t tasarrufu yapmak i\u00e7in radyat\u00f6rle birlikte termostatik vana kullanmay\u0131 \u00f6neriyor&#8221; dedi.<\/p>\n<p>&#8220;Kombi bak\u0131m\u0131n\u0131n sadece yetkili ki\u015filer taraf\u0131ndan yap\u0131lmal\u0131&#8221;<\/p>\n<p>Kombi bak\u0131m\u0131n\u0131n sadece yetkili ki\u015filer taraf\u0131ndan yap\u0131lmas\u0131n\u0131 \u015fiddetle \u00f6neren \u00d6nder, &#8220;Y\u0131lda bir kez yetkili servisi \u00e7a\u011f\u0131rarak bu bak\u0131mlar\u0131 yapt\u0131rmak m\u00fcmk\u00fcn. E\u011fer bir gaz ka\u00e7a\u011f\u0131ndan \u015f\u00fcphe eder ve da gaz kokusu duyarsan\u0131z, ilk i\u015f olarak kap\u0131 ve pencereyi a\u00e7\u0131p, ortam\u0131 havaland\u0131r\u0131n ve ana vanay\u0131 kapat\u0131n. Asla \u00e7akmak, kibrit ve benzeri \u015feyleri kullanmay\u0131n. Elektrik ekipmanlar\u0131n\u0131 a\u00e7\u0131p kapamay\u0131n veya fi\u015ften \u00e7ekmeyin. Ar\u0131zay\u0131 kendiniz gidermeye \u00e7al\u0131\u015fmay\u0131n; 187 Do\u011falgaz Acil hatt\u0131n\u0131 aray\u0131n. E\u011fer ula\u015famazsan\u0131z 110 \u0130tfaiye\u2019yi aray\u0131n&#8221;.<\/p>\n","protected":false},"excerpt":{"rendered":"<p>ISITMA SEKT\u00d6R\u00dcN\u00dcN \u00d6NEML\u0130 OYUNCUSU DA\u0130K\u0130N, NE T\u00dcR KOMB\u0130LER\u0130N KULLANILMASI GEREKT\u0130\u011e\u0130 KONUSUNDA T\u00dcKET\u0130C\u0130LERE \u00d6NEML\u0130 UYARILARDA BULUNDU.<\/p>\n","protected":false},"author":1,"featured_media":210898,"comment_status":"closed","ping_status":"open","sticky":false,"template":"","format":"standard","meta":{"jetpack_post_was_ever_published":false,"_jetpack_newsletter_access":"","_jetpack_dont_email_post_to_subs":false,"_jetpack_newsletter_tier_id":0,"_jetpack_memberships_contains_paywalled_content":false,"_jetpack_memberships_contains_paid_content":false,"footnotes":"","jetpack_publicize_message":"","jetpack_publicize_feature_enabled":true,"jetpack_social_post_already_shared":true,"jetpack_social_options":{"image_generator_settings":{"template":"highway","default_image_id":0,"font":"","enabled":false},"version":2}},"categories":[19],"tags":[32708,1440,9979,87],"class_list":["post-210897","post","type-post","status-publish","format-standard","has-post-thumbnail","hentry","category-ekonomi","tag-alacaklar","tag-dikkat","tag-kombi","tag-yeni"],"jetpack_publicize_connections":[],"jetpack_featured_media_url":"https:\/\/i0.wp.com\/www.tvturk.com\/wp-content\/uploads\/2019\/10\/yeni-kombi-alacaklar-dikkat_b220302.jpg?fit=800%2C600","jetpack_sharing_enabled":true,"jetpack_shortlink":"https:\/\/wp.me\/paKIfm-SRz","_links":{"self":[{"href":"http:\/\/www.tvturk.com\/index.php\/wp-json\/wp\/v2\/posts\/210897","targetHints":{"allow":["GET"]}}],"collection":[{"href":"http:\/\/www.tvturk.com\/index.php\/wp-json\/wp\/v2\/posts"}],"about":[{"href":"http:\/\/www.tvturk.com\/index.php\/wp-json\/wp\/v2\/types\/post"}],"author":[{"embeddable":true,"href":"http:\/\/www.tvturk.com\/index.php\/wp-json\/wp\/v2\/users\/1"}],"replies":[{"embeddable":true,"href":"http:\/\/www.tvturk.com\/index.php\/wp-json\/wp\/v2\/comments?post=210897"}],"version-history":[{"count":0,"href":"http:\/\/www.tvturk.com\/index.php\/wp-json\/wp\/v2\/posts\/210897\/revisions"}],"wp:featuredmedia":[{"embeddable":true,"href":"http:\/\/www.tvturk.com\/index.php\/wp-json\/wp\/v2\/media\/210898"}],"wp:attachment":[{"href":"http:\/\/www.tvturk.com\/index.php\/wp-json\/wp\/v2\/media?parent=210897"}],"wp:term":[{"taxonomy":"category","embeddable":true,"href":"http:\/\/www.tvturk.com\/index.php\/wp-json\/wp\/v2\/categories?post=210897"},{"taxonomy":"post_tag","embeddable":true,"href":"http:\/\/www.tvturk.com\/index.php\/wp-json\/wp\/v2\/tags?post=210897"}],"curies":[{"name":"wp","href":"https:\/\/api.w.org\/{rel}","templated":true}]}}