{"id":210985,"date":"2019-10-03T16:46:12","date_gmt":"2019-10-03T13:46:12","guid":{"rendered":"http:\/\/www.tvturk.com\/index.php\/paristeki-bicakli-saldirgan-polis-cikti-4-olu\/"},"modified":"2019-10-03T16:46:12","modified_gmt":"2019-10-03T13:46:12","slug":"paristeki-bicakli-saldirgan-polis-cikti-4-olu","status":"publish","type":"post","link":"http:\/\/www.tvturk.com\/index.php\/paristeki-bicakli-saldirgan-polis-cikti-4-olu\/","title":{"rendered":"Paris\u2019teki b\u0131\u00e7akl\u0131 sald\u0131rgan polis \u00e7\u0131kt\u0131: 4 \u00f6l\u00fc"},"content":{"rendered":"<p>Fransa\u2019n\u0131n ba\u015fkenti Paris\u2019te Emniyet M\u00fcd\u00fcrl\u00fc\u011f\u00fcnde b\u0131\u00e7akl\u0131 sald\u0131r\u0131 d\u00fczenleyen \u015fahs\u0131n polis memuru oldu\u011fu, sald\u0131r\u0131 sonucu 4 polisin ise \u00f6ld\u00fc\u011f\u00fc belirtildi.<\/p>\n<p>Fransa\u2019n\u0131n ba\u015fkenti Paris\u2019te Emniyet M\u00fcd\u00fcrl\u00fc\u011f\u00fcnde bir ki\u015fi b\u0131\u00e7akl\u0131 sald\u0131r\u0131 ger\u00e7ekle\u015ftirdi. Sald\u0131rgan\u0131n polis memuru oldu\u011fu belirtilirken, olayda yaralanan 4 polisin hayat\u0131n\u0131 kaybetti\u011fi \u00f6\u011frenildi.<\/p>\n<p>Bir kad\u0131n memuru hedef alan sald\u0131rgan\u0131n daha sonra yol \u00fczerinde 3 ayr\u0131 polis memurunu b\u0131\u00e7aklad\u0131\u011f\u0131 bildirildi. Sald\u0131rgan bir ba\u015fka polis taraf\u0131ndan \u00f6ld\u00fcr\u00fclerek etkisiz hale getirildi. Olay\u0131n ard\u0131ndan emniyet merkezinin bo\u015falt\u0131ld\u0131\u011f\u0131 belirtildi.<\/p>\n<p>Cumhurba\u015fkan\u0131 Emmanuel Macron, Ba\u015fbakan Edouard Philippe ve Fransa \u0130\u00e7i\u015fleri Bakan\u0131 Christophe Castaner\u2019in olay yerine gidece\u011fi \u00f6\u011frenildi.<\/p>\n","protected":false},"excerpt":{"rendered":"<p>FRANSA\u2019NIN BA\u015eKENT\u0130 PAR\u0130S\u2019TE EMN\u0130YET M\u00dcD\u00dcRL\u00dc\u011e\u00dcNDE BI\u00c7AKLI SALDIRI D\u00dcZENLEYEN \u015eAHSIN POL\u0130S MEMURU OLDU\u011eU, SALDIRI SONUCU 4 POL\u0130S\u0130N \u0130SE \u00d6LD\u00dc\u011e\u00dc BEL\u0130RT\u0130LD\u0130.<\/p>\n","protected":false},"author":1,"featured_media":210986,"comment_status":"closed","ping_status":"open","sticky":false,"template":"","format":"standard","meta":{"jetpack_post_was_ever_published":false,"_jetpack_newsletter_access":"","_jetpack_dont_email_post_to_subs":false,"_jetpack_newsletter_tier_id":0,"_jetpack_memberships_contains_paywalled_content":false,"_jetpack_memberships_contains_paid_content":false,"footnotes":"","jetpack_publicize_message":"","jetpack_publicize_feature_enabled":true,"jetpack_social_post_already_shared":true,"jetpack_social_options":{"image_generator_settings":{"template":"highway","default_image_id":0,"font":"","enabled":false},"version":2}},"categories":[10],"tags":[2136,1202,1664,41288,996,22830],"class_list":["post-210985","post","type-post","status-publish","format-standard","has-post-thumbnail","hentry","category-dunya","tag-bicakli","tag-cikti","tag-olu","tag-paristeki","tag-polis","tag-saldirgan"],"jetpack_publicize_connections":[],"jetpack_featured_media_url":"https:\/\/i0.wp.com\/www.tvturk.com\/wp-content\/uploads\/2019\/10\/paristeki-bicakli-saldirgan-polis-cikti-4-olu_916108f.jpg?fit=1000%2C666","jetpack_sharing_enabled":true,"jetpack_shortlink":"https:\/\/wp.me\/paKIfm-SSZ","_links":{"self":[{"href":"http:\/\/www.tvturk.com\/index.php\/wp-json\/wp\/v2\/posts\/210985","targetHints":{"allow":["GET"]}}],"collection":[{"href":"http:\/\/www.tvturk.com\/index.php\/wp-json\/wp\/v2\/posts"}],"about":[{"href":"http:\/\/www.tvturk.com\/index.php\/wp-json\/wp\/v2\/types\/post"}],"author":[{"embeddable":true,"href":"http:\/\/www.tvturk.com\/index.php\/wp-json\/wp\/v2\/users\/1"}],"replies":[{"embeddable":true,"href":"http:\/\/www.tvturk.com\/index.php\/wp-json\/wp\/v2\/comments?post=210985"}],"version-history":[{"count":0,"href":"http:\/\/www.tvturk.com\/index.php\/wp-json\/wp\/v2\/posts\/210985\/revisions"}],"wp:featuredmedia":[{"embeddable":true,"href":"http:\/\/www.tvturk.com\/index.php\/wp-json\/wp\/v2\/media\/210986"}],"wp:attachment":[{"href":"http:\/\/www.tvturk.com\/index.php\/wp-json\/wp\/v2\/media?parent=210985"}],"wp:term":[{"taxonomy":"category","embeddable":true,"href":"http:\/\/www.tvturk.com\/index.php\/wp-json\/wp\/v2\/categories?post=210985"},{"taxonomy":"post_tag","embeddable":true,"href":"http:\/\/www.tvturk.com\/index.php\/wp-json\/wp\/v2\/tags?post=210985"}],"curies":[{"name":"wp","href":"https:\/\/api.w.org\/{rel}","templated":true}]}}