{"id":210987,"date":"2019-10-03T16:46:41","date_gmt":"2019-10-03T13:46:41","guid":{"rendered":"http:\/\/www.tvturk.com\/index.php\/bakan-akar-abdli-mevkidasi-esper-ile-gorusecek\/"},"modified":"2019-10-03T16:46:41","modified_gmt":"2019-10-03T13:46:41","slug":"bakan-akar-abdli-mevkidasi-esper-ile-gorusecek","status":"publish","type":"post","link":"http:\/\/www.tvturk.com\/index.php\/bakan-akar-abdli-mevkidasi-esper-ile-gorusecek\/","title":{"rendered":"Bakan Akar, ABD\u2019li mevkida\u015f\u0131 Esper ile g\u00f6r\u00fc\u015fecek"},"content":{"rendered":"<p>Milli Savunma Bakan\u0131 Hulusi Akar, ABD Savunma Bakan\u0131 Mark Esper ile ak\u015fam saatlerinde bir telefon g\u00f6r\u00fc\u015fmesi ger\u00e7ekle\u015ftirece\u011fini a\u00e7\u0131klayarak, &#8220;Bir kez daha durumu de\u011ferlendirip, kar\u015f\u0131l\u0131kl\u0131 g\u00f6r\u00fc\u015f al\u0131\u015fveri\u015finde bulunaca\u011f\u0131z. Daha \u00f6nce de m\u00fcteaddit defalar ifade etti\u011fimiz \u00fczere, her ihtimale kar\u015f\u0131 haz\u0131rl\u0131klar\u0131m\u0131z\u0131 tamamlad\u0131k. Planlar\u0131m\u0131z haz\u0131r. Bunu herkes bilmeli&#8221; dedi.<\/p>\n<p>Milli Savunma Bakan\u0131 Hulusi Akar, 12. Hava Ula\u015ft\u0131rma Ana Jet \u00dcs Komutanl\u0131\u011f\u0131 hangar\u0131nda d\u00fczenlenen, A400M U\u00e7aklar\u0131 Bak\u0131m-Onar\u0131m-\u0130yile\u015ftirme (Retrofit) S\u00f6zle\u015fme \u0130mza T\u00f6reni\u2019nde konu\u015ftu. ABD ile y\u00fcr\u00fct\u00fclen G\u00fcvenli B\u00f6lge tesisine ili\u015fkin \u00e7al\u0131\u015fmalara da de\u011finen Akar, &#8220;G\u00fcvenli b\u00f6lgenin tesisi konusunda maalesef beklentilerimizin \u00e7ok gerisinde kald\u0131k. S\u0131n\u0131rlar\u0131m\u0131z\u0131n biti\u015fi\u011findeki s\u0131k\u0131nt\u0131y\u0131 m\u00fcttefiklerimizle \u00e7\u00f6zmek i\u00e7in her yolu sab\u0131rla deniyoruz. Ancak bu konudaki kararl\u0131l\u0131\u011f\u0131m\u0131z\u0131 da her seferinde a\u00e7\u0131k\u00e7a ifade ediyoruz. T\u00fcrkiye\u2019nin g\u00fcneyinde ter\u00f6r koridoru kurulmas\u0131na asla m\u00fcsaade etmeyece\u011fiz. Sab\u0131rla ve samimiyetle bar\u0131\u015f\u00e7\u0131l bir \u00e7\u00f6z\u00fcm i\u00e7in temaslar\u0131m\u0131z\u0131 s\u00fcrd\u00fcr\u00fcyoruz. Nitekim bug\u00fcn ak\u015fam saatlerinde ABD Savunma Bakan\u0131 Say\u0131n Esper ile bir telefon g\u00f6r\u00fc\u015fmemiz olacak. Bir kez daha durumu de\u011ferlendirip, kar\u015f\u0131l\u0131kl\u0131 g\u00f6r\u00fc\u015f al\u0131\u015fveri\u015finde bulunaca\u011f\u0131z. Daha \u00f6nce de m\u00fcteaddit defalar ifade etti\u011fimiz \u00fczere, her ihtimale kar\u015f\u0131 haz\u0131rl\u0131klar\u0131m\u0131z\u0131 tamamlad\u0131k. Planlar\u0131m\u0131z haz\u0131r. Bunu herkes bilmeli. G\u00f6r\u00fc\u015fmelere devam etmemiz, sorunu stratejik ortakl\u0131k, NATO\u2019da m\u00fcttefiklik ruhuna uygun bar\u0131\u015f\u00e7\u0131l y\u00f6ntemlerle \u00e7\u00f6zmek istememiz bir zafiyet, gerekti\u011finde planlar\u0131m\u0131z\u0131n haz\u0131r oldu\u011funu s\u00f6ylemek de bir tehdit olarak alg\u0131lanmamal\u0131d\u0131r&#8221; ifadelerini kulland\u0131.<\/p>\n","protected":false},"excerpt":{"rendered":"<p>M\u0130LL\u0130 SAVUNMA BAKANI HULUS\u0130 AKAR,  &#8220;B\u0130R KEZ DAHA DURUMU DE\u011eERLEND\u0130R\u0130P, KAR\u015eILIKLI G\u00d6R\u00dc\u015e ALI\u015eVER\u0130\u015e\u0130NDE BULUNACA\u011eIZ. DAHA \u00d6NCE DE M\u00dcTEADD\u0130T DEFALAR \u0130FADE ETT\u0130\u011e\u0130M\u0130Z \u00dcZERE, HER \u0130HT\u0130MALE KAR\u015eI HAZIRLIKLARIMIZI TAMAMLADIK. PLANLARIMIZ HAZIR. BUNU HERKES B\u0130LMEL\u0130&#8221; DED\u0130.<\/p>\n","protected":false},"author":1,"featured_media":210988,"comment_status":"closed","ping_status":"open","sticky":false,"template":"","format":"standard","meta":{"jetpack_post_was_ever_published":false,"_jetpack_newsletter_access":"","_jetpack_dont_email_post_to_subs":false,"_jetpack_newsletter_tier_id":0,"_jetpack_memberships_contains_paywalled_content":false,"_jetpack_memberships_contains_paid_content":false,"footnotes":"","jetpack_publicize_message":"","jetpack_publicize_feature_enabled":true,"jetpack_social_post_already_shared":true,"jetpack_social_options":{"image_generator_settings":{"template":"highway","default_image_id":0,"font":"","enabled":false},"version":2}},"categories":[1],"tags":[5736,11703,742,46327,11794,192,12542],"class_list":["post-210987","post","type-post","status-publish","format-standard","has-post-thumbnail","hentry","category-genel","tag-abdli","tag-akar","tag-bakan","tag-esper","tag-gorusecek","tag-ile","tag-mevkidasi"],"jetpack_publicize_connections":[],"jetpack_featured_media_url":"https:\/\/i0.wp.com\/www.tvturk.com\/wp-content\/uploads\/2019\/10\/bakan-akar-abdli-mevkidasi-esper-ile-gorusecek_a685d1a.jpg?fit=1000%2C666","jetpack_sharing_enabled":true,"jetpack_shortlink":"https:\/\/wp.me\/paKIfm-ST1","_links":{"self":[{"href":"http:\/\/www.tvturk.com\/index.php\/wp-json\/wp\/v2\/posts\/210987","targetHints":{"allow":["GET"]}}],"collection":[{"href":"http:\/\/www.tvturk.com\/index.php\/wp-json\/wp\/v2\/posts"}],"about":[{"href":"http:\/\/www.tvturk.com\/index.php\/wp-json\/wp\/v2\/types\/post"}],"author":[{"embeddable":true,"href":"http:\/\/www.tvturk.com\/index.php\/wp-json\/wp\/v2\/users\/1"}],"replies":[{"embeddable":true,"href":"http:\/\/www.tvturk.com\/index.php\/wp-json\/wp\/v2\/comments?post=210987"}],"version-history":[{"count":0,"href":"http:\/\/www.tvturk.com\/index.php\/wp-json\/wp\/v2\/posts\/210987\/revisions"}],"wp:featuredmedia":[{"embeddable":true,"href":"http:\/\/www.tvturk.com\/index.php\/wp-json\/wp\/v2\/media\/210988"}],"wp:attachment":[{"href":"http:\/\/www.tvturk.com\/index.php\/wp-json\/wp\/v2\/media?parent=210987"}],"wp:term":[{"taxonomy":"category","embeddable":true,"href":"http:\/\/www.tvturk.com\/index.php\/wp-json\/wp\/v2\/categories?post=210987"},{"taxonomy":"post_tag","embeddable":true,"href":"http:\/\/www.tvturk.com\/index.php\/wp-json\/wp\/v2\/tags?post=210987"}],"curies":[{"name":"wp","href":"https:\/\/api.w.org\/{rel}","templated":true}]}}