{"id":211053,"date":"2019-10-03T19:01:37","date_gmt":"2019-10-03T16:01:37","guid":{"rendered":"http:\/\/www.tvturk.com\/index.php\/fransa-icisleri-bakani-castaner-saldiri-yerini-ziyaret-etti\/"},"modified":"2019-10-03T19:01:37","modified_gmt":"2019-10-03T16:01:37","slug":"fransa-icisleri-bakani-castaner-saldiri-yerini-ziyaret-etti","status":"publish","type":"post","link":"http:\/\/www.tvturk.com\/index.php\/fransa-icisleri-bakani-castaner-saldiri-yerini-ziyaret-etti\/","title":{"rendered":"Fransa \u0130\u00e7i\u015fleri Bakan\u0131 Castaner, sald\u0131r\u0131 yerini ziyaret etti"},"content":{"rendered":"<p>Fransa \u0130\u00e7i\u015fleri Bakan\u0131 Christophe Castaner, 4 polisin hayat\u0131n\u0131 kaybetti\u011fi sald\u0131r\u0131n\u0131n ger\u00e7ekle\u015fti\u011fi Paris Emniyet M\u00fcd\u00fcrl\u00fc\u011f\u00fcn\u00fc ziyaret etti.<\/p>\n<p>Fransa\u2019n\u0131n ba\u015fkenti Paris\u2019teki Emniyet M\u00fcd\u00fcrl\u00fc\u011f\u00fcne d\u00fczenlenen ve 4 polisin \u00f6l\u00fcm\u00fcyle sonu\u00e7lanan sald\u0131r\u0131 sonras\u0131 Fransa \u0130\u00e7i\u015fleri Bakan\u0131 Christophe Castaner, olay yerini ziyaret etti. Castaner daha sonra sald\u0131r\u0131yla ilgili yetkililerden bilgi ald\u0131.<\/p>\n<p>Fransa\u2019n\u0131n ba\u015fkenti Paris\u2019te Emniyet M\u00fcd\u00fcrl\u00fc\u011f\u00fcne bir polis memuru taraf\u0131ndan d\u00fczenlenen b\u0131\u00e7akl\u0131 sald\u0131r\u0131da 3 erkek 1 de kad\u0131n polisin hayat\u0131n\u0131 kaybetti\u011fi a\u00e7\u0131klanm\u0131\u015ft\u0131. Emniyette \u00e7al\u0131\u015fan sald\u0131rgan\u0131n binaya girdikten sonra do\u011frudan ofisine gitti\u011fi, ofisinden ald\u0131\u011f\u0131 b\u0131\u00e7akla ayn\u0131 ofiste g\u00f6revli meslekta\u015flar\u0131na sald\u0131rmaya ba\u015flad\u0131\u011f\u0131 belirtilmi\u015fti. 1 kad\u0131n memuru hedef alan sald\u0131rgan\u0131n daha sonra yol \u00fczerinde 3 ayr\u0131 polis memurunu b\u0131\u00e7aklad\u0131\u011f\u0131 da aktar\u0131lm\u0131\u015ft\u0131.<\/p>\n","protected":false},"excerpt":{"rendered":"<p>FRANSA \u0130\u00c7\u0130\u015eLER\u0130 BAKANI CHR\u0130STOPHE CASTANER 4 POL\u0130S\u0130N HAYATINI KAYBETT\u0130\u011e\u0130 SALDIRININ GER\u00c7EKLE\u015eT\u0130\u011e\u0130 PAR\u0130S EMN\u0130YET M\u00dcD\u00dcRL\u00dc\u011e\u00dc\u2019N\u00dc Z\u0130YARET ETT\u0130.<\/p>\n","protected":false},"author":1,"featured_media":211054,"comment_status":"closed","ping_status":"open","sticky":false,"template":"","format":"standard","meta":{"jetpack_post_was_ever_published":false,"_jetpack_newsletter_access":"","_jetpack_dont_email_post_to_subs":false,"_jetpack_newsletter_tier_id":0,"_jetpack_memberships_contains_paywalled_content":false,"_jetpack_memberships_contains_paid_content":false,"footnotes":"","jetpack_publicize_message":"","jetpack_publicize_feature_enabled":true,"jetpack_social_post_already_shared":true,"jetpack_social_options":{"image_generator_settings":{"template":"highway","default_image_id":0,"font":"","enabled":false},"version":2}},"categories":[10],"tags":[933,29712,207,4545,1914,999,1469,150],"class_list":["post-211053","post","type-post","status-publish","format-standard","has-post-thumbnail","hentry","category-dunya","tag-bakani","tag-castaner","tag-etti","tag-fransa","tag-icisleri","tag-saldiri","tag-yerini","tag-ziyaret"],"jetpack_publicize_connections":[],"jetpack_featured_media_url":"https:\/\/i0.wp.com\/www.tvturk.com\/wp-content\/uploads\/2019\/10\/fransa-icisleri-bakani-castaner-saldiri-yerini-ziyaret-etti_6947467.jpg?fit=1000%2C665","jetpack_sharing_enabled":true,"jetpack_shortlink":"https:\/\/wp.me\/paKIfm-SU5","_links":{"self":[{"href":"http:\/\/www.tvturk.com\/index.php\/wp-json\/wp\/v2\/posts\/211053","targetHints":{"allow":["GET"]}}],"collection":[{"href":"http:\/\/www.tvturk.com\/index.php\/wp-json\/wp\/v2\/posts"}],"about":[{"href":"http:\/\/www.tvturk.com\/index.php\/wp-json\/wp\/v2\/types\/post"}],"author":[{"embeddable":true,"href":"http:\/\/www.tvturk.com\/index.php\/wp-json\/wp\/v2\/users\/1"}],"replies":[{"embeddable":true,"href":"http:\/\/www.tvturk.com\/index.php\/wp-json\/wp\/v2\/comments?post=211053"}],"version-history":[{"count":0,"href":"http:\/\/www.tvturk.com\/index.php\/wp-json\/wp\/v2\/posts\/211053\/revisions"}],"wp:featuredmedia":[{"embeddable":true,"href":"http:\/\/www.tvturk.com\/index.php\/wp-json\/wp\/v2\/media\/211054"}],"wp:attachment":[{"href":"http:\/\/www.tvturk.com\/index.php\/wp-json\/wp\/v2\/media?parent=211053"}],"wp:term":[{"taxonomy":"category","embeddable":true,"href":"http:\/\/www.tvturk.com\/index.php\/wp-json\/wp\/v2\/categories?post=211053"},{"taxonomy":"post_tag","embeddable":true,"href":"http:\/\/www.tvturk.com\/index.php\/wp-json\/wp\/v2\/tags?post=211053"}],"curies":[{"name":"wp","href":"https:\/\/api.w.org\/{rel}","templated":true}]}}