{"id":211105,"date":"2019-10-04T01:31:25","date_gmt":"2019-10-03T22:31:25","guid":{"rendered":"http:\/\/www.tvturk.com\/index.php\/ugurcan-cakir-gruptan-cikabilecegimize-inaniyorum\/"},"modified":"2019-10-04T01:31:25","modified_gmt":"2019-10-03T22:31:25","slug":"ugurcan-cakir-gruptan-cikabilecegimize-inaniyorum","status":"publish","type":"post","link":"http:\/\/www.tvturk.com\/index.php\/ugurcan-cakir-gruptan-cikabilecegimize-inaniyorum\/","title":{"rendered":"U\u011furcan \u00c7ak\u0131r: &#8220;Gruptan \u00e7\u0131kabilece\u011fimize inan\u0131yorum&#8221;"},"content":{"rendered":"<p>Trabzonspor\u2019un file bek\u00e7isi U\u011furcan \u00c7ak\u0131r, Basel kar\u015f\u0131s\u0131nda \u00e7ok iyi m\u00fccadele ettiklerini belirterek, gruptan \u00e7\u0131kabileceklerine inand\u0131\u011f\u0131n\u0131 s\u00f6yledi.<\/p>\n<p>UEFA Avrupa Ligi C Grubu ikinci haftas\u0131nda Trabzonspor, \u0130svi\u00e7re ekibi Basel\u2019i a\u011f\u0131rlad\u0131. M\u00fcsabaka 2-2 beraberlikle sonu\u00e7land\u0131. Ma\u00e7\u0131n ard\u0131ndan bas\u0131n mensuplar\u0131n\u0131n sorular\u0131n\u0131 yan\u0131tlayan U\u011furcan \u00c7ak\u0131r, &#8220;\u0130lk gol\u00fc yiyene kadar iyi oynam\u0131yorduk. Sonra oyunu dengeledik. \u00c7ok iyi m\u00fccadele ettik. Abd\u00fclkadir Parmak ile \u00e7ok iyi bir gol bulduk. Sonra \u00f6ne ge\u00e7tik. Tak\u0131m halinde \u00e7ok iyi m\u00fccadele ettik. Kazanmay\u0131 \u00e7ok istiyorduk. \u015eanss\u0131z bir gol yedik. Ama 2-2 oldu. K\u00f6t\u00fc oynamad\u0131k. Berabere bitse de umutlar\u0131m\u0131 s\u00fcrd\u00fcrece\u011fiz&#8221; dedi.<\/p>\n<p>&#8220;Zor bir gruba d\u00fc\u015ft\u00fck&#8221;<\/p>\n<p>Her ma\u00e7a galibiyet ile \u00e7\u0131kmak istediklerini kaydeden \u00c7ak\u0131r, &#8220;Her ma\u00e7tan 3 puanla ayr\u0131lmay\u0131 istiyoruz. Zor bir gruba d\u00fc\u015ft\u00fck. Ama bizim burada kalitemiz var. Gruptan \u00e7\u0131kabilece\u011fimize ben inan\u0131yorum. Belki 1 puan bizi gruptan \u00e7\u0131karacak. \u0130n\u015fallah \u00f6n\u00fcm\u00fczdeki ma\u00e7lar\u0131 kazan\u0131p gruptan \u00e7\u0131kmay\u0131 hedefliyoruz. Avrupa\u2019da ve ligde iddiam\u0131z\u0131 s\u00fcrd\u00fcrmek istiyoruz. \u00c7aykur Rizespor ma\u00e7\u0131na 3 puan parolas\u0131yla \u00e7\u0131kaca\u011f\u0131z. \u0130n\u015fallah Rize ma\u00e7\u0131ndan galibiyet ile ayr\u0131l\u0131r\u0131z&#8221; ifadelerini kulland\u0131.<\/p>\n","protected":false},"excerpt":{"rendered":"<p>TRABZONSPOR&#8217;UN F\u0130LE BEK\u00c7\u0130S\u0130 U\u011eURCAN \u00c7AKIR, \u00c7OK \u0130Y\u0130 M\u00dcCADELE ETT\u0130KLER\u0130N\u0130 BEL\u0130RTEREK, GRUPTAN \u00c7IKAB\u0130LECEKLER\u0130NE \u0130NANDI\u011eINI S\u00d6YLED\u0130.<\/p>\n","protected":false},"author":1,"featured_media":211106,"comment_status":"closed","ping_status":"open","sticky":false,"template":"","format":"standard","meta":{"jetpack_post_was_ever_published":false,"_jetpack_newsletter_access":"","_jetpack_dont_email_post_to_subs":false,"_jetpack_newsletter_tier_id":0,"_jetpack_memberships_contains_paywalled_content":false,"_jetpack_memberships_contains_paid_content":false,"footnotes":"","jetpack_publicize_message":"","jetpack_publicize_feature_enabled":true,"jetpack_social_post_already_shared":true,"jetpack_social_options":{"image_generator_settings":{"template":"highway","default_image_id":0,"font":"","enabled":false},"version":2}},"categories":[657],"tags":[368,53355,25907,28881,26033],"class_list":["post-211105","post","type-post","status-publish","format-standard","has-post-thumbnail","hentry","category-spor","tag-cakir","tag-cikabilecegimize","tag-gruptan","tag-inaniyorum","tag-ugurcan"],"jetpack_publicize_connections":[],"jetpack_featured_media_url":"https:\/\/i0.wp.com\/www.tvturk.com\/wp-content\/uploads\/2019\/10\/ugurcan-cakir-gruptan-cikabilecegimize-inaniyorum_b463472.jpg?fit=1000%2C562","jetpack_sharing_enabled":true,"jetpack_shortlink":"https:\/\/wp.me\/paKIfm-SUV","_links":{"self":[{"href":"http:\/\/www.tvturk.com\/index.php\/wp-json\/wp\/v2\/posts\/211105","targetHints":{"allow":["GET"]}}],"collection":[{"href":"http:\/\/www.tvturk.com\/index.php\/wp-json\/wp\/v2\/posts"}],"about":[{"href":"http:\/\/www.tvturk.com\/index.php\/wp-json\/wp\/v2\/types\/post"}],"author":[{"embeddable":true,"href":"http:\/\/www.tvturk.com\/index.php\/wp-json\/wp\/v2\/users\/1"}],"replies":[{"embeddable":true,"href":"http:\/\/www.tvturk.com\/index.php\/wp-json\/wp\/v2\/comments?post=211105"}],"version-history":[{"count":0,"href":"http:\/\/www.tvturk.com\/index.php\/wp-json\/wp\/v2\/posts\/211105\/revisions"}],"wp:featuredmedia":[{"embeddable":true,"href":"http:\/\/www.tvturk.com\/index.php\/wp-json\/wp\/v2\/media\/211106"}],"wp:attachment":[{"href":"http:\/\/www.tvturk.com\/index.php\/wp-json\/wp\/v2\/media?parent=211105"}],"wp:term":[{"taxonomy":"category","embeddable":true,"href":"http:\/\/www.tvturk.com\/index.php\/wp-json\/wp\/v2\/categories?post=211105"},{"taxonomy":"post_tag","embeddable":true,"href":"http:\/\/www.tvturk.com\/index.php\/wp-json\/wp\/v2\/tags?post=211105"}],"curies":[{"name":"wp","href":"https:\/\/api.w.org\/{rel}","templated":true}]}}