{"id":211121,"date":"2019-10-04T09:01:56","date_gmt":"2019-10-04T06:01:56","guid":{"rendered":"http:\/\/www.tvturk.com\/index.php\/mehmet-yigit-alp-avrupa-maceramiz-devam-ediyor\/"},"modified":"2019-10-04T09:01:56","modified_gmt":"2019-10-04T06:01:56","slug":"mehmet-yigit-alp-avrupa-maceramiz-devam-ediyor","status":"publish","type":"post","link":"http:\/\/www.tvturk.com\/index.php\/mehmet-yigit-alp-avrupa-maceramiz-devam-ediyor\/","title":{"rendered":"Mehmet Yigit Alp: &#8220;Avrupa maceram\u0131z devam ediyor&#8221;"},"content":{"rendered":"<p>Trabzonspor Kul\u00fcp Asba\u015fkan\u0131 Mehmet Yi\u011fit Alp, \u0130svi\u00e7re temsilcisi Basel ile 2-2 berabere kalmalar\u0131na ra\u011fmen grupta kaybettikleri bir \u015fey olmad\u0131\u011f\u0131n\u0131 belirterek, Avrupa maceralar\u0131n\u0131n devam etti\u011fini s\u00f6yledi.<\/p>\n<p>UEFA Avrupa Ligi C Grubu ikinci hafta ma\u00e7\u0131nda sahas\u0131nda \u0130svi\u00e7re temsilcisi Basel ile 2-2 berabere kalan Trabzonspor\u2019da Asba\u015fkan Mehmet Yi\u011fit Alp, kazanabilecekleri ma\u00e7tan beraberlikle ayr\u0131ld\u0131klar\u0131n\u0131 belirterek, &#8220;Teknik olarak hocam\u0131z de\u011ferlendirecektir. \u0130ki defa kalemize geldiler, pozisyonlar\u0131 yok. Gruptaki \u015fans\u0131m\u0131z devam ediyor. Rakiplerimiz Basel, Krasnodar ve Getafe\u2019yi bundan sonraki ma\u00e7larda yenebiliriz. Trabzonspor\u2019un grupla ilgili olarak kaybetti\u011fi bir \u015fey yok. Avrupa maceras\u0131 devam ediyor&#8221; dedi.<\/p>\n<p>Trabzonspor\u2019un Avrupa\u2019y\u0131 ikinci plana ald\u0131\u011f\u0131yla ilgili iddialar \u00fczerine ise Alp, &#8220;Hi\u00e7 \u00f6yle bir durum s\u00f6z konusu de\u011fil. \u0130kinci plana bir \u015feyleri itmi\u015f de\u011filiz. Elimizde iyi bir kadro var ve hocam\u0131z bu kadroyu en iyi \u015fekilde kullanmaya \u00e7al\u0131\u015f\u0131yor. Rotasyon yapt\u0131 ve elimizdeki oyuncular\u0131n haz\u0131r oldu\u011funu d\u00fc\u015f\u00fcn\u00fcp ona g\u00f6re oynat\u0131yor. Sahada rotasyondan kaynaklanan b\u00fcy\u00fck bir eksiklik g\u00f6rmedim&#8221; \u015feklinde konu\u015ftu.<\/p>\n<p>Be\u015fikta\u015f galibiyetini ta\u00e7land\u0131rmalar\u0131 i\u00e7in \u00c7aykur Rizespor deplasman\u0131ndan galibiyetle d\u00f6nmeleri gerekti\u011fini belirten Alp, s\u00f6zlerini \u015f\u00f6yle tamamlad\u0131:<\/p>\n<p>&#8220;\u00d6nemli bir lig ma\u00e7\u0131na \u00e7\u0131kaca\u011f\u0131z. \u0130n\u015fallah oradan iyi bir oyun ve skorla ayr\u0131larak milli araya iyi bir \u015fekilde gireriz. Taraftarlar\u0131m\u0131z bizi yaln\u0131z b\u0131rakm\u0131yor. Her zaman desteklerini g\u00f6r\u00fcyoruz. Yapt\u0131klar\u0131m\u0131z\u0131 \u00e7ok iyi anlad\u0131klar\u0131n\u0131 g\u00f6r\u00fcyoruz. Bizi hi\u00e7 yaln\u0131z b\u0131rakmad\u0131klar\u0131 desteklerini hi\u00e7 eksik etmedikleri i\u00e7in te\u015fekk\u00fcr ediyoruz.  Hem tak\u0131m\u0131n hem de bizim arkam\u0131zda duruyor taraftarlar\u0131m\u0131z. Cezal\u0131 trib\u00fcnler oldu\u011fu i\u00e7in ondan eksik g\u00f6r\u00fcn\u00fcyordu kale arkalar\u0131 yoksa yine doluydu stadyum.Gayet iyiler.&#8221;<\/p>\n","protected":false},"excerpt":{"rendered":"<p>TRABZONSPOR KUL\u00dcP ASBA\u015eKANI MEHMET Y\u0130\u011e\u0130T ALP, \u0130SV\u0130\u00c7RE TEMS\u0130LC\u0130S\u0130 BASEL \u0130LE 2-2 BERABERE KALMALARINA RA\u011eMEN GRUPTA KAYBETT\u0130KLER\u0130 B\u0130R \u015eEY OLMADI\u011eINI BEL\u0130RTEREK, AVRUPA MACERALARININ DEVAM ETT\u0130\u011e\u0130N\u0130 S\u00d6YLED\u0130.<\/p>\n","protected":false},"author":1,"featured_media":211122,"comment_status":"closed","ping_status":"open","sticky":false,"template":"","format":"standard","meta":{"jetpack_post_was_ever_published":false,"_jetpack_newsletter_access":"","_jetpack_dont_email_post_to_subs":false,"_jetpack_newsletter_tier_id":0,"_jetpack_memberships_contains_paywalled_content":false,"_jetpack_memberships_contains_paid_content":false,"footnotes":"","jetpack_publicize_message":"","jetpack_publicize_feature_enabled":true,"jetpack_social_post_already_shared":true,"jetpack_social_options":{"image_generator_settings":{"template":"highway","default_image_id":0,"font":"","enabled":false},"version":2}},"categories":[657],"tags":[5314,392,522,523,53363,2570,11360],"class_list":["post-211121","post","type-post","status-publish","format-standard","has-post-thumbnail","hentry","category-spor","tag-alp","tag-avrupa","tag-devam","tag-ediyor","tag-maceramiz","tag-mehmet","tag-yigit"],"jetpack_publicize_connections":[],"jetpack_featured_media_url":"https:\/\/i0.wp.com\/www.tvturk.com\/wp-content\/uploads\/2019\/10\/mehmet-yigit-alp-avrupa-maceramiz-devam-ediyor_2b1c7b2.jpg?fit=1000%2C562","jetpack_sharing_enabled":true,"jetpack_shortlink":"https:\/\/wp.me\/paKIfm-SVb","_links":{"self":[{"href":"http:\/\/www.tvturk.com\/index.php\/wp-json\/wp\/v2\/posts\/211121","targetHints":{"allow":["GET"]}}],"collection":[{"href":"http:\/\/www.tvturk.com\/index.php\/wp-json\/wp\/v2\/posts"}],"about":[{"href":"http:\/\/www.tvturk.com\/index.php\/wp-json\/wp\/v2\/types\/post"}],"author":[{"embeddable":true,"href":"http:\/\/www.tvturk.com\/index.php\/wp-json\/wp\/v2\/users\/1"}],"replies":[{"embeddable":true,"href":"http:\/\/www.tvturk.com\/index.php\/wp-json\/wp\/v2\/comments?post=211121"}],"version-history":[{"count":0,"href":"http:\/\/www.tvturk.com\/index.php\/wp-json\/wp\/v2\/posts\/211121\/revisions"}],"wp:featuredmedia":[{"embeddable":true,"href":"http:\/\/www.tvturk.com\/index.php\/wp-json\/wp\/v2\/media\/211122"}],"wp:attachment":[{"href":"http:\/\/www.tvturk.com\/index.php\/wp-json\/wp\/v2\/media?parent=211121"}],"wp:term":[{"taxonomy":"category","embeddable":true,"href":"http:\/\/www.tvturk.com\/index.php\/wp-json\/wp\/v2\/categories?post=211121"},{"taxonomy":"post_tag","embeddable":true,"href":"http:\/\/www.tvturk.com\/index.php\/wp-json\/wp\/v2\/tags?post=211121"}],"curies":[{"name":"wp","href":"https:\/\/api.w.org\/{rel}","templated":true}]}}