{"id":211177,"date":"2019-10-04T10:17:27","date_gmt":"2019-10-04T07:17:27","guid":{"rendered":"http:\/\/www.tvturk.com\/index.php\/baris-ayhan-sinop-dunya-pazarina-aciliyor\/"},"modified":"2019-10-04T10:17:27","modified_gmt":"2019-10-04T07:17:27","slug":"baris-ayhan-sinop-dunya-pazarina-aciliyor","status":"publish","type":"post","link":"http:\/\/www.tvturk.com\/index.php\/baris-ayhan-sinop-dunya-pazarina-aciliyor\/","title":{"rendered":"Bar\u0131\u015f Ayhan: \u201cSinop d\u00fcnya pazar\u0131na a\u00e7\u0131l\u0131yor\u201d"},"content":{"rendered":"<p>Sinop Belediyesi ile Tarih ve K\u00fclt\u00fcr Ara\u015ft\u0131rmalar\u0131 Derne\u011fi ortak \u00e7al\u0131\u015fmalar\u0131yla Sinop, d\u00fcnya pazar\u0131na a\u00e7\u0131lmay\u0131 hedefliyor.<\/p>\n<p>Belediye Ba\u015fkan\u0131 Bar\u0131\u015f Ayhan,  CHP Sinop Milletvekili Bar\u0131\u015f Karadeniz\u2019in de i\u00e7inde bulundu\u011fu heyet ile birlikte bir dizi g\u00f6r\u00fc\u015fme yapmak ve konferanslara kat\u0131lmak \u00fczere organize edilen ve dokuz g\u00fcn s\u00fcren Amerika seyahatine kat\u0131ld\u0131. Amerika\u2019n\u0131n New York ve Washington eyaletlerinde \u00e7e\u015fitli konferanslara ve toplant\u0131lara kat\u0131lan Ayhan, her ge\u00e7en g\u00fcn Sinop\u2019u daha iyi yerlere ta\u015f\u0131yacak giri\u015fimlerde bulunaca\u011f\u0131n\u0131 belirtti.<\/p>\n<p>Bar\u0131\u015f Ayhan yapt\u0131\u011f\u0131 a\u00e7\u0131klamada, \u201cMilletvekilimiz Bar\u0131\u015f Karadeniz, Belediye Ba\u015fkan Yard\u0131mc\u0131m\u0131z Ayd\u0131n Hakan S\u00f6nmez,  belediye meclis \u00fcyelerimiz, \u00e7ok de\u011ferli Tarih ve K\u00fclt\u00fcr Ara\u015ft\u0131rmalar\u0131 Derne\u011fi y\u00f6netimi ve i\u015f adamlar\u0131m\u0131zdan olu\u015fan 24 ki\u015filik heyetle New York ve Washington\u2019da organize edilen konferanslara kat\u0131lmak ve bir dizi g\u00f6r\u00fc\u015fmeler yapmak \u00fczere Amerika\u2019da ziyaretlerde bulunduk. Hi\u00e7 bir sponsor ya da kurum kayna\u011f\u0131 kullanmadan, tamamen g\u00f6n\u00fcll\u00fcl\u00fck esas\u0131yla bir araya gelen bu heyetin ortak hedefi g\u00fczel kentimiz Sinop. Memleketimizi daha iyi yerlerde g\u00f6rmek i\u00e7in, amac\u0131 Sinop olan herkesle el ele verip her ge\u00e7en g\u00fcn daha fazla \u00e7al\u0131\u015faca\u011f\u0131z&#8221; dedi.<\/p>\n<p>\u201cSinop\u2019ta tun\u00e7 \u00e7a\u011f\u0131na kadar uzanan bir tarih var\u201d<\/p>\n<p>Sinop\u2019un tarihsel dokusunun zenginli\u011fine de\u011finen Ayhan, d\u00fcnyada arkeologlar\u0131n Sinop\u2019a verdi\u011fi \u00f6nemi belirterek, \u201c\u00dclkemizde \u00e7o\u011fu yerde Bizans, Roma, Osmanl\u0131 kal\u0131nt\u0131lar\u0131 bulunurken, Sinop\u2019ta ilk kolonistlerin, ilk yerle\u015fimci halk\u0131n kal\u0131nt\u0131lar\u0131 g\u00fcn y\u00fcz\u00fcne \u00e7\u0131k\u0131yor. Bu sebeple Sinop, arkeologlar\u0131n ve ara\u015ft\u0131rmac\u0131lar\u0131n ilgisini \u00e7ekiyor. Ge\u00e7ti\u011fimiz y\u0131l Chicago\u2019daki Uluslararas\u0131 D\u00fcnya\u2019n\u0131n zirve Arkeoloji konferans\u0131nda Efes, G\u00f6bekli Tepe ve \u00c7atalh\u00f6y\u00fck\u2019ten sonra Sinop konu\u015fuldu. Sinop\u2019ta uluslararas\u0131 kaz\u0131 alan\u0131 var ve bu alan belediyemize ait, bizim amac\u0131m\u0131z belediyemizin de bu \u00f6nemli kaz\u0131da payda\u015f olmas\u0131d\u0131r. Daha \u00f6nceden jeolojik ve sismik \u00e7al\u0131\u015fmalar\u0131 ger\u00e7ekle\u015ftirildi\u011fi i\u00e7in noktasal \u015fekilde kal\u0131nt\u0131lar\u0131n yeri biliniyor. \u00d6yle bir miras ki Sinop\u2019ta Tun\u00e7 \u00c7a\u011f\u0131\u2019na kadar uzanan bir tarihi konu\u015fuyoruz. Amerika ziyaretimizde de Sinop\u2019a \u00e7a\u011f atlatacak ve kaderini de\u011fi\u015ftirecek bu uluslararas\u0131 kaz\u0131n\u0131n devam\u0131n\u0131 sa\u011flayacak giri\u015fimlerde bulunduk. \u0130lk olarak New York\u2019ta Prof Owen Doonan ve Prof Alexander Bauer ile Tarih ve K\u00fclt\u00fcr Ara\u015ft\u0131rmalar\u0131 Derne\u011fi\u2019nin birlikte organize etti\u011fi Sinop History And Archaeology isimli panele kat\u0131ld\u0131k, daha sonra Washington\u2019da yine derne\u011fimiz, Owen Doonan ve yerle\u015fik Sinoplular ile birlikte organize edilen Sinop Tarih ve Arkeoloji Paneli\u2019ne kat\u0131l\u0131m sa\u011flad\u0131k. Bu paneller ve g\u00f6r\u00fc\u015fmeler sonucunda \u00f6zellikle Amerika\u2019da New York \u00dcniversitesi, Washington \u00dcniversitesi ile temasa ge\u00e7mek isteyen gen\u00e7lerimiz, ara\u015ft\u0131rma yapmak isteyen \u00f6\u011frencilerimiz i\u00e7in de bir at\u0131l\u0131m ger\u00e7ekle\u015ftirmi\u015f olduk\u201d ifadelerini kulland\u0131.<\/p>\n","protected":false},"excerpt":{"rendered":"<p>S\u0130NOPLU HEYET AMER\u0130KA&#8217;DA TOPLANTILARA KATILDI<\/p>\n","protected":false},"author":1,"featured_media":211178,"comment_status":"closed","ping_status":"open","sticky":false,"template":"","format":"standard","meta":{"jetpack_post_was_ever_published":false,"_jetpack_newsletter_access":"","_jetpack_dont_email_post_to_subs":false,"_jetpack_newsletter_tier_id":0,"_jetpack_memberships_contains_paywalled_content":false,"_jetpack_memberships_contains_paid_content":false,"footnotes":"","jetpack_publicize_message":"","jetpack_publicize_feature_enabled":true,"jetpack_social_post_already_shared":true,"jetpack_social_options":{"image_generator_settings":{"template":"highway","default_image_id":0,"font":"","enabled":false},"version":2}},"categories":[656],"tags":[349,3105,8174,4256,11609,4506],"class_list":["post-211177","post","type-post","status-publish","format-standard","has-post-thumbnail","hentry","category-kultur-sanat","tag-dunya","tag-aciliyor","tag-ayhan","tag-baris","tag-pazarina","tag-sinop"],"jetpack_publicize_connections":[],"jetpack_featured_media_url":"https:\/\/i0.wp.com\/www.tvturk.com\/wp-content\/uploads\/2019\/10\/baris-ayhan-sinop-dunya-pazarina-aciliyor_22549d1.jpg?fit=1000%2C750","jetpack_sharing_enabled":true,"jetpack_shortlink":"https:\/\/wp.me\/paKIfm-SW5","_links":{"self":[{"href":"http:\/\/www.tvturk.com\/index.php\/wp-json\/wp\/v2\/posts\/211177","targetHints":{"allow":["GET"]}}],"collection":[{"href":"http:\/\/www.tvturk.com\/index.php\/wp-json\/wp\/v2\/posts"}],"about":[{"href":"http:\/\/www.tvturk.com\/index.php\/wp-json\/wp\/v2\/types\/post"}],"author":[{"embeddable":true,"href":"http:\/\/www.tvturk.com\/index.php\/wp-json\/wp\/v2\/users\/1"}],"replies":[{"embeddable":true,"href":"http:\/\/www.tvturk.com\/index.php\/wp-json\/wp\/v2\/comments?post=211177"}],"version-history":[{"count":0,"href":"http:\/\/www.tvturk.com\/index.php\/wp-json\/wp\/v2\/posts\/211177\/revisions"}],"wp:featuredmedia":[{"embeddable":true,"href":"http:\/\/www.tvturk.com\/index.php\/wp-json\/wp\/v2\/media\/211178"}],"wp:attachment":[{"href":"http:\/\/www.tvturk.com\/index.php\/wp-json\/wp\/v2\/media?parent=211177"}],"wp:term":[{"taxonomy":"category","embeddable":true,"href":"http:\/\/www.tvturk.com\/index.php\/wp-json\/wp\/v2\/categories?post=211177"},{"taxonomy":"post_tag","embeddable":true,"href":"http:\/\/www.tvturk.com\/index.php\/wp-json\/wp\/v2\/tags?post=211177"}],"curies":[{"name":"wp","href":"https:\/\/api.w.org\/{rel}","templated":true}]}}