{"id":211185,"date":"2019-10-04T10:31:32","date_gmt":"2019-10-04T07:31:32","guid":{"rendered":"http:\/\/www.tvturk.com\/index.php\/mitag-tayfununda-olu-sayisi-10a-yukseldi\/"},"modified":"2019-10-04T10:31:32","modified_gmt":"2019-10-04T07:31:32","slug":"mitag-tayfununda-olu-sayisi-10a-yukseldi","status":"publish","type":"post","link":"http:\/\/www.tvturk.com\/index.php\/mitag-tayfununda-olu-sayisi-10a-yukseldi\/","title":{"rendered":"Mitag tayfununda \u00f6l\u00fc say\u0131s\u0131 10\u2019a y\u00fckseldi"},"content":{"rendered":"<p>G\u00fcney Kore\u2019yi etkisi alt\u0131na alan Mitag tayfununda hayat\u0131n\u0131 kaybedenlerin say\u0131s\u0131 10\u2019a y\u00fckseldi.<\/p>\n<p>G\u00fcney Kore\u2019yi getirdi\u011fi \u015fiddetli ya\u011f\u0131\u015f ve g\u00fc\u00e7l\u00fc r\u00fczgarlarla d\u00fcn etkisi alt\u0131na Mitag tayfununun yol a\u00e7t\u0131\u011f\u0131 afet ve kazalarda hayat\u0131n\u0131 kaybedenlerin say\u0131s\u0131 10\u2019a y\u00fckseldi, 4 ki\u015fiden ise hala haber al\u0131nam\u0131yor.<\/p>\n<p>G\u00fcney Kore Devlet Ba\u015fkan\u0131 Moon Jae-in sosyal medyada yapt\u0131\u011f\u0131 a\u00e7\u0131klamada, Mitag tayfununda \u00f6lenlerden duydu\u011fu \u00fcz\u00fcnt\u00fcy\u00fc belirtti. Halktan tayfunun yol a\u00e7t\u0131\u011f\u0131 felaketten etkilenen ki\u015filere destek olmas\u0131n\u0131 isteyen Moon, hasar\u0131n giderilmesi i\u00e7in t\u00fcm kaynaklar\u0131n seferber edildi\u011fini bildirdi.<\/p>\n<p>Bu y\u0131l \u00fclkede etkili olan 18. tayfun olan Mitag, d\u00fcn \u00fclkenin g\u00fcney b\u00f6lgelerinde \u015fiddetli ya\u011f\u0131\u015flara yol a\u00e7t\u0131. Ya\u011f\u0131\u015flar\u0131n sel felaketine ve toprak kaymas\u0131na yol a\u00e7t\u0131\u011f\u0131 ve birka\u00e7 binan\u0131n y\u0131k\u0131ld\u0131\u011f\u0131 belirtildi. \u0130\u00e7i\u015fleri ve G\u00fcvenlik Bakanl\u0131\u011f\u0131 d\u00fcn yapt\u0131\u011f\u0131 a\u00e7\u0131klamada, 100\u2019den fazla evin sular alt\u0131nda kald\u0131\u011f\u0131n\u0131, \u00fclkenin g\u00fcney b\u00f6lgelerinde bin 500\u2019den fazla ki\u015finin ise evlerinden tahliye edildi\u011fini bildirmi\u015fti.<\/p>\n","protected":false},"excerpt":{"rendered":"<p>\u00dcNEY KORE&#8217;Y\u0130 ETK\u0130S\u0130 ALTINA ALAN M\u0130TAG TAYFUNUNDA HAYATINI KAYBEDENLER\u0130N SAYISI 10&#8217;A Y\u00dcKSELD\u0130.<\/p>\n","protected":false},"author":1,"featured_media":211186,"comment_status":"closed","ping_status":"open","sticky":false,"template":"","format":"standard","meta":{"jetpack_post_was_ever_published":false,"_jetpack_newsletter_access":"","_jetpack_dont_email_post_to_subs":false,"_jetpack_newsletter_tier_id":0,"_jetpack_memberships_contains_paywalled_content":false,"_jetpack_memberships_contains_paid_content":false,"footnotes":"","jetpack_publicize_message":"","jetpack_publicize_feature_enabled":true,"jetpack_social_post_already_shared":true,"jetpack_social_options":{"image_generator_settings":{"template":"highway","default_image_id":0,"font":"","enabled":false},"version":2}},"categories":[10],"tags":[20602,53255,1664,611,48275,1681],"class_list":["post-211185","post","type-post","status-publish","format-standard","has-post-thumbnail","hentry","category-dunya","tag-10a","tag-mitag","tag-olu","tag-sayisi","tag-tayfununda","tag-yukseldi"],"jetpack_publicize_connections":[],"jetpack_featured_media_url":"https:\/\/i0.wp.com\/www.tvturk.com\/wp-content\/uploads\/2019\/10\/mitag-tayfununda-olu-sayisi-10a-yukseldi_bd43d9c.jpg?fit=1000%2C473","jetpack_sharing_enabled":true,"jetpack_shortlink":"https:\/\/wp.me\/paKIfm-SWd","_links":{"self":[{"href":"http:\/\/www.tvturk.com\/index.php\/wp-json\/wp\/v2\/posts\/211185","targetHints":{"allow":["GET"]}}],"collection":[{"href":"http:\/\/www.tvturk.com\/index.php\/wp-json\/wp\/v2\/posts"}],"about":[{"href":"http:\/\/www.tvturk.com\/index.php\/wp-json\/wp\/v2\/types\/post"}],"author":[{"embeddable":true,"href":"http:\/\/www.tvturk.com\/index.php\/wp-json\/wp\/v2\/users\/1"}],"replies":[{"embeddable":true,"href":"http:\/\/www.tvturk.com\/index.php\/wp-json\/wp\/v2\/comments?post=211185"}],"version-history":[{"count":0,"href":"http:\/\/www.tvturk.com\/index.php\/wp-json\/wp\/v2\/posts\/211185\/revisions"}],"wp:featuredmedia":[{"embeddable":true,"href":"http:\/\/www.tvturk.com\/index.php\/wp-json\/wp\/v2\/media\/211186"}],"wp:attachment":[{"href":"http:\/\/www.tvturk.com\/index.php\/wp-json\/wp\/v2\/media?parent=211185"}],"wp:term":[{"taxonomy":"category","embeddable":true,"href":"http:\/\/www.tvturk.com\/index.php\/wp-json\/wp\/v2\/categories?post=211185"},{"taxonomy":"post_tag","embeddable":true,"href":"http:\/\/www.tvturk.com\/index.php\/wp-json\/wp\/v2\/tags?post=211185"}],"curies":[{"name":"wp","href":"https:\/\/api.w.org\/{rel}","templated":true}]}}