{"id":211199,"date":"2019-10-04T10:46:34","date_gmt":"2019-10-04T07:46:34","guid":{"rendered":"http:\/\/www.tvturk.com\/index.php\/kazdaglarinda-villa-yapimi-icin-25-milyon-zeytin-agaci-kesildi-aci-tablo-havadan-goruntulendi\/"},"modified":"2019-10-04T10:46:34","modified_gmt":"2019-10-04T07:46:34","slug":"kazdaglarinda-villa-yapimi-icin-25-milyon-zeytin-agaci-kesildi-aci-tablo-havadan-goruntulendi","status":"publish","type":"post","link":"http:\/\/www.tvturk.com\/index.php\/kazdaglarinda-villa-yapimi-icin-25-milyon-zeytin-agaci-kesildi-aci-tablo-havadan-goruntulendi\/","title":{"rendered":"Kazda\u011flar\u0131\u2019nda villa yap\u0131m\u0131 i\u00e7in 2,5 milyon zeytin a\u011fac\u0131 kesildi, ac\u0131 tablo havadan g\u00f6r\u00fcnt\u00fclendi"},"content":{"rendered":"<p>Kazda\u011flar\u0131 eteklerinde son y\u0131llarda bir k\u0131sm\u0131 S\u0130T alan\u0131nda olmas\u0131na ra\u011fmen 2 milyondan fazla zeytin a\u011fac\u0131n\u0131n kesilerek villa ve konut imar\u0131na a\u00e7\u0131ld\u0131\u011f\u0131 ortaya \u00e7\u0131kt\u0131. Ac\u0131 tablo havadan g\u00f6r\u00fcnt\u00fclenirken, \u00c7anakkale \u00c7evre ve Do\u011fa Dernekleri Federasyonu Ba\u015fkan\u0131 B\u00fcnyamin Nami Toka, &#8220;Bu sahillerde eskiden zeytin a\u011fa\u00e7lar\u0131 i\u00e7inde 2 katl\u0131 \u015firin evler vard\u0131. Ama \u015fimdi g\u00f6r\u00fcyoruz ki, y\u00fczlerce villa aras\u0131nda birer iki\u015fer zeytin a\u011fac\u0131 kald\u0131. Madenden geri d\u00f6n\u00fc\u015f var, ye\u015fillendirme ve eskiye d\u00f6nme imkan\u0131 oluyor. Malesef bu k\u00f6t\u00fc g\u00f6r\u00fcnt\u00fc ile ye\u015file d\u00f6n\u00fc\u015f imkan\u0131 s\u0131f\u0131r&#8221; dedi.<\/p>\n<p>Son d\u00f6nemde g\u00fcndeme s\u0131k\u00e7a gelen Kazda\u011flar\u0131\u2019n\u0131n K\u00fc\u00e7\u00fckkuyu beldesi ve devam\u0131ndaki il\u00e7elerin bulundu\u011fu b\u00f6lgede, yakla\u015f\u0131k 2,5 milyon zeytin a\u011fac\u0131n\u0131n villa yap\u0131m\u0131 i\u00e7in kesildi\u011fi ortaya \u00e7\u0131kt\u0131. Kirazl\u0131-Balaban B\u00f6lgesinde maden sahas\u0131 i\u00e7in kesilen 13 bin 400 a\u011fa\u00e7 i\u00e7in eylemler d\u00fczenleyen s\u00f6zde \u00e7evrecilerin, Kazda\u011flar\u0131\u2019ndaki bu katliama sessiz kalmas\u0131 dikkat \u00e7ekti.<\/p>\n<p>Kazda\u011flar\u0131\u2019nda; Babakale\u2019den Ayval\u0131k\u2019a kadar olan k\u0131y\u0131 \u015feridini kapsayan b\u00f6lgede a\u011fa\u00e7lar\u0131n aras\u0131nda y\u00fckselen villalar g\u00f6renleri \u015fa\u015fk\u0131na \u00e7eviriyor. Zeytin a\u011fa\u00e7lar\u0131n\u0131n kesilip imar izni verildi\u011fi \u00f6ne s\u00fcr\u00fclen baz\u0131 b\u00f6lgelerin ise S\u0130T alan\u0131nda kald\u0131\u011f\u0131 iddia ediliyor. Yakla\u015f\u0131k 2,5 milyon zeytin a\u011fac\u0131 kesilerek in\u015fa edilen villalar i\u00e7in baz\u0131 kesimlerin sessizli\u011fini korumas\u0131 ise dikkatlerden ka\u00e7mad\u0131. Kirazl\u0131-Balaban b\u00f6lgesinde faaliyet g\u00f6steren ve 13 bin 400 a\u011fac\u0131n kesildi\u011fi maden sahas\u0131 i\u00e7in aylard\u0131r eylemler ve protesto g\u00f6sterileri d\u00fczenleyen ve kendilerini \u00e7evre savunucusu olarak adland\u0131ran kesimlerin, Kazda\u011flar\u0131\u2019ndaki a\u011fa\u00e7 katliam\u0131na kar\u015f\u0131 hen\u00fcz herhangi bir a\u00e7\u0131klama dahi yapmam\u0131\u015f olmas\u0131 \u015fa\u015fk\u0131nl\u0131kla kar\u015f\u0131land\u0131.<\/p>\n<p>Su\u00e7 duyurular\u0131 yap\u0131ld\u0131<\/p>\n<p>B\u00f6lgedeki bu durumun sosyal medyada h\u0131zla yay\u0131lmas\u0131 sonras\u0131 baz\u0131 vatanda\u015flar ilgili bakanl\u0131klara su\u00e7 duyurusunda bulundu. K\u00fc\u00e7\u00fckkuyu\u2019da  \u2019Zeus altar\u0131\u2019 olarak bilinen ve Kazda\u011flar\u0131\u2019n\u0131n en \u00f6zel b\u00f6lgelerinden birisinde bile imar oldu\u011fu, uydu g\u00f6r\u00fcnt\u00fclerine bak\u0131larak da ortaya \u00e7\u0131kt\u0131.<\/p>\n<p>\u0130ddialara herhangi bir yalanlama gelmedi<\/p>\n<p>G\u00fcndeme bomba gibi d\u00fc\u015fen ve sosyal medyaya da h\u0131zla yay\u0131lan bu imar skandal\u0131na ise hen\u00fcz bir yalanlama gelmedi. Zeytin a\u011fa\u00e7lar\u0131n\u0131n kesildi\u011fi Ayvac\u0131k il\u00e7esine ba\u011fl\u0131 K\u00fc\u00e7\u00fckkuyu Belediyesinin 2 d\u00f6nemdir belediye ba\u015fkanl\u0131\u011f\u0131n\u0131 yapan CHP\u2019li Cengiz Balkan, iddialar \u00fczerine bir a\u00e7\u0131klama yaparak, villalara imar izninin kendisinden \u00f6nceki belediye taraf\u0131ndan verildi\u011fini s\u00f6yledi. \u0130ddialar\u0131n ve su\u00e7 duyurular\u0131n artmaya ba\u015flad\u0131\u011f\u0131 bu ortamda ise Kazda\u011flar\u0131\u2019nda villalar y\u00fckselmeye devam ediyor. Buna kar\u015f\u0131 maden sahas\u0131 kar\u015f\u0131t\u0131 faaliyetleri aylard\u0131r s\u00fcrd\u00fcren kesimlerin bu duruma kar\u015f\u0131 sessizli\u011fi devam ediyor.<\/p>\n<p>K\u00f6rfez, 30 y\u0131ld\u0131r CHP\u2019li belediyeler taraf\u0131ndan y\u00f6netiliyor<\/p>\n<p>Edremit K\u00f6rfezi 1985 y\u0131l\u0131ndan beri yazl\u0131k\u00e7\u0131 ak\u0131n\u0131na u\u011framaya devam ediyor. O zamandan beri yap\u0131lan naz\u0131m imar planlar\u0131, Edremit\u2019te ve \u00c7anakkale\u2019nin il\u00e7elerinde talep artt\u0131. K\u00f6rfez betonla\u015fma ile kar\u015f\u0131 kar\u015f\u0131ya kald\u0131. Bu kadar h\u0131zl\u0131 ve yo\u011fun olarak g\u00f6zlenen betonla\u015fmas\u0131n\u0131n sebebi olarak ise belediyelerin vatanda\u015fa sa\u011flad\u0131klar\u0131 imar imtiyazlar\u0131 oldu\u011fu belirtiliyor. 1\/1000, 1\/5000, 1\/25000\u2019lik naz\u0131m imar planlar\u0131 b\u00f6lgenin geli\u015fimine g\u00f6re Bakanl\u0131ktan onay ald\u0131. Normalde bu naz\u0131m imar planlar\u0131, 25 y\u0131lda bir yap\u0131lmas\u0131 gerekirken, talep ve arz\u0131n yo\u011funla\u015fmas\u0131 sebebiyle 1\/100 binlik naz\u0131m imar plan\u0131na kadar gelindi. K\u00f6rfeze, 30 y\u0131ldan beri CHP\u2019li belediyelerin hakim olmas\u0131 ve \u00e7o\u011fu il\u00e7ede hi\u00e7 ara d\u00f6nemlerinin dahi bulunmamas\u0131 da g\u00f6ze \u00e7arp\u0131yor.<\/p>\n<p>&#8220;Kazda\u011flar\u0131\u2019n\u0131 imar rant\u0131na kurban etmeyin&#8221;<\/p>\n<p>Kazda\u011flar\u0131\u2019nda ya\u015fanan bu imar katliam\u0131 ile ilgili b\u00f6lgeye gelerek a\u00e7\u0131klamalarda bulunan \u00c7anakkale \u00c7evre ve Do\u011fa Dernekleri Federasyonu Ba\u015fkan\u0131 B\u00fcnyam\u0131n Nami Toka, \u201cBu sahillerde eskiden, zeytin a\u011fa\u00e7lar\u0131n\u0131n i\u00e7inde birer iki\u015fer ev vard\u0131. Ama \u015fimdi g\u00f6r\u00fcyoruz ki; evlerin aras\u0131nda zeytin a\u011fa\u00e7lar\u0131 birer iki\u015fer tane kalm\u0131\u015flar. Pirana bal\u0131klar\u0131, ne varsa ona h\u00fccum eder ve \u00e7ok k\u0131sa s\u00fcrede yok ederler. Eskiden sahilde sadece 3-5 evin oldu\u011fu bir yoldan ge\u00e7erken \u015fimdi ise Kazda\u011flar\u0131\u2019n\u0131n zirvelerine do\u011fru giden ve b\u00fcy\u00fck bir h\u00fccum \u015feklinde varl\u0131\u011f\u0131n\u0131 devam ettiren bir rant ya\u011fmas\u0131n\u0131 g\u00f6r\u00fcyoruz. Bizim de \u00e7evrecilerimize s\u00f6z\u00fcm\u00fcz \u015fudur; Ayvac\u0131k, Bayrami\u00e7, K\u00fc\u00e7\u00fckkuyu ve Edremit\u2019e kadar giden b\u00f6lgenin hepsi CHP\u2019li belediyeler. Bu belediyelerin hepsine s\u00f6z\u00fcm\u00fcz \u015fu ki; Kazda\u011flar\u0131\u2019n\u0131 ranta kurban etmeyin\u201d ifadelerini kulland\u0131.<\/p>\n<p>\u201cMaden sahas\u0131n\u0131n Kazda\u011flar\u0131 ile uzaktan yak\u0131ndan alakas\u0131 yok\u201d<\/p>\n<p>Kirazl\u0131-Balaban b\u00f6lgesinde a\u00e7\u0131lan maden sahas\u0131n\u0131n Kazda\u011flar\u0131 ile herhangi bir ba\u011flant\u0131s\u0131 olmad\u0131\u011f\u0131n\u0131 vurgulayan Ba\u015fkan Toka, \u201cKazda\u011f\u0131 ile maden sahas\u0131n\u0131n aras\u0131nda yakla\u015f\u0131k 40 kilometrelik bir mesafe var. Maden sahas\u0131n\u0131n Kazda\u011flar\u0131 ile uzaktan yak\u0131ndan alakas\u0131 yok. Hatta bunu \u00c7anakkale Belediyesi de kabul ediyor. Temmuz ay\u0131 faaliyetleri ile ilgili b\u00fcltenlerinde de \u2018Biz \u00c7anakkalelileri Kazda\u011f\u0131\u2019na geziye g\u00f6t\u00fcr\u00fcyoruz\u2019 diyorlar. Orada g\u00fcn\u00fc ge\u00e7irdikten sonra bu sefer de \u2018maden faaliyetlerinin oldu\u011fu Balaban\u2019a g\u00f6t\u00fcrece\u011fiz\u2019 diyorlar. Yani kendileri de zaten buran\u0131n Balaban oldu\u011funu, Kazda\u011flar\u0131 ile bir ba\u011flant\u0131s\u0131 olmad\u0131\u011f\u0131n\u0131 biliyorlar. Siyan\u00fcr ile alt\u0131n aranmad\u0131\u011f\u0131n\u0131 kendileri de biliyorlar. \u2018Bu maden iyidir. Bizim adam\u0131m\u0131zd\u0131r\u2019 ya da \u2019Bu maden bizim adam\u0131m\u0131z de\u011fildir. Bize rant vermiyor\u2019 tarz\u0131 yakla\u015f\u0131mlarla, Avrupa Birli\u011fi fonlar\u0131ndan fonlanmad\u0131klar\u0131 i\u00e7in buralara kar\u015f\u0131 \u00e7\u0131k\u0131lmas\u0131na kar\u015f\u0131y\u0131z\u201d \u015feklinde konu\u015ftu.<\/p>\n<p>\u201cMadenden tekrar geriye d\u00f6n\u00fc\u015f var ama bu pirana gibi sald\u0131r\u0131dan bir daha geri d\u00f6n\u00fc\u015f yok\u201d<\/p>\n<p>\u201c\u015eu an eylemcilerin \u00e7o\u011funun n\u00fcfus c\u00fczdan\u0131na bakt\u0131\u011f\u0131m\u0131z zaman \u00c7anakkaleli olmad\u0131klar\u0131n\u0131 g\u00f6r\u00fcyoruz. Kar\u015f\u0131m\u0131zda profesyonel eylemciler g\u00f6r\u00fcyoruz\u201d diyerek s\u00f6zlerine devam eden Ba\u015fkan Toka, \u015funlar\u0131 kaydetti: \u201c\u015eu an cep telefonlar\u0131n\u0131zda yakla\u015f\u0131k 500 de\u011fi\u015fik maden var. Cep telefonunundan nas\u0131l vazge\u00e7emiyorsak, biz de d\u0131\u015far\u0131ya ba\u011f\u0131ml\u0131 olmamak i\u00e7in maden \u00e7\u0131kartmal\u0131y\u0131z. Bunu yaparken de tabii ki \u00e7evreye duyarl\u0131 olaca\u011f\u0131z. Ama ben yine \u00e7evrecilere s\u00f6yl\u00fcyorum; buradaki evlerin hepsi, ye\u015fil \u00f6rt\u00fcy\u00fc ortadan kald\u0131r\u0131yor. Bunlar\u0131n hepsini y\u0131k\u0131p, yeniden a\u011fa\u00e7 dikme \u015fans\u0131n\u0131z var m\u0131? Yok. Maden geldi, \u00fcst bitkiyi kald\u0131rd\u0131. Bunun say\u0131s\u0131n\u0131n 15-20 bin veya 200 bin olmas\u0131 \u00f6nemli de\u011fil. 20 bin metrek\u00fcp a\u011fa\u00e7 kesilmi\u015f orada. Orman M\u00fcd\u00fcrl\u00fc\u011f\u00fcm\u00fcz 1 y\u0131lda 1 milyon 100 bin metrek\u00fcp a\u011fa\u00e7 kesmi\u015f. Sadece orada de\u011fil, \u00c7anakkale\u2019nin bir\u00e7ok yerinde Orman M\u00fcd\u00fcrl\u00fc\u011f\u00fcm\u00fcz zaten yenileme amac\u0131yla a\u011fa\u00e7 kesiyor. Maden gidince bu toprak tekrar serilecek ve sonra tekrar bitkilendirme yap\u0131lacak. Madenden dolay\u0131 tekrar geriye d\u00f6n\u00fc\u015f var ama bu pirana gibi sald\u0131r\u0131dan bir daha geri d\u00f6n\u00fc\u015f yok. Buralarda ne kadar a\u011fac\u0131n kesildi\u011fini hesap etmek bile m\u00fcmk\u00fcn de\u011fil. 2 milyon rakam\u0131 buraya az bile kal\u0131r. Daha da fazla kesildi\u011fi kanaatindeyim.\u201d<\/p>\n<p>\u2018B\u00f6lgede \u0130mamo\u011flu ailesinin villalar\u0131 da var\u2019 iddias\u0131<\/p>\n<p>Betonla\u015fman\u0131n her ge\u00e7en y\u0131l daha da artt\u0131\u011f\u0131 Kazda\u011flar\u0131\u2019n\u0131n eteklerinde yer alan Edremit il\u00e7esinin G\u00fcre Mahallesinde ve buraya ba\u011fl\u0131 Kavurmac\u0131lar mevkiinde \u0130stanbul B\u00fcy\u00fck\u015fehir Belediye Ba\u015fkan\u0131 Ekrem \u0130mamo\u011flu ve babas\u0131 Hasan \u0130mamo\u011flu\u2019nun da imarl\u0131 d\u00f6n\u00fcmlerce arsas\u0131 bulundu\u011fu iddia ediliyor. Baba Hasan \u0130mamo\u011flu\u2019nun arsalar\u0131ndan birisinin \u00fczerine ise havuzlu \u00e7ok say\u0131da villa in\u015fa edildi. Yeni tamamlanan villalar\u0131n yap\u0131m\u0131 i\u00e7in de a\u011fa\u00e7 kesimlerinin yap\u0131ld\u0131\u011f\u0131 ileri s\u00fcr\u00fcl\u00fcyor.<\/p>\n","protected":false},"excerpt":{"rendered":"<p>KAZDA\u011eLARI&#8217;NIN ETEKLER\u0130NDEK\u0130 \u0130MAR RANTI B\u00d6YLE G\u00d6R\u00dcNT\u00dcLEND\u0130<\/p>\n","protected":false},"author":1,"featured_media":211200,"comment_status":"closed","ping_status":"open","sticky":false,"template":"","format":"standard","meta":{"jetpack_post_was_ever_published":false,"_jetpack_newsletter_access":"","_jetpack_dont_email_post_to_subs":false,"_jetpack_newsletter_tier_id":0,"_jetpack_memberships_contains_paywalled_content":false,"_jetpack_memberships_contains_paid_content":false,"footnotes":"","jetpack_publicize_message":"","jetpack_publicize_feature_enabled":true,"jetpack_social_post_already_shared":true,"jetpack_social_options":{"image_generator_settings":{"template":"highway","default_image_id":0,"font":"","enabled":false},"version":2}},"categories":[1],"tags":[1880,1801,872,884,3388,3387,44,5928,1206,468,16489,3970,6736,6031],"class_list":["post-211199","post","type-post","status-publish","format-standard","has-post-thumbnail","hentry","category-genel","tag-1880","tag-1801","tag-aci","tag-agaci","tag-goruntulendi","tag-havadan","tag-icin","tag-kazdaglarinda","tag-kesildi","tag-milyon","tag-tablo","tag-villa","tag-yapimi","tag-zeytin"],"jetpack_publicize_connections":[],"jetpack_featured_media_url":"https:\/\/i0.wp.com\/www.tvturk.com\/wp-content\/uploads\/2019\/10\/kazdaglarinda-villa-yapimi-icin-25-milyon-zeytin-agaci-kesildi-aci-tablo-havadan-goruntulendi_d7fbadf.jpg?fit=1000%2C420","jetpack_sharing_enabled":true,"jetpack_shortlink":"https:\/\/wp.me\/paKIfm-SWr","_links":{"self":[{"href":"http:\/\/www.tvturk.com\/index.php\/wp-json\/wp\/v2\/posts\/211199","targetHints":{"allow":["GET"]}}],"collection":[{"href":"http:\/\/www.tvturk.com\/index.php\/wp-json\/wp\/v2\/posts"}],"about":[{"href":"http:\/\/www.tvturk.com\/index.php\/wp-json\/wp\/v2\/types\/post"}],"author":[{"embeddable":true,"href":"http:\/\/www.tvturk.com\/index.php\/wp-json\/wp\/v2\/users\/1"}],"replies":[{"embeddable":true,"href":"http:\/\/www.tvturk.com\/index.php\/wp-json\/wp\/v2\/comments?post=211199"}],"version-history":[{"count":0,"href":"http:\/\/www.tvturk.com\/index.php\/wp-json\/wp\/v2\/posts\/211199\/revisions"}],"wp:featuredmedia":[{"embeddable":true,"href":"http:\/\/www.tvturk.com\/index.php\/wp-json\/wp\/v2\/media\/211200"}],"wp:attachment":[{"href":"http:\/\/www.tvturk.com\/index.php\/wp-json\/wp\/v2\/media?parent=211199"}],"wp:term":[{"taxonomy":"category","embeddable":true,"href":"http:\/\/www.tvturk.com\/index.php\/wp-json\/wp\/v2\/categories?post=211199"},{"taxonomy":"post_tag","embeddable":true,"href":"http:\/\/www.tvturk.com\/index.php\/wp-json\/wp\/v2\/tags?post=211199"}],"curies":[{"name":"wp","href":"https:\/\/api.w.org\/{rel}","templated":true}]}}