{"id":211252,"date":"2019-10-04T11:46:31","date_gmt":"2019-10-04T08:46:31","guid":{"rendered":"http:\/\/www.tvturk.com\/index.php\/tobb-baskani-hisarcikliogu-firsatlarin-kazasi-olmaz\/"},"modified":"2019-10-04T11:46:31","modified_gmt":"2019-10-04T08:46:31","slug":"tobb-baskani-hisarcikliogu-firsatlarin-kazasi-olmaz","status":"publish","type":"post","link":"http:\/\/www.tvturk.com\/index.php\/tobb-baskani-hisarcikliogu-firsatlarin-kazasi-olmaz\/","title":{"rendered":"TOBB Ba\u015fkan\u0131 Hisarc\u0131kl\u0131o\u011fu: &#8220;F\u0131rsatlar\u0131n kazas\u0131 olmaz\u201d"},"content":{"rendered":"<p>TOBB Ba\u015fkan\u0131 Rifat H\u0131sarc\u0131kl\u0131o\u011flu, &#8220;Elinizdeki f\u0131rsatlar\u0131 de\u011ferlendirerek \u00fcr\u00fcnlerinize yerel co\u011frafi i\u015faretlerinizi al\u0131n\u201d dedi.<\/p>\n<p>Hisarc\u0131kl\u0131o\u011flu, Silifke Ticaret ve Sanayi Odas\u0131 taraf\u0131ndan d\u00fczenlenen 2. Liderlik Akademisi ve Strateji \u00c7al\u0131\u015ftay\u0131nda yapt\u0131\u011f\u0131 konu\u015fmada, &#8220;Y\u0131llard\u0131r \u00f6nc\u00fcl\u00fck etti\u011fimiz Silifke\u2019nin \u00e7ile\u011fini sadece T\u00fcrkiye de\u011fil, b\u00fct\u00fcn d\u00fcnya tan\u0131yor. Ama bunu sadece tan\u0131tmak yetmez bunu koruyup kazanca d\u00f6n\u00fc\u015ft\u00fcrmek laz\u0131m.  Bunun yolu da co\u011frafi i\u015faret almaktan ge\u00e7iyor. Bunu ba\u015flatt\u0131k ve sonucunu da ald\u0131k. Art\u0131k Silifke\u2019nin \u00e7ile\u011fi tescilli olarak Silifke\u2019nin oldu. Bu y\u00f6resel \u00fcr\u00fcnlere sahip \u00e7\u0131k\u0131lmas\u0131 a\u00e7\u0131s\u0131ndan \u00e7ok \u00f6nemli. \u015eimdi s\u0131rada t\u00fcrk\u00fclere, \u015fark\u0131lara konu olmu\u015f bir Silifke yo\u011furdu var. \u00c7ilekten \u00f6nce Silifke\u2019nin yo\u011furdunu bilirim ama halen Silifke\u2019nin yo\u011furdunun bir tescili yok&#8221; diye konu\u015ftu.<\/p>\n<p>\u00dclkenin ekonomide lider olmas\u0131n\u0131 istiyorsak bunun ancak ekonomi ve i\u015f d\u00fcnyas\u0131yla olaca\u011f\u0131n\u0131 ifade eden Hisarc\u0131kl\u0131o\u011flu,<\/p>\n<p>&#8220;Onlar\u0131n da asli merkezleri Ticaret ve Sanayi Odalar\u0131d\u0131r. O zaman vermi\u015f oldu\u011fumuz hizmetlerin kalitesi Almaya, Fransa, \u0130talya, \u0130ngiltere ile ayn\u0131 standartta \u00fcyelerine hizmet ediyorsa bizim ticaret odalar\u0131m\u0131z\u0131n da bu seviyede hizmet etmeleri laz\u0131m dedik. Bu konuda odalar\u0131m\u0131z pe\u015fimize tak\u0131ld\u0131. Silifke Ticaret ve Sanayi Odam\u0131z da hizmet kalitesiyle be\u015f y\u0131ld\u0131z\u0131 almay\u0131 hak etti. Bundan dolay\u0131 da Silifke Ticaret ve Sanayi Odas\u0131n\u0131 kutluyorum\u201d dedi.<\/p>\n<p>Yerel kalk\u0131nman\u0131n anahtar\u0131n\u0131n y\u00f6resel \u00fcr\u00fcnler oldu\u011funu s\u00f6yleyen Hisarc\u0131kl\u0131o\u011flu,\u015f\u00f6yle devam etti:<\/p>\n<p>&#8220;Y\u00f6resel \u00fcr\u00fcnlerimize ne kadar sahip \u00e7\u0131karsak o kadar yerel kalk\u0131nmay\u0131 sa\u011flam\u0131\u015f oluruz. Bunun olmazsa olmaz\u0131 budur. Y\u0131lda bir sefer b\u00fct\u00fcn T\u00fcrkiye\u2019de ki 81 vilayeti ziyaret eden bir karde\u015finizim. G\u00f6rd\u00fc\u011f\u00fcm m\u00fcthi\u015f bir \u00e7e\u015fitlilik var, m\u00fcthi\u015f bir lezzet co\u011frafyas\u0131 var. Ama maalesef sadece o b\u00f6lgede veya o ilde s\u0131n\u0131rl\u0131 kalm\u0131\u015f.  Bundan da \u00e7ok \u00fcz\u00fcl\u00fcyorum. Alamlar, \u0130talyanlar, Frans\u0131zlar birer peynirleri ile \u00fc\u00e7er, d\u00f6rder milyar kazan\u0131rken, d\u00fcnya \u00e7ap\u0131nda bu i\u015fi yaparken, bizim neredeyse her il\u00e7ede kendine has bir peyniri var. Maalesef biz \u00fcr\u00fcnlerimize sahip \u00e7\u0131kmad\u0131\u011f\u0131m\u0131z i\u00e7in, maalesef para etmiyor. Co\u011frafi i\u015faret demek bir liraya satt\u0131\u011f\u0131n \u00fcr\u00fcn\u00fc, iki liraya satmak demek. Zenginle\u015febilmenin yolu buradan ge\u00e7iyor. \u00c7ilekte yapt\u0131\u011f\u0131m\u0131z gibi patent kurumundan co\u011frafi i\u015faretini ald\u0131ktan sonra b\u00fct\u00fcn Avrupa\u2019da tescil ettirmek laz\u0131m. \u015eu anda 400 civar\u0131nda co\u011frafi i\u015faretimiz var. Avrupa\u2019da Amerika\u2019da yo\u011furdu Yunan yo\u011furdu diye sat\u0131yorlar. Halbuki yo\u011furt bizim atalar\u0131m\u0131zdand\u0131r. Kafkaslardan, Orta Asya\u2019dan gelen k\u00fclt\u00fcr\u00fcm\u00fczd\u00fcr. Yo\u011furdumuza sahip \u00e7\u0131kamad\u0131k.\u201d<\/p>\n<p>Antalya\u2019da y\u00f6resel \u00fcr\u00fcnler fuar\u0131 d\u00fczenlediklerini belirten Hisarc\u0131kl\u0131o\u011flu, &#8220;14 milyon turist buraya geldi\u011fi i\u00e7in d\u00fczenledik. Bizim \u00fcr\u00fcnlerimizi turistler yiyerek, tadarak T\u00fcrk lezzetlerini tan\u0131yorlar. Y\u00f6resel \u00fcr\u00fcnlerimizi tan\u0131tabilmek i\u00e7in  bunu her y\u0131l farkl\u0131 bir b\u00f6lgede yapaca\u011f\u0131z. Namaz\u0131n kazas\u0131 var ama f\u0131rsatlar\u0131n kazas\u0131 yok.  F\u0131rsatlar\u0131 iyi de\u011ferlendirmek laz\u0131m. F\u0131rsat gitti\u011fi zaman bir daha geri gelmez. \u015eikayeti b\u0131rak\u0131p f\u0131rsatlar\u0131n\u0131z\u0131 de\u011ferlendirin. \u015eikayeti b\u0131rak\u0131p, f\u0131rsat ne, nerede buna bak\u0131yor olman\u0131z laz\u0131m\u201d dedi.<\/p>\n<p>Silifke Ticaret ve Sanayi Odas\u0131 taraf\u0131ndan, T\u00fcrkiye Odalar ve Borsalar Birli\u011fi, Mersin \u00dcniversitesi, TOBB Ekonomi ve Teknoloji \u00dcniversitesi, Toros \u00dcniversitesi, 15 Kas\u0131m K\u0131br\u0131s \u00dcniversitesi, Mersin Deniz Ticaret Odas\u0131, \u0130skenderun Ticaret ve Sanayi Odas\u0131 ve TOBB Mersin Gen\u00e7 Giri\u015fimciler Kurulu i\u015fbirli\u011fiyle d\u00fczenlenen 2. Liderlik Akademisi ve Strateji \u00c7al\u0131\u015ftay\u0131na Mersin Valisi Ali \u0130hsan Su, Mersin B\u00fcy\u00fck\u015fehir Belediye Ba\u015fkan\u0131 Vahap Se\u00e7er ve Mersin \u00dcniversitesi Rekt\u00f6r\u00fc Ahmet \u00c7amsar\u0131 da kat\u0131ld\u0131.<\/p>\n","protected":false},"excerpt":{"rendered":"<p>TOBB BA\u015eKANI R\u0130FAT HISARCIKLIO\u011eLU, &#8220;EL\u0130N\u0130ZDEK\u0130 FIRSATLARI DE\u011eERLEND\u0130REREK \u00dcR\u00dcNLER\u0130N\u0130ZE YEREL CO\u011eRAF\u0130 \u0130\u015eARETLER\u0130N\u0130Z\u0130 ALIN\u201d DED\u0130.<\/p>\n","protected":false},"author":1,"featured_media":211253,"comment_status":"closed","ping_status":"open","sticky":false,"template":"","format":"standard","meta":{"jetpack_post_was_ever_published":false,"_jetpack_newsletter_access":"","_jetpack_dont_email_post_to_subs":false,"_jetpack_newsletter_tier_id":0,"_jetpack_memberships_contains_paywalled_content":false,"_jetpack_memberships_contains_paid_content":false,"footnotes":"","jetpack_publicize_message":"","jetpack_publicize_feature_enabled":true,"jetpack_social_post_already_shared":true,"jetpack_social_options":{"image_generator_settings":{"template":"highway","default_image_id":0,"font":"","enabled":false},"version":2}},"categories":[19],"tags":[53389,216,53388,771,12753,3862],"class_list":["post-211252","post","type-post","status-publish","format-standard","has-post-thumbnail","hentry","category-ekonomi","tag-firsatlarin","tag-baskani","tag-hisarcikliogu","tag-kazasi","tag-olmaz","tag-tobb"],"jetpack_publicize_connections":[],"jetpack_featured_media_url":"https:\/\/i0.wp.com\/www.tvturk.com\/wp-content\/uploads\/2019\/10\/tobb-baskani-hisarcikliogu-firsatlarin-kazasi-olmaz_d4aa004.jpg?fit=1000%2C666","jetpack_sharing_enabled":true,"jetpack_shortlink":"https:\/\/wp.me\/paKIfm-SXi","_links":{"self":[{"href":"http:\/\/www.tvturk.com\/index.php\/wp-json\/wp\/v2\/posts\/211252","targetHints":{"allow":["GET"]}}],"collection":[{"href":"http:\/\/www.tvturk.com\/index.php\/wp-json\/wp\/v2\/posts"}],"about":[{"href":"http:\/\/www.tvturk.com\/index.php\/wp-json\/wp\/v2\/types\/post"}],"author":[{"embeddable":true,"href":"http:\/\/www.tvturk.com\/index.php\/wp-json\/wp\/v2\/users\/1"}],"replies":[{"embeddable":true,"href":"http:\/\/www.tvturk.com\/index.php\/wp-json\/wp\/v2\/comments?post=211252"}],"version-history":[{"count":0,"href":"http:\/\/www.tvturk.com\/index.php\/wp-json\/wp\/v2\/posts\/211252\/revisions"}],"wp:featuredmedia":[{"embeddable":true,"href":"http:\/\/www.tvturk.com\/index.php\/wp-json\/wp\/v2\/media\/211253"}],"wp:attachment":[{"href":"http:\/\/www.tvturk.com\/index.php\/wp-json\/wp\/v2\/media?parent=211252"}],"wp:term":[{"taxonomy":"category","embeddable":true,"href":"http:\/\/www.tvturk.com\/index.php\/wp-json\/wp\/v2\/categories?post=211252"},{"taxonomy":"post_tag","embeddable":true,"href":"http:\/\/www.tvturk.com\/index.php\/wp-json\/wp\/v2\/tags?post=211252"}],"curies":[{"name":"wp","href":"https:\/\/api.w.org\/{rel}","templated":true}]}}