{"id":21126,"date":"2019-02-11T12:38:57","date_gmt":"2019-02-11T09:38:57","guid":{"rendered":"http:\/\/www.tvturk.com\/index.php\/arisoydan-ise-giden-yolculara-sicak-corba-ikrami\/"},"modified":"2019-02-11T12:39:01","modified_gmt":"2019-02-11T09:39:01","slug":"arisoydan-ise-giden-yolculara-sicak-corba-ikrami","status":"publish","type":"post","link":"http:\/\/www.tvturk.com\/index.php\/arisoydan-ise-giden-yolculara-sicak-corba-ikrami\/","title":{"rendered":"Ar\u0131soy\u2019dan i\u015fe giden yolculara s\u0131cak \u00e7orba ikram\u0131"},"content":{"rendered":"<p>AK Parti Zeytinburnu Belediye Ba\u015fkan Aday\u0131 \u00d6mer Ar\u0131soy, Marmaray Kazl\u0131\u00e7e\u015fme \u0130stasyonu\u2019nda s\u0131cak \u00e7orba ikram\u0131yla vatanda\u015flar\u0131n i\u00e7ini \u0131s\u0131tt\u0131.<\/p>\n<p>31 Mart yerel se\u00e7imleri \u00f6ncesinde her f\u0131rsatta Zeytinburnulu vatanda\u015flarla bir araya gelen AK Parti Zeytinburnu Belediye Ba\u015fkan Aday\u0131 \u00d6mer Ar\u0131soy, sabah i\u015fe giden yolculara Marmaray Kazl\u0131\u00e7e\u015fme \u0130stasyonu\u2019nda s\u0131cak \u00e7orba ve \u0130stanbul Halk Ekmek A.\u015e.\u2019nin \u00fcretti\u011fi \u2018Akdeniz Ekme\u011fi\u2019 ikram\u0131nda bulundu.<\/p>\n<p>AK Parti Zeytinburnu \u0130l\u00e7e te\u015fkilat\u0131 da ikramlar esnas\u0131nda Ar\u0131soy\u2019a e\u015flik ederek vatanda\u015flardan dua ve destek istedi. Ar\u0131soy, s\u0131cak \u00e7orbayla i\u00e7ini \u0131s\u0131tt\u0131\u011f\u0131 vatanda\u015flara hay\u0131rl\u0131 sabahlar diledi.<\/p>\n<p>Vatanda\u015flar\u0131 i\u015fine u\u011furlayan Ar\u0131soy, \u201cAdayl\u0131\u011f\u0131m\u0131z\u0131n ilan edildi\u011fi 29 Aral\u0131k\u2019tan beri Zeytinburnu\u2019nda hem\u015fehrilerimizle hemen her f\u0131rsatta bir araya gelmeye devam ediyoruz. Bug\u00fcn g\u00fcne saat 07.00 gibi Kazl\u0131\u00e7e\u015fme Marmaray \u0130stasyonundan hem Zeytinburnu\u2019ndan d\u0131\u015far\u0131ya i\u015fe gidenleri hem de d\u0131\u015far\u0131dan Zeytinburnu\u2019na i\u015fe gelen vatanda\u015flar\u0131m\u0131za s\u0131cak \u00e7orba ikram\u0131nda bulunduk. Bunu zaman zaman yapaca\u011f\u0131z. Vatanda\u015flar\u0131m\u0131z\u0131n, hem\u015fehrilerimizin ilgisi alakas\u0131 bizi \u00e7ok memnun etti. De\u011fi\u015fik vesilelerle de\u011fi\u015fik istasyonlarda yine hem\u015fehrilerimizle bulu\u015fmaya devam devam edece\u011fiz\u201d dedi.<div class=\"tiled-gallery type-rectangular tiled-gallery-unresized\" data-original-width=\"500\" data-carousel-extra='null' itemscope itemtype=\"http:\/\/schema.org\/ImageGallery\" > <div class=\"gallery-row\" style=\"width: 500px; height: 227px;\" data-original-width=\"500\" data-original-height=\"227\" > <div class=\"gallery-group images-1\" style=\"width: 339px; height: 227px;\" data-original-width=\"339\" data-original-height=\"227\" > <div class=\"tiled-gallery-item tiled-gallery-item-large\" itemprop=\"associatedMedia\" itemscope itemtype=\"http:\/\/schema.org\/ImageObject\"> <a href=\"http:\/\/www.tvturk.com\/index.php\/arisoydan-ise-giden-yolculara-sicak-corba-ikrami\/arisoydan-ise-giden-yolculara-sicak-corba-ikrami-3\/\" border=\"0\" itemprop=\"url\"> <meta itemprop=\"width\" content=\"335\"> <meta itemprop=\"height\" content=\"223\"> <img decoding=\"async\" class=\"\" data-attachment-id=\"21128\" data-orig-file=\"http:\/\/www.tvturk.com\/wp-content\/uploads\/2019\/02\/arisoydan-ise-giden-yolculara-sicak-corba-ikrami_1915a81.jpg\" data-orig-size=\"1000,666\" data-comments-opened=\"\" data-image-meta=\"{&quot;aperture&quot;:&quot;0&quot;,&quot;credit&quot;:&quot;IHA&quot;,&quot;camera&quot;:&quot;&quot;,&quot;caption&quot;:&quot;AK PART\\u0130 ZEYT\\u0130NBURNU BELED\\u0130YE BA\\u015eKAN ADAYI \\u00d6MER ARISOY, MARMARAY KAZLI\\u00c7E\\u015eME \\u0130STASYONU\\u2019NDA SICAK \\u00c7ORBA \\u0130KRAMIYLA VATANDA\\u015eLARIN \\u0130\\u00c7\\u0130N\\u0130 ISITTI. (CANER S\\u00d6NMEZ - MURAT KEMA\\u015e\\\/\\u0130STANBUL-\\u0130HA)&quot;,&quot;created_timestamp&quot;:&quot;0&quot;,&quot;copyright&quot;:&quot;\\u0130HLAS HABER AJANSI, www.iha.com.tr&quot;,&quot;focal_length&quot;:&quot;0&quot;,&quot;iso&quot;:&quot;0&quot;,&quot;shutter_speed&quot;:&quot;0&quot;,&quot;title&quot;:&quot;ARISOY\\u0027DAN \\u0130\\u015eE G\\u0130DEN YOLCULARA SICAK \\u00c7ORBA \\u0130KRAMI AK PART\\u0130 ZEYT\\u0130NBURNU ADAYI \\u00d6MER ARISOY, KAZLI\\u015e\\u00c7E\\u015eME MARMARAY DURA\\u011eINDA \\u00c7ORBA \\u0130KRAM ETT\\u0130&quot;,&quot;orientation&quot;:&quot;0&quot;}\" data-image-title=\"Ar\u0131soy\u2019dan i\u015fe giden yolculara s\u0131cak \u00e7orba ikram\u0131\" data-image-description=\"&lt;p&gt;Ar\u0131soy\u2019dan i\u015fe giden yolculara s\u0131cak \u00e7orba ikram\u0131&lt;\/p&gt; \" data-medium-file=\"https:\/\/i0.wp.com\/www.tvturk.com\/wp-content\/uploads\/2019\/02\/arisoydan-ise-giden-yolculara-sicak-corba-ikrami_1915a81.jpg?fit=300%2C200\" data-large-file=\"https:\/\/i0.wp.com\/www.tvturk.com\/wp-content\/uploads\/2019\/02\/arisoydan-ise-giden-yolculara-sicak-corba-ikrami_1915a81.jpg?fit=1000%2C666\" src=\"https:\/\/i0.wp.com\/www.tvturk.com\/wp-content\/uploads\/2019\/02\/arisoydan-ise-giden-yolculara-sicak-corba-ikrami_1915a81.jpg?w=335&#038;h=223\" srcset=\"https:\/\/i0.wp.com\/www.tvturk.com\/wp-content\/uploads\/2019\/02\/arisoydan-ise-giden-yolculara-sicak-corba-ikrami_1915a81.jpg?w=1000 1000w, https:\/\/i0.wp.com\/www.tvturk.com\/wp-content\/uploads\/2019\/02\/arisoydan-ise-giden-yolculara-sicak-corba-ikrami_1915a81.jpg?resize=150%2C100 150w, https:\/\/i0.wp.com\/www.tvturk.com\/wp-content\/uploads\/2019\/02\/arisoydan-ise-giden-yolculara-sicak-corba-ikrami_1915a81.jpg?resize=300%2C200 300w, https:\/\/i0.wp.com\/www.tvturk.com\/wp-content\/uploads\/2019\/02\/arisoydan-ise-giden-yolculara-sicak-corba-ikrami_1915a81.jpg?resize=768%2C511 768w, https:\/\/i0.wp.com\/www.tvturk.com\/wp-content\/uploads\/2019\/02\/arisoydan-ise-giden-yolculara-sicak-corba-ikrami_1915a81.jpg?resize=170%2C113 170w, https:\/\/i0.wp.com\/www.tvturk.com\/wp-content\/uploads\/2019\/02\/arisoydan-ise-giden-yolculara-sicak-corba-ikrami_1915a81.jpg?resize=120%2C80 120w\" width=\"335\" height=\"223\" loading=\"lazy\" data-original-width=\"335\" data-original-height=\"223\" itemprop=\"http:\/\/schema.org\/image\" title=\"Ar\u0131soy\u2019dan i\u015fe giden yolculara s\u0131cak \u00e7orba ikram\u0131\" alt=\"Ar\u0131soy\u2019dan i\u015fe giden yolculara s\u0131cak \u00e7orba ikram\u0131\" style=\"width: 335px; height: 223px;\" \/> <\/a> <\/div> <\/div> <!-- close group --> <div class=\"gallery-group images-2\" style=\"width: 161px; height: 227px;\" data-original-width=\"161\" data-original-height=\"227\" > <div class=\"tiled-gallery-item tiled-gallery-item-small\" itemprop=\"associatedMedia\" itemscope itemtype=\"http:\/\/schema.org\/ImageObject\"> <a href=\"http:\/\/www.tvturk.com\/index.php\/arisoydan-ise-giden-yolculara-sicak-corba-ikrami\/arisoydan-ise-giden-yolculara-sicak-corba-ikrami-4\/\" border=\"0\" itemprop=\"url\"> <meta itemprop=\"width\" content=\"157\"> <meta itemprop=\"height\" content=\"105\"> <img decoding=\"async\" class=\"\" data-attachment-id=\"21129\" data-orig-file=\"http:\/\/www.tvturk.com\/wp-content\/uploads\/2019\/02\/arisoydan-ise-giden-yolculara-sicak-corba-ikrami_e4a3297.jpg\" data-orig-size=\"1000,666\" data-comments-opened=\"\" data-image-meta=\"{&quot;aperture&quot;:&quot;0&quot;,&quot;credit&quot;:&quot;IHA&quot;,&quot;camera&quot;:&quot;&quot;,&quot;caption&quot;:&quot;AK PART\\u0130 ZEYT\\u0130NBURNU BELED\\u0130YE BA\\u015eKAN ADAYI \\u00d6MER ARISOY, MARMARAY KAZLI\\u00c7E\\u015eME \\u0130STASYONU\\u2019NDA SICAK \\u00c7ORBA \\u0130KRAMIYLA VATANDA\\u015eLARIN \\u0130\\u00c7\\u0130N\\u0130 ISITTI. (CANER S\\u00d6NMEZ - MURAT KEMA\\u015e\\\/\\u0130STANBUL-\\u0130HA)&quot;,&quot;created_timestamp&quot;:&quot;0&quot;,&quot;copyright&quot;:&quot;\\u0130HLAS HABER AJANSI, www.iha.com.tr&quot;,&quot;focal_length&quot;:&quot;0&quot;,&quot;iso&quot;:&quot;0&quot;,&quot;shutter_speed&quot;:&quot;0&quot;,&quot;title&quot;:&quot;ARISOY\\u0027DAN \\u0130\\u015eE G\\u0130DEN YOLCULARA SICAK \\u00c7ORBA \\u0130KRAMI AK PART\\u0130 ZEYT\\u0130NBURNU ADAYI \\u00d6MER ARISOY, KAZLI\\u015e\\u00c7E\\u015eME MARMARAY DURA\\u011eINDA \\u00c7ORBA \\u0130KRAM ETT\\u0130&quot;,&quot;orientation&quot;:&quot;0&quot;}\" data-image-title=\"Ar\u0131soy\u2019dan i\u015fe giden yolculara s\u0131cak \u00e7orba ikram\u0131\" data-image-description=\"&lt;p&gt;Ar\u0131soy\u2019dan i\u015fe giden yolculara s\u0131cak \u00e7orba ikram\u0131&lt;\/p&gt; \" data-medium-file=\"https:\/\/i0.wp.com\/www.tvturk.com\/wp-content\/uploads\/2019\/02\/arisoydan-ise-giden-yolculara-sicak-corba-ikrami_e4a3297.jpg?fit=300%2C200\" data-large-file=\"https:\/\/i0.wp.com\/www.tvturk.com\/wp-content\/uploads\/2019\/02\/arisoydan-ise-giden-yolculara-sicak-corba-ikrami_e4a3297.jpg?fit=1000%2C666\" src=\"https:\/\/i0.wp.com\/www.tvturk.com\/wp-content\/uploads\/2019\/02\/arisoydan-ise-giden-yolculara-sicak-corba-ikrami_e4a3297.jpg?w=157&#038;h=105\" srcset=\"https:\/\/i0.wp.com\/www.tvturk.com\/wp-content\/uploads\/2019\/02\/arisoydan-ise-giden-yolculara-sicak-corba-ikrami_e4a3297.jpg?w=1000 1000w, https:\/\/i0.wp.com\/www.tvturk.com\/wp-content\/uploads\/2019\/02\/arisoydan-ise-giden-yolculara-sicak-corba-ikrami_e4a3297.jpg?resize=150%2C100 150w, https:\/\/i0.wp.com\/www.tvturk.com\/wp-content\/uploads\/2019\/02\/arisoydan-ise-giden-yolculara-sicak-corba-ikrami_e4a3297.jpg?resize=300%2C200 300w, https:\/\/i0.wp.com\/www.tvturk.com\/wp-content\/uploads\/2019\/02\/arisoydan-ise-giden-yolculara-sicak-corba-ikrami_e4a3297.jpg?resize=768%2C511 768w, https:\/\/i0.wp.com\/www.tvturk.com\/wp-content\/uploads\/2019\/02\/arisoydan-ise-giden-yolculara-sicak-corba-ikrami_e4a3297.jpg?resize=170%2C113 170w, https:\/\/i0.wp.com\/www.tvturk.com\/wp-content\/uploads\/2019\/02\/arisoydan-ise-giden-yolculara-sicak-corba-ikrami_e4a3297.jpg?resize=120%2C80 120w, https:\/\/i0.wp.com\/www.tvturk.com\/wp-content\/uploads\/2019\/02\/arisoydan-ise-giden-yolculara-sicak-corba-ikrami_e4a3297.jpg?resize=80%2C55 80w\" width=\"157\" height=\"105\" loading=\"lazy\" data-original-width=\"157\" data-original-height=\"105\" itemprop=\"http:\/\/schema.org\/image\" title=\"Ar\u0131soy\u2019dan i\u015fe giden yolculara s\u0131cak \u00e7orba ikram\u0131\" alt=\"Ar\u0131soy\u2019dan i\u015fe giden yolculara s\u0131cak \u00e7orba ikram\u0131\" style=\"width: 157px; height: 105px;\" \/> <\/a> <\/div> <div class=\"tiled-gallery-item tiled-gallery-item-small\" itemprop=\"associatedMedia\" itemscope itemtype=\"http:\/\/schema.org\/ImageObject\"> <a href=\"http:\/\/www.tvturk.com\/index.php\/arisoydan-ise-giden-yolculara-sicak-corba-ikrami\/arisoydan-ise-giden-yolculara-sicak-corba-ikrami-5\/\" border=\"0\" itemprop=\"url\"> <meta itemprop=\"width\" content=\"157\"> <meta itemprop=\"height\" content=\"114\"> <img decoding=\"async\" class=\"\" data-attachment-id=\"21130\" data-orig-file=\"http:\/\/www.tvturk.com\/wp-content\/uploads\/2019\/02\/arisoydan-ise-giden-yolculara-sicak-corba-ikrami_ab7243b.jpg\" data-orig-size=\"1000,725\" data-comments-opened=\"\" data-image-meta=\"{&quot;aperture&quot;:&quot;0&quot;,&quot;credit&quot;:&quot;IHA&quot;,&quot;camera&quot;:&quot;&quot;,&quot;caption&quot;:&quot;AK PART\\u0130 ZEYT\\u0130NBURNU BELED\\u0130YE BA\\u015eKAN ADAYI \\u00d6MER ARISOY, MARMARAY KAZLI\\u00c7E\\u015eME \\u0130STASYONU\\u2019NDA SICAK \\u00c7ORBA \\u0130KRAMIYLA VATANDA\\u015eLARIN \\u0130\\u00c7\\u0130N\\u0130 ISITTI. (CANER S\\u00d6NMEZ - MURAT KEMA\\u015e\\\/\\u0130STANBUL-\\u0130HA)&quot;,&quot;created_timestamp&quot;:&quot;0&quot;,&quot;copyright&quot;:&quot;\\u0130HLAS HABER AJANSI, www.iha.com.tr&quot;,&quot;focal_length&quot;:&quot;0&quot;,&quot;iso&quot;:&quot;0&quot;,&quot;shutter_speed&quot;:&quot;0&quot;,&quot;title&quot;:&quot;ARISOY\\u0027DAN \\u0130\\u015eE G\\u0130DEN YOLCULARA SICAK \\u00c7ORBA \\u0130KRAMI AK PART\\u0130 ZEYT\\u0130NBURNU ADAYI \\u00d6MER ARISOY, KAZLI\\u015e\\u00c7E\\u015eME MARMARAY DURA\\u011eINDA \\u00c7ORBA \\u0130KRAM ETT\\u0130&quot;,&quot;orientation&quot;:&quot;0&quot;}\" data-image-title=\"Ar\u0131soy\u2019dan i\u015fe giden yolculara s\u0131cak \u00e7orba ikram\u0131\" data-image-description=\"&lt;p&gt;Ar\u0131soy\u2019dan i\u015fe giden yolculara s\u0131cak \u00e7orba ikram\u0131&lt;\/p&gt; \" data-medium-file=\"https:\/\/i0.wp.com\/www.tvturk.com\/wp-content\/uploads\/2019\/02\/arisoydan-ise-giden-yolculara-sicak-corba-ikrami_ab7243b.jpg?fit=300%2C218\" data-large-file=\"https:\/\/i0.wp.com\/www.tvturk.com\/wp-content\/uploads\/2019\/02\/arisoydan-ise-giden-yolculara-sicak-corba-ikrami_ab7243b.jpg?fit=1000%2C725\" src=\"https:\/\/i0.wp.com\/www.tvturk.com\/wp-content\/uploads\/2019\/02\/arisoydan-ise-giden-yolculara-sicak-corba-ikrami_ab7243b.jpg?w=157&#038;h=114\" srcset=\"https:\/\/i0.wp.com\/www.tvturk.com\/wp-content\/uploads\/2019\/02\/arisoydan-ise-giden-yolculara-sicak-corba-ikrami_ab7243b.jpg?w=1000 1000w, https:\/\/i0.wp.com\/www.tvturk.com\/wp-content\/uploads\/2019\/02\/arisoydan-ise-giden-yolculara-sicak-corba-ikrami_ab7243b.jpg?resize=150%2C109 150w, https:\/\/i0.wp.com\/www.tvturk.com\/wp-content\/uploads\/2019\/02\/arisoydan-ise-giden-yolculara-sicak-corba-ikrami_ab7243b.jpg?resize=300%2C218 300w, https:\/\/i0.wp.com\/www.tvturk.com\/wp-content\/uploads\/2019\/02\/arisoydan-ise-giden-yolculara-sicak-corba-ikrami_ab7243b.jpg?resize=768%2C557 768w\" width=\"157\" height=\"114\" loading=\"lazy\" data-original-width=\"157\" data-original-height=\"114\" itemprop=\"http:\/\/schema.org\/image\" title=\"Ar\u0131soy\u2019dan i\u015fe giden yolculara s\u0131cak \u00e7orba ikram\u0131\" alt=\"Ar\u0131soy\u2019dan i\u015fe giden yolculara s\u0131cak \u00e7orba ikram\u0131\" style=\"width: 157px; height: 114px;\" \/> <\/a> <\/div> <\/div> <!-- close group --> <\/div> <!-- close row --> <div class=\"gallery-row\" style=\"width: 500px; height: 334px;\" data-original-width=\"500\" data-original-height=\"334\" > <div class=\"gallery-group images-1\" style=\"width: 500px; height: 334px;\" data-original-width=\"500\" data-original-height=\"334\" > <div class=\"tiled-gallery-item tiled-gallery-item-large\" itemprop=\"associatedMedia\" itemscope itemtype=\"http:\/\/schema.org\/ImageObject\"> <a href=\"http:\/\/www.tvturk.com\/index.php\/arisoydan-ise-giden-yolculara-sicak-corba-ikrami\/arisoydan-ise-giden-yolculara-sicak-corba-ikrami-6\/\" border=\"0\" itemprop=\"url\"> <meta itemprop=\"width\" content=\"496\"> <meta itemprop=\"height\" content=\"330\"> <img decoding=\"async\" class=\"\" data-attachment-id=\"21131\" data-orig-file=\"http:\/\/www.tvturk.com\/wp-content\/uploads\/2019\/02\/arisoydan-ise-giden-yolculara-sicak-corba-ikrami_400ed62.jpg\" data-orig-size=\"1000,666\" data-comments-opened=\"\" data-image-meta=\"{&quot;aperture&quot;:&quot;0&quot;,&quot;credit&quot;:&quot;IHA&quot;,&quot;camera&quot;:&quot;&quot;,&quot;caption&quot;:&quot;AK PART\\u0130 ZEYT\\u0130NBURNU BELED\\u0130YE BA\\u015eKAN ADAYI \\u00d6MER ARISOY, MARMARAY KAZLI\\u00c7E\\u015eME \\u0130STASYONU\\u2019NDA SICAK \\u00c7ORBA \\u0130KRAMIYLA VATANDA\\u015eLARIN \\u0130\\u00c7\\u0130N\\u0130 ISITTI. (CANER S\\u00d6NMEZ - MURAT KEMA\\u015e\\\/\\u0130STANBUL-\\u0130HA)&quot;,&quot;created_timestamp&quot;:&quot;0&quot;,&quot;copyright&quot;:&quot;\\u0130HLAS HABER AJANSI, www.iha.com.tr&quot;,&quot;focal_length&quot;:&quot;0&quot;,&quot;iso&quot;:&quot;0&quot;,&quot;shutter_speed&quot;:&quot;0&quot;,&quot;title&quot;:&quot;ARISOY\\u0027DAN \\u0130\\u015eE G\\u0130DEN YOLCULARA SICAK \\u00c7ORBA \\u0130KRAMI AK PART\\u0130 ZEYT\\u0130NBURNU ADAYI \\u00d6MER ARISOY, KAZLI\\u015e\\u00c7E\\u015eME MARMARAY DURA\\u011eINDA \\u00c7ORBA \\u0130KRAM ETT\\u0130&quot;,&quot;orientation&quot;:&quot;0&quot;}\" data-image-title=\"Ar\u0131soy\u2019dan i\u015fe giden yolculara s\u0131cak \u00e7orba ikram\u0131\" data-image-description=\"&lt;p&gt;Ar\u0131soy\u2019dan i\u015fe giden yolculara s\u0131cak \u00e7orba ikram\u0131&lt;\/p&gt; \" data-medium-file=\"https:\/\/i0.wp.com\/www.tvturk.com\/wp-content\/uploads\/2019\/02\/arisoydan-ise-giden-yolculara-sicak-corba-ikrami_400ed62.jpg?fit=300%2C200\" data-large-file=\"https:\/\/i0.wp.com\/www.tvturk.com\/wp-content\/uploads\/2019\/02\/arisoydan-ise-giden-yolculara-sicak-corba-ikrami_400ed62.jpg?fit=1000%2C666\" src=\"https:\/\/i0.wp.com\/www.tvturk.com\/wp-content\/uploads\/2019\/02\/arisoydan-ise-giden-yolculara-sicak-corba-ikrami_400ed62.jpg?w=496&#038;h=330\" srcset=\"https:\/\/i0.wp.com\/www.tvturk.com\/wp-content\/uploads\/2019\/02\/arisoydan-ise-giden-yolculara-sicak-corba-ikrami_400ed62.jpg?w=1000 1000w, https:\/\/i0.wp.com\/www.tvturk.com\/wp-content\/uploads\/2019\/02\/arisoydan-ise-giden-yolculara-sicak-corba-ikrami_400ed62.jpg?resize=150%2C100 150w, https:\/\/i0.wp.com\/www.tvturk.com\/wp-content\/uploads\/2019\/02\/arisoydan-ise-giden-yolculara-sicak-corba-ikrami_400ed62.jpg?resize=300%2C200 300w, https:\/\/i0.wp.com\/www.tvturk.com\/wp-content\/uploads\/2019\/02\/arisoydan-ise-giden-yolculara-sicak-corba-ikrami_400ed62.jpg?resize=768%2C511 768w, https:\/\/i0.wp.com\/www.tvturk.com\/wp-content\/uploads\/2019\/02\/arisoydan-ise-giden-yolculara-sicak-corba-ikrami_400ed62.jpg?resize=170%2C113 170w, https:\/\/i0.wp.com\/www.tvturk.com\/wp-content\/uploads\/2019\/02\/arisoydan-ise-giden-yolculara-sicak-corba-ikrami_400ed62.jpg?resize=120%2C80 120w\" width=\"496\" height=\"330\" loading=\"lazy\" data-original-width=\"496\" data-original-height=\"330\" itemprop=\"http:\/\/schema.org\/image\" title=\"Ar\u0131soy\u2019dan i\u015fe giden yolculara s\u0131cak \u00e7orba ikram\u0131\" alt=\"Ar\u0131soy\u2019dan i\u015fe giden yolculara s\u0131cak \u00e7orba ikram\u0131\" style=\"width: 496px; height: 330px;\" \/> <\/a> <\/div> <\/div> <!-- close group --> <\/div> <!-- close row --> <\/div><\/p>\n","protected":false},"excerpt":{"rendered":"<p>AK PART\u0130 ZEYT\u0130NBURNU BELED\u0130YE BA\u015eKAN ADAYI \u00d6MER ARISOY, MARMARAY KAZLI\u00c7E\u015eME \u0130STASYONU\u2019NDA SICAK \u00c7ORBA \u0130KRAMIYLA VATANDA\u015eLARIN \u0130\u00c7\u0130N\u0130 ISITTI.<\/p>\n","protected":false},"author":1,"featured_media":21127,"comment_status":"closed","ping_status":"open","sticky":false,"template":"","format":"standard","meta":{"jetpack_post_was_ever_published":false,"_jetpack_newsletter_access":"","_jetpack_dont_email_post_to_subs":false,"_jetpack_newsletter_tier_id":0,"_jetpack_memberships_contains_paywalled_content":false,"_jetpack_memberships_contains_paid_content":false,"footnotes":"","jetpack_publicize_message":"","jetpack_publicize_feature_enabled":true,"jetpack_social_post_already_shared":false,"jetpack_social_options":{"image_generator_settings":{"template":"highway","default_image_id":0,"font":"","enabled":false},"version":2}},"categories":[655],"tags":[9154,9156,4319,7799,140,256,9155],"class_list":["post-21126","post","type-post","status-publish","format-standard","has-post-thumbnail","hentry","category-son-dakika","tag-arisoydan","tag-corba","tag-giden","tag-ikrami","tag-ise","tag-sicak","tag-yolculara"],"jetpack_publicize_connections":[],"jetpack_featured_media_url":"https:\/\/i0.wp.com\/www.tvturk.com\/wp-content\/uploads\/2019\/02\/arisoydan-ise-giden-yolculara-sicak-corba-ikrami_8ffa703.jpg?fit=1000%2C666","jetpack_sharing_enabled":true,"jetpack_shortlink":"https:\/\/wp.me\/paKIfm-5uK","_links":{"self":[{"href":"http:\/\/www.tvturk.com\/index.php\/wp-json\/wp\/v2\/posts\/21126","targetHints":{"allow":["GET"]}}],"collection":[{"href":"http:\/\/www.tvturk.com\/index.php\/wp-json\/wp\/v2\/posts"}],"about":[{"href":"http:\/\/www.tvturk.com\/index.php\/wp-json\/wp\/v2\/types\/post"}],"author":[{"embeddable":true,"href":"http:\/\/www.tvturk.com\/index.php\/wp-json\/wp\/v2\/users\/1"}],"replies":[{"embeddable":true,"href":"http:\/\/www.tvturk.com\/index.php\/wp-json\/wp\/v2\/comments?post=21126"}],"version-history":[{"count":1,"href":"http:\/\/www.tvturk.com\/index.php\/wp-json\/wp\/v2\/posts\/21126\/revisions"}],"predecessor-version":[{"id":21132,"href":"http:\/\/www.tvturk.com\/index.php\/wp-json\/wp\/v2\/posts\/21126\/revisions\/21132"}],"wp:featuredmedia":[{"embeddable":true,"href":"http:\/\/www.tvturk.com\/index.php\/wp-json\/wp\/v2\/media\/21127"}],"wp:attachment":[{"href":"http:\/\/www.tvturk.com\/index.php\/wp-json\/wp\/v2\/media?parent=21126"}],"wp:term":[{"taxonomy":"category","embeddable":true,"href":"http:\/\/www.tvturk.com\/index.php\/wp-json\/wp\/v2\/categories?post=21126"},{"taxonomy":"post_tag","embeddable":true,"href":"http:\/\/www.tvturk.com\/index.php\/wp-json\/wp\/v2\/tags?post=21126"}],"curies":[{"name":"wp","href":"https:\/\/api.w.org\/{rel}","templated":true}]}}