{"id":211428,"date":"2019-10-04T16:03:06","date_gmt":"2019-10-04T13:03:06","guid":{"rendered":"http:\/\/www.tvturk.com\/index.php\/serbest-dalis-sampiyonasinda-rustem-derinden-turkiye-rekoru\/"},"modified":"2019-10-04T16:03:06","modified_gmt":"2019-10-04T13:03:06","slug":"serbest-dalis-sampiyonasinda-rustem-derinden-turkiye-rekoru","status":"publish","type":"post","link":"http:\/\/www.tvturk.com\/index.php\/serbest-dalis-sampiyonasinda-rustem-derinden-turkiye-rekoru\/","title":{"rendered":"Serbest Dal\u0131\u015f \u015eampiyonas\u0131\u2019nda R\u00fcstem Derin\u2019den T\u00fcrkiye rekoru"},"content":{"rendered":"<p>Antalya\u2019n\u0131n Ka\u015f il\u00e7esinde 1-5 Ekim aras\u0131nda d\u00fczenlenen Serbest Dal\u0131\u015f \u015eampiyonas\u0131\u2019n\u0131n \u00fc\u00e7\u00fcnc\u00fc g\u00fcn\u00fc D\u00fcnya Kupas\u0131\u2019nda, milli sporcu R\u00fcstem Derin T\u00fcrkiye rekoru k\u0131rd\u0131.<\/p>\n<p>D\u00fcnya Sualt\u0131 Aktiviteleri Konfederasyonu (CMAS) ile T\u00fcrkiye Sualt\u0131 Sporlar\u0131 Federasyonu (TSSF) taraf\u0131ndan ger\u00e7ekle\u015ftirilen \u2018Ka\u015f Ba\u015fka\u2019 Outdoor Serbest Dal\u0131\u015f D\u00fcnya Kupas\u0131\u2019nda bug\u00fcn T\u00fcrkiye, Kolombiya, Rusya, Polonya ve Brezilya\u2019dan toplamda 22 sporcu yar\u0131\u015f\u0131yor.<\/p>\n<p>Aralar\u0131nda d\u00fcnya rekortmeni \u015eahika Erc\u00fcmen\u2019in de yer ald\u0131\u011f\u0131 sporcular, Ka\u015f Belediyesi \u0130ncebo\u011faz Sosyal Tesisleri a\u00e7\u0131klar\u0131nda m\u00fccadele ediyor.<\/p>\n<p>Sabah yap\u0131lan yar\u0131\u015flarda, CMAS-TSSF \u2018Ka\u015f Ba\u015fka\u2019 Outdoor Serbest Dal\u0131\u015f D\u00fcnya Kupas\u0131\u2019nda yeni T\u00fcrkiye rekoru k\u0131r\u0131ld\u0131. \u00c7ift Paletli Sabit A\u011f\u0131rl\u0131k (CW-BF) disiplininde T\u00fcrk sporcu R\u00fcstem Derin, 2.50 dakikada 83 metreye dalarak yeni T\u00fcrkiye rekoruna imza att\u0131. Derin, 75 metreyle kendisine ait T\u00fcrkiye rekorunu geli\u015ftirerek, T\u00fcrkiye \u015fampiyonu oldu.<\/p>\n<p>Yar\u0131\u015f\u0131n ard\u0131ndan konu\u015fan rekortmen sporcu Derin, serbest dal\u0131\u015fa 35 ya\u015f\u0131nda ba\u015flad\u0131\u011f\u0131n\u0131 belirterek, \u201c\u015eu an 40\u2019l\u0131 ya\u015flarday\u0131m. \u0130ki y\u0131ld\u0131r T\u00fcrkiye rekoru k\u0131r\u0131yorum. \u00c7ok mutluyum\u201d dedi.<\/p>\n","protected":false},"excerpt":{"rendered":"<p>ANTALYA\u2019NIN KA\u015e \u0130L\u00c7ES\u0130NDE 1-5 EK\u0130M ARASINDA D\u00dcZENLENEN SERBEST DALI\u015e \u015eAMP\u0130YONASININ \u00dc\u00c7\u00dcNC\u00dc G\u00dcN\u00dc D\u00dcNYA KUPASI\u2019NDA, M\u0130LL\u0130 SPORCU R\u00dcSTEM DER\u0130N T\u00dcRK\u0130YE REKORU KIRDI.<\/p>\n","protected":false},"author":1,"featured_media":211429,"comment_status":"closed","ping_status":"open","sticky":false,"template":"","format":"standard","meta":{"jetpack_post_was_ever_published":false,"_jetpack_newsletter_access":"","_jetpack_dont_email_post_to_subs":false,"_jetpack_newsletter_tier_id":0,"_jetpack_memberships_contains_paywalled_content":false,"_jetpack_memberships_contains_paid_content":false,"footnotes":"","jetpack_publicize_message":"","jetpack_publicize_feature_enabled":true,"jetpack_social_post_already_shared":true,"jetpack_social_options":{"image_generator_settings":{"template":"highway","default_image_id":0,"font":"","enabled":false},"version":2}},"categories":[657],"tags":[14739,44097,6268,53434,13384,594,453],"class_list":["post-211428","post","type-post","status-publish","format-standard","has-post-thumbnail","hentry","category-spor","tag-dalis","tag-derinden","tag-rekoru","tag-rustem","tag-sampiyonasinda","tag-serbest","tag-turkiye"],"jetpack_publicize_connections":[],"jetpack_featured_media_url":"https:\/\/i0.wp.com\/www.tvturk.com\/wp-content\/uploads\/2019\/10\/serbest-dalis-sampiyonasinda-rustem-derinden-turkiye-rekoru_611d6eb.jpg?fit=1000%2C666","jetpack_sharing_enabled":true,"jetpack_shortlink":"https:\/\/wp.me\/paKIfm-T08","_links":{"self":[{"href":"http:\/\/www.tvturk.com\/index.php\/wp-json\/wp\/v2\/posts\/211428","targetHints":{"allow":["GET"]}}],"collection":[{"href":"http:\/\/www.tvturk.com\/index.php\/wp-json\/wp\/v2\/posts"}],"about":[{"href":"http:\/\/www.tvturk.com\/index.php\/wp-json\/wp\/v2\/types\/post"}],"author":[{"embeddable":true,"href":"http:\/\/www.tvturk.com\/index.php\/wp-json\/wp\/v2\/users\/1"}],"replies":[{"embeddable":true,"href":"http:\/\/www.tvturk.com\/index.php\/wp-json\/wp\/v2\/comments?post=211428"}],"version-history":[{"count":0,"href":"http:\/\/www.tvturk.com\/index.php\/wp-json\/wp\/v2\/posts\/211428\/revisions"}],"wp:featuredmedia":[{"embeddable":true,"href":"http:\/\/www.tvturk.com\/index.php\/wp-json\/wp\/v2\/media\/211429"}],"wp:attachment":[{"href":"http:\/\/www.tvturk.com\/index.php\/wp-json\/wp\/v2\/media?parent=211428"}],"wp:term":[{"taxonomy":"category","embeddable":true,"href":"http:\/\/www.tvturk.com\/index.php\/wp-json\/wp\/v2\/categories?post=211428"},{"taxonomy":"post_tag","embeddable":true,"href":"http:\/\/www.tvturk.com\/index.php\/wp-json\/wp\/v2\/tags?post=211428"}],"curies":[{"name":"wp","href":"https:\/\/api.w.org\/{rel}","templated":true}]}}