{"id":211519,"date":"2019-10-04T18:32:00","date_gmt":"2019-10-04T15:32:00","guid":{"rendered":"http:\/\/www.tvturk.com\/index.php\/nevsehir-milli-irade-platformundan-chpli-vekile-sert-tepki\/"},"modified":"2019-10-04T18:32:00","modified_gmt":"2019-10-04T15:32:00","slug":"nevsehir-milli-irade-platformundan-chpli-vekile-sert-tepki","status":"publish","type":"post","link":"http:\/\/www.tvturk.com\/index.php\/nevsehir-milli-irade-platformundan-chpli-vekile-sert-tepki\/","title":{"rendered":"Nev\u015fehir Milli \u0130rade Platformu\u2019ndan CHP\u2019li vekile sert tepki"},"content":{"rendered":"<p>Nev\u015fehir Milli \u0130rade Platformu, CHP Nev\u015fehir milletvekili Faruk Sar\u0131aslan\u2019\u0131n TBMM\u2019de konu\u015fmas\u0131nda Nev\u015fehir Valisi \u0130lhami Akta\u015f\u2019\u0131 hedef alan konu\u015fmalar\u0131na tepki a\u00e7\u0131klamas\u0131nda bulundu.<\/p>\n<p>CHP Nev\u015fehir milletvekili Faruk Sar\u0131aslan TBMM\u2019deki konu\u015fmas\u0131nda Nev\u015fehir Valisi \u0130lhami Akta\u015f\u2019\u0131 hedef alan a\u00e7\u0131klamas\u0131na Milli \u0130rade Platformu \u00fcyeleri tepki g\u00f6sterdi. Nev\u015fehir H\u00fck\u00fcmet Kona\u011f\u0131 \u00f6n\u00fcnde toplanan Milli \u0130rade Platformu \u00fcyeleri CHP milletvekili Faruk Sar\u0131aslan\u2019a tepki g\u00f6sterirken Nev\u015fehir Valisi \u0130lhami Akta\u015f\u2019a ise destek oldu. Platform ad\u0131na a\u00e7\u0131klamada bulunan Mustafa \u00d6zdemir, &#8220;Biz bug\u00fcne kadar sorumlulu\u011fumuzu yerine getirdik. Kendi sorumlulu\u011funun fark\u0131nda olmayanlar\u0131 da sorumlu olmaya davet ediyoruz&#8221; dedi.<\/p>\n<p>\u00d6zdemir, a\u00e7\u0131klamas\u0131na \u015f\u00f6yle devam etti:<\/p>\n<p>\u201cGe\u00e7ti\u011fimiz g\u00fcnlerde meclis k\u00fcrs\u00fcs\u00fcnden Nev\u015fehir milletvekili taraf\u0131ndan Say\u0131n Valimiz hakk\u0131nda yap\u0131lan a\u00e7\u0131klama Nev\u015fehirli hem\u015fehrilerimizi derinden \u00fczm\u00fc\u015ft\u00fcr. \u00d6zellikle 15 Temmuz d\u00f6neminde Say\u0131n Valimizin ilimize atand\u0131\u011f\u0131 g\u00fcnden itibaren \u00e7al\u0131\u015fkanl\u0131\u011f\u0131, gayreti, m\u00fctevazili\u011fi, devlet adaml\u0131\u011f\u0131 noktas\u0131nda Nev\u015fehirli hem\u015fehrilerimizin kalbinde ve g\u00f6nl\u00fcnde \u00f6nemli bir yer etmi\u015ftir. Say\u0131n Valimizin meclis k\u00fcrs\u00fcs\u00fcnde siyasetin konusu olmas\u0131n\u0131 do\u011fru bulmad\u0131\u011f\u0131m\u0131z\u0131 ifade etmek istiyoruz. Siyaset\u00e7ilerin rakiplerinin yine siyaset\u00e7iler oldu\u011funu hat\u0131rlatmak isteriz. S\u00f6z konusu milletvekilinin varsa ellerinde \u015fehrimizin b\u00fcy\u00fcmesi, kalk\u0131nmas\u0131, geli\u015fmesi i\u00e7in plan, proje \u00f6nerileri ile meclis k\u00fcrs\u00fcs\u00fcnden Milletin Meclisinden konu\u015fma yapmas\u0131n\u0131 beklerdik. Devletin Valisini k\u00fcrs\u00fcden bu \u015fekilde ele\u015ftirmesi siyasal kolayc\u0131l\u0131kt\u0131r. Biz se\u00e7ti\u011fimiz vekillerimizi Nev\u015fehir\u2019e hizmet etmeleri i\u00e7in se\u00e7ip meclise g\u00f6nderdik. \u0130linin sorunlar\u0131n\u0131n \u00e7\u00f6z\u00fcm\u00fcnde sanki Say\u0131n Vali engel oluyormu\u015f gibi bir alg\u0131 olu\u015fturmak do\u011fru de\u011fildir. Say\u0131n Valimiz i\u00e7in kullan\u0131lan \u00e7irkin \u00fcslubu da bir milletvekiline yak\u0131\u015ft\u0131ramad\u0131\u011f\u0131m\u0131z\u0131 ifade etmek istiyoruz. Nev\u015fehir Milli \u0130rade Platformuna destek olan vak\u0131f, dernek, sendikalar olarak ilimizin \u00e7\u00f6z\u00fcm bekleyen t\u00fcm sorunlar\u0131nda Say\u0131n Valimiz ile bug\u00fcne kadar \u00e7ok verimli \u00e7al\u0131\u015fmalar yapt\u0131k. Ayn\u0131 anlay\u0131\u015f\u0131n bundan sonrada devam edece\u011fini d\u00fc\u015f\u00fcn\u00fcyoruz. Siyasi d\u00fc\u015f\u00fcnce g\u00f6r\u00fc\u015f\u00fc ne olursa olsun ilimizi temsil eden siyaset, b\u00fcrokrasi ve STK\u2019lar\u0131n i\u015fbirli\u011fini, anlay\u0131\u015f\u0131 birli\u011fini \u00f6nemsiyoruz. Biz bug\u00fcne kadar sorumlulu\u011fumuzu yerine getirdik. Kendi sorumlulu\u011funun fark\u0131nda olmayanlar\u0131 da sorumlu olmaya davet ediyoruz.\u201d<\/p>\n","protected":false},"excerpt":{"rendered":"<p>NEV\u015eEH\u0130R M\u0130LL\u0130 \u0130RADE PLATFORMU, CHP NEV\u015eEH\u0130R M\u0130LLETVEK\u0130L\u0130 FARUK SARIASLAN\u2019IN TBMM\u2019DE KONU\u015eMASINDA NEV\u015eEH\u0130R VAL\u0130S\u0130 \u0130LHAM\u0130 AKTA\u015e\u2019I HEDEF ALAN KONU\u015eMALARINA TEPK\u0130 A\u00c7IKLAMASINDA BULUNDU.<\/p>\n","protected":false},"author":1,"featured_media":211520,"comment_status":"closed","ping_status":"open","sticky":false,"template":"","format":"standard","meta":{"jetpack_post_was_ever_published":false,"_jetpack_newsletter_access":"","_jetpack_dont_email_post_to_subs":false,"_jetpack_newsletter_tier_id":0,"_jetpack_memberships_contains_paywalled_content":false,"_jetpack_memberships_contains_paid_content":false,"footnotes":"","jetpack_publicize_message":"","jetpack_publicize_feature_enabled":true,"jetpack_social_post_already_shared":true,"jetpack_social_options":{"image_generator_settings":{"template":"highway","default_image_id":0,"font":"","enabled":false},"version":2}},"categories":[1],"tags":[623,13120,429,2470,9315,3503,961,13280],"class_list":["post-211519","post","type-post","status-publish","format-standard","has-post-thumbnail","hentry","category-genel","tag-chpli","tag-irade","tag-milli","tag-nevsehir","tag-platformundan","tag-sert","tag-tepki","tag-vekile"],"jetpack_publicize_connections":[],"jetpack_featured_media_url":"https:\/\/i0.wp.com\/www.tvturk.com\/wp-content\/uploads\/2019\/10\/nevsehir-milli-irade-platformundan-chpli-vekile-sert-tepki_af6add9.jpg?fit=1000%2C666","jetpack_sharing_enabled":true,"jetpack_shortlink":"https:\/\/wp.me\/paKIfm-T1B","_links":{"self":[{"href":"http:\/\/www.tvturk.com\/index.php\/wp-json\/wp\/v2\/posts\/211519","targetHints":{"allow":["GET"]}}],"collection":[{"href":"http:\/\/www.tvturk.com\/index.php\/wp-json\/wp\/v2\/posts"}],"about":[{"href":"http:\/\/www.tvturk.com\/index.php\/wp-json\/wp\/v2\/types\/post"}],"author":[{"embeddable":true,"href":"http:\/\/www.tvturk.com\/index.php\/wp-json\/wp\/v2\/users\/1"}],"replies":[{"embeddable":true,"href":"http:\/\/www.tvturk.com\/index.php\/wp-json\/wp\/v2\/comments?post=211519"}],"version-history":[{"count":0,"href":"http:\/\/www.tvturk.com\/index.php\/wp-json\/wp\/v2\/posts\/211519\/revisions"}],"wp:featuredmedia":[{"embeddable":true,"href":"http:\/\/www.tvturk.com\/index.php\/wp-json\/wp\/v2\/media\/211520"}],"wp:attachment":[{"href":"http:\/\/www.tvturk.com\/index.php\/wp-json\/wp\/v2\/media?parent=211519"}],"wp:term":[{"taxonomy":"category","embeddable":true,"href":"http:\/\/www.tvturk.com\/index.php\/wp-json\/wp\/v2\/categories?post=211519"},{"taxonomy":"post_tag","embeddable":true,"href":"http:\/\/www.tvturk.com\/index.php\/wp-json\/wp\/v2\/tags?post=211519"}],"curies":[{"name":"wp","href":"https:\/\/api.w.org\/{rel}","templated":true}]}}