{"id":211543,"date":"2019-10-04T20:32:46","date_gmt":"2019-10-04T17:32:46","guid":{"rendered":"http:\/\/www.tvturk.com\/index.php\/a-milli-takimi-arnavutluk-ve-fransa-maci-aday-kadrosu-belli-oldu\/"},"modified":"2019-10-04T20:32:46","modified_gmt":"2019-10-04T17:32:46","slug":"a-milli-takimi-arnavutluk-ve-fransa-maci-aday-kadrosu-belli-oldu","status":"publish","type":"post","link":"http:\/\/www.tvturk.com\/index.php\/a-milli-takimi-arnavutluk-ve-fransa-maci-aday-kadrosu-belli-oldu\/","title":{"rendered":"A Milli Tak\u0131m\u2019\u0131 Arnavutluk ve Fransa ma\u00e7\u0131 aday kadrosu belli oldu"},"content":{"rendered":"<p>A Milli Tak\u0131m\u2019\u0131n 2020 UEFA Avrupa Futbol \u015eampiyonas\u0131 Elemeleri\u2019nde Arnavutluk ve Fransa ile oynayaca\u011f\u0131 kar\u015f\u0131la\u015fmalar\u0131n aday kadrosu a\u00e7\u0131kland\u0131.<\/p>\n<p>Milli Tak\u0131mlar\u0131n sosyal medya hesab\u0131 \u00fczerinden saat 20.20\u2019de, 2020 UEFA Avrupa Futbol \u015eampiyonas\u0131 aday kadrosu a\u00e7\u0131kland\u0131. A Milli Tak\u0131m\u2019\u0131 Arnavutluk ve Fransa ma\u00e7\u0131 aday kadrosu \u015f\u00f6yle:<\/p>\n<p>&#8220;Mert G\u00fcn\u00fck, G\u00f6khan Akkan, Sinan Bolat, U\u011furcan, Zeki \u00c7elik, Naz\u0131m, \u00c7a\u011flar, Kaan, Merih, Ozan Kabak, Umur Mera\u015f, \u00d6mer Bayram, Deniz T\u00fcr\u00fc\u00e7, Efecan Karaca, Yusuf Yaz\u0131c\u0131, Abd\u00fclkadir Parmak, Dorukhan Tok\u00f6z, Emre, Mahmut, Okay, Ozan Tufan, Hakan \u00c7alhano\u011flu, \u0130rfan Can, Burak Y\u0131lmaz, Cenk Tosun, Kenan Karaman, Enes \u00dcnal.&#8221;<\/p>\n","protected":false},"excerpt":{"rendered":"<p>ADAY KADRO<\/p>\n","protected":false},"author":1,"featured_media":211544,"comment_status":"closed","ping_status":"open","sticky":false,"template":"","format":"standard","meta":{"jetpack_post_was_ever_published":false,"_jetpack_newsletter_access":"","_jetpack_dont_email_post_to_subs":false,"_jetpack_newsletter_tier_id":0,"_jetpack_memberships_contains_paywalled_content":false,"_jetpack_memberships_contains_paid_content":false,"footnotes":"","jetpack_publicize_message":"","jetpack_publicize_feature_enabled":true,"jetpack_social_post_already_shared":true,"jetpack_social_options":{"image_generator_settings":{"template":"highway","default_image_id":0,"font":"","enabled":false},"version":2}},"categories":[657],"tags":[541,21287,612,4545,20283,777,429,77,1462],"class_list":["post-211543","post","type-post","status-publish","format-standard","has-post-thumbnail","hentry","category-spor","tag-aday","tag-arnavutluk","tag-belli","tag-fransa","tag-kadrosu","tag-maci","tag-milli","tag-oldu","tag-takimi"],"jetpack_publicize_connections":[],"jetpack_featured_media_url":"https:\/\/i0.wp.com\/www.tvturk.com\/wp-content\/uploads\/2019\/10\/a-milli-takimi-arnavutluk-ve-fransa-maci-aday-kadrosu-belli-oldu_3db355e.jpg?fit=937%2C484","jetpack_sharing_enabled":true,"jetpack_shortlink":"https:\/\/wp.me\/paKIfm-T1Z","_links":{"self":[{"href":"http:\/\/www.tvturk.com\/index.php\/wp-json\/wp\/v2\/posts\/211543","targetHints":{"allow":["GET"]}}],"collection":[{"href":"http:\/\/www.tvturk.com\/index.php\/wp-json\/wp\/v2\/posts"}],"about":[{"href":"http:\/\/www.tvturk.com\/index.php\/wp-json\/wp\/v2\/types\/post"}],"author":[{"embeddable":true,"href":"http:\/\/www.tvturk.com\/index.php\/wp-json\/wp\/v2\/users\/1"}],"replies":[{"embeddable":true,"href":"http:\/\/www.tvturk.com\/index.php\/wp-json\/wp\/v2\/comments?post=211543"}],"version-history":[{"count":0,"href":"http:\/\/www.tvturk.com\/index.php\/wp-json\/wp\/v2\/posts\/211543\/revisions"}],"wp:featuredmedia":[{"embeddable":true,"href":"http:\/\/www.tvturk.com\/index.php\/wp-json\/wp\/v2\/media\/211544"}],"wp:attachment":[{"href":"http:\/\/www.tvturk.com\/index.php\/wp-json\/wp\/v2\/media?parent=211543"}],"wp:term":[{"taxonomy":"category","embeddable":true,"href":"http:\/\/www.tvturk.com\/index.php\/wp-json\/wp\/v2\/categories?post=211543"},{"taxonomy":"post_tag","embeddable":true,"href":"http:\/\/www.tvturk.com\/index.php\/wp-json\/wp\/v2\/tags?post=211543"}],"curies":[{"name":"wp","href":"https:\/\/api.w.org\/{rel}","templated":true}]}}