{"id":211549,"date":"2019-10-04T20:47:35","date_gmt":"2019-10-04T17:47:35","guid":{"rendered":"http:\/\/www.tvturk.com\/index.php\/a-milli-kadin-futbol-takimi-estonya-ile-0-0-berabere-kaldi\/"},"modified":"2019-10-04T20:47:35","modified_gmt":"2019-10-04T17:47:35","slug":"a-milli-kadin-futbol-takimi-estonya-ile-0-0-berabere-kaldi","status":"publish","type":"post","link":"http:\/\/www.tvturk.com\/index.php\/a-milli-kadin-futbol-takimi-estonya-ile-0-0-berabere-kaldi\/","title":{"rendered":"A Milli Kad\u0131n Futbol Tak\u0131m\u0131, Estonya ile 0-0 berabere kald\u0131"},"content":{"rendered":"<p>A Milli Kad\u0131n Futbol Tak\u0131m\u0131, Avrupa \u015eampiyonas\u0131 A Grubu 3. ma\u00e7\u0131nda evinde kar\u015f\u0131la\u015ft\u0131\u011f\u0131 Estonya ile 0-0 berabere kald\u0131. Milliler, bir sonraki m\u00fcsabakas\u0131nda 8 Ekim 2019 Sal\u0131 g\u00fcn\u00fc Kocaeli\u2019de Slovenya ile kar\u015f\u0131la\u015facak.<\/p>\n<p>15 Temmuz \u015eehitler Stad\u0131\u2019nda oynanan m\u00fcsabakay\u0131, T\u00fcrkiye Futbol Federasyonu Ba\u015fkan\u0131 Nihat \u00d6zdemir de takip etti. Ba\u015fkan Nihat \u00d6zdemir\u2019in yan\u0131 s\u0131ra TFF Ba\u015fkan Vekili Servet Yard\u0131mc\u0131 ve Genel Sekreter Kadir Karda\u015f ile Gen\u00e7 Milli Tak\u0131mlar ve Futbol Geli\u015fim Direkt\u00f6rl\u00fc\u011f\u00fc\u2019nden Sorumlu Milli Tak\u0131mlar Koordinat\u00f6r\u00fc O\u011fuz \u00c7etin, TFF Futbol Geli\u015fim Direkt\u00f6r\u00fc ve Gen\u00e7 Milli Tak\u0131mlar Sorumlusu Tolunay Kafkas da kar\u015f\u0131la\u015fmay\u0131 izledi. Kad\u0131n Milli Tak\u0131m futbolcular\u0131 protokol trib\u00fcn\u00fc \u00f6n\u00fcne gelerek destekleri i\u00e7in Nihat \u00d6zdemir\u2019e te\u015fekk\u00fcr etti.<\/p>\n<p>Stat: Sancaktepe Belediyesi 15 Temmuz \u015eehitler<\/p>\n<p>Hakemler: Marta Acedo xx, Silvia Perez xx, Carmela Bitrian xx, Paola Lopez xx<\/p>\n<p>T\u00fcrkiye: Selda Akg\u00f6z xx, Berna Yeni\u00e7eri xx, Didem Karagen\u00e7 xx (Selin Di\u015fli dk. 78 ?), Fatma Kara xx, Ecem C\u00fcmert xx (Medine Erkan dk. 64 x), Ebru Uzung\u00fcney xx (Arzu Karabulut dk. 46 xx), Melike Pekel xx, Selen Altunkulak xx, Ebru Top\u00e7u xx, \u0130pek Kaya xx, Kader Han\u00e7ar xx<\/p>\n<p>Yedekler: Fatma \u015eahin, Gamza Erkan, Derya Arhan, Sevgi \u00c7\u0131nar, Birg\u00fcl Sad\u0131ko\u011flu, Ba\u015fak G\u00fcndo\u011fdu, Fatma I\u015f\u0131k, Gizem G\u00f6n\u00fclta\u015f, Dilan A\u011fg\u00fcl<\/p>\n<p>Teknik Direkt\u00f6r: Talat Tuncel<\/p>\n<p>Estonya: Karina Kork xx, Siret Raamet xx, Pille Raadik xx, Vlada Kubassova xx, Katrin Loo xx, Signy Aarna xx (Getter Saar dk. 85 ?), Kristina Bannikova xx (Kelly Rosen dk. 90 ?), Lisette Tammik xx (Ave-Lii Laas dk. 76 x), Inna Zlidnis xx, Kethy Ounpuu xx, Ariina M\u00fcrkhain xx<\/p>\n<p>Yedekler: Strigin, Treiberg, Zabello, Rasmussen, Palmaru, Lillemae, Pedak<\/p>\n<p>Teknik Direkt\u00f6r: Jarmo Matikainen<\/p>\n<p>Sar\u0131 kartlar: Selen Altunkulak, Kader Han\u00e7ar (T\u00fcrkiye)<\/p>\n","protected":false},"excerpt":{"rendered":"<p>A M\u0130LL\u0130 KADIN FUTBOL TAKIMI, AVRUPA \u015eAMP\u0130YONASI A GRUBU 3. MA\u00c7INDA EV\u0130NDE KAR\u015eILA\u015eTI\u011eI ESTONYA \u0130LE 0-0 BERABERE KALDI.<\/p>\n","protected":false},"author":1,"featured_media":211550,"comment_status":"closed","ping_status":"open","sticky":false,"template":"","format":"standard","meta":{"jetpack_post_was_ever_published":false,"_jetpack_newsletter_access":"","_jetpack_dont_email_post_to_subs":false,"_jetpack_newsletter_tier_id":0,"_jetpack_memberships_contains_paywalled_content":false,"_jetpack_memberships_contains_paid_content":false,"footnotes":"","jetpack_publicize_message":"","jetpack_publicize_feature_enabled":true,"jetpack_social_post_already_shared":true,"jetpack_social_options":{"image_generator_settings":{"template":"highway","default_image_id":0,"font":"","enabled":false},"version":2}},"categories":[657],"tags":[53487,14435,53486,1461,192,108,1853,429,1462],"class_list":["post-211549","post","type-post","status-publish","format-standard","has-post-thumbnail","hentry","category-spor","tag-0-0","tag-berabere","tag-estonya","tag-futbol","tag-ile","tag-kadin","tag-kaldi","tag-milli","tag-takimi"],"jetpack_publicize_connections":[],"jetpack_featured_media_url":"https:\/\/i0.wp.com\/www.tvturk.com\/wp-content\/uploads\/2019\/10\/a-milli-kadin-futbol-takimi-estonya-ile-0-0-berabere-kaldi_1bd66cc.jpg?fit=1000%2C924","jetpack_sharing_enabled":true,"jetpack_shortlink":"https:\/\/wp.me\/paKIfm-T25","_links":{"self":[{"href":"http:\/\/www.tvturk.com\/index.php\/wp-json\/wp\/v2\/posts\/211549","targetHints":{"allow":["GET"]}}],"collection":[{"href":"http:\/\/www.tvturk.com\/index.php\/wp-json\/wp\/v2\/posts"}],"about":[{"href":"http:\/\/www.tvturk.com\/index.php\/wp-json\/wp\/v2\/types\/post"}],"author":[{"embeddable":true,"href":"http:\/\/www.tvturk.com\/index.php\/wp-json\/wp\/v2\/users\/1"}],"replies":[{"embeddable":true,"href":"http:\/\/www.tvturk.com\/index.php\/wp-json\/wp\/v2\/comments?post=211549"}],"version-history":[{"count":0,"href":"http:\/\/www.tvturk.com\/index.php\/wp-json\/wp\/v2\/posts\/211549\/revisions"}],"wp:featuredmedia":[{"embeddable":true,"href":"http:\/\/www.tvturk.com\/index.php\/wp-json\/wp\/v2\/media\/211550"}],"wp:attachment":[{"href":"http:\/\/www.tvturk.com\/index.php\/wp-json\/wp\/v2\/media?parent=211549"}],"wp:term":[{"taxonomy":"category","embeddable":true,"href":"http:\/\/www.tvturk.com\/index.php\/wp-json\/wp\/v2\/categories?post=211549"},{"taxonomy":"post_tag","embeddable":true,"href":"http:\/\/www.tvturk.com\/index.php\/wp-json\/wp\/v2\/tags?post=211549"}],"curies":[{"name":"wp","href":"https:\/\/api.w.org\/{rel}","templated":true}]}}