{"id":211565,"date":"2019-10-04T22:02:07","date_gmt":"2019-10-04T19:02:07","guid":{"rendered":"http:\/\/www.tvturk.com\/index.php\/necip-fazilin-unutulmaz-eseri-reis-bey-zeytinburnunda-sahnelenecek\/"},"modified":"2019-10-04T22:02:07","modified_gmt":"2019-10-04T19:02:07","slug":"necip-fazilin-unutulmaz-eseri-reis-bey-zeytinburnunda-sahnelenecek","status":"publish","type":"post","link":"http:\/\/www.tvturk.com\/index.php\/necip-fazilin-unutulmaz-eseri-reis-bey-zeytinburnunda-sahnelenecek\/","title":{"rendered":"Necip Faz\u0131l\u2019\u0131n unutulmaz eseri \u201cReis Bey\u201d Zeytinburnu\u2019nda sahnelenecek"},"content":{"rendered":"<p>Necip Faz\u0131l K\u0131sak\u00fcrek\u2019in unutulmaz eseri Reis Bey, bu y\u0131l 2019-2020 K\u00fclt\u00fcr ve Sanat Sezonu kapsam\u0131nda Zeytinburnu K\u00fclt\u00fcr ve Sanat Merkezi\u2019nde sahnelenecek.<\/p>\n<p>Zeytinburnu 2019-2020 K\u00fclt\u00fcr ve Sanat Sezonu a\u00e7\u0131l\u0131\u015f\u0131  &#8220;\u0130stanbul Devlet Modern Folk M\u00fczik Toplulu\u011fu&#8221; konseri ve Kadir Ablak\u2019\u0131n Kritik E\u015fik sergisi ile a\u00e7\u0131ld\u0131. A\u00e7\u0131l\u0131\u015fa Zeytinburnu Belediye Ba\u015fkan\u0131 \u00d6mer Ar\u0131soy ve bir\u00e7ok sanatsever kat\u0131ld\u0131. Protokol konu\u015fmalar\u0131 ile ba\u015flayan K\u00fclt\u00fcr ve Sanat Sezonu y\u0131l\u0131 a\u00e7\u0131l\u0131\u015f t\u00f6reni Kritik E\u015fik sergisi kurdele kesimi ile devam etti. Ard\u0131ndan Ba\u015fkan Ar\u0131soy beraberindeki heyet ve bir\u00e7ok sanatsever ile sergiyi gezdi. \u00d6te yandan Folk M\u00fczik Toplulu\u011fu ziyaret\u00e7ilere keyifli anlar ya\u015fatt\u0131. K\u00fclt\u00fcr ve Sanat Sezonu a\u00e7\u0131l\u0131\u015f\u0131nda konu\u015fan Ba\u015fkan Ar\u0131soy, Necip Faz\u0131l\u2019\u0131n unutulmaz eseri Reis Bey\u2019in Zeytinburnu\u2019nda sahne alaca\u011f\u0131 m\u00fcjdesini verdi.<\/p>\n<p>Reis Bey Zeytinburnu\u2019nda sahnelenecek<\/p>\n<p>Etkinliklere bu y\u0131l devlet tiyatrolar\u0131n\u0131n da kat\u0131ld\u0131\u011f\u0131n\u0131 s\u00f6yleyen Zeytinburnu Belediye Ba\u015fkan\u0131  \u00d6mer Ar\u0131soy, \u201cBu y\u0131l bir farkl\u0131l\u0131k olarak K\u00fclt\u00fcr Merkezi\u2019mizde K\u00fclt\u00fcr Bakanl\u0131\u011f\u0131 Devlet Tiyatrolar\u0131 sahne a\u00e7t\u0131. Her ay\u0131n 3 hafta sonu kendi etkinliklerimize ayr\u0131ld\u0131 di\u011fer 3 hafta sonu da Devlet tiyatrosu \u00e7ocuk oyunlar\u0131 ve yeti\u015fkin oyunlar\u0131 ile burada sahne alacak. Ekim ay\u0131nda ilk yeti\u015fkin devlet tiyatrosu oyunu Reis Bey buna dikkatinizi \u00e7ekmek istiyorum. Burada biz m\u00fcste\u015farl\u0131\u011f\u0131m d\u00f6neminde sahneye konan Reis Bey\u2019i bu y\u0131l in\u015fallah Zeytinburnu\u2019muzda sahneye koymak istiyoruz\u201d dedi.<\/p>\n<p>\u201c45 g\u00fcnde bir de\u011fi\u015fen sergiler olacak\u201d<\/p>\n<p>Ekim ay\u0131nda b\u00fcy\u00fck bir sergi d\u00fczenleyeceklerinin m\u00fcjdesini veren Ba\u015fkan Ar\u0131soy, \u201c15 y\u0131l ba\u015fkan yard\u0131mc\u0131l\u0131\u011f\u0131nda 5 y\u0131ll\u0131k bir arada K\u00fclt\u00fcr ve Turizm Bakanl\u0131\u011f\u0131 M\u00fcste\u015farl\u0131k ve Bakan yard\u0131mc\u0131l\u0131\u011f\u0131 yapt\u0131m. \u015eimdi yeniden burada daha \u00f6nceden yapt\u0131\u011f\u0131m\u0131z i\u015fleri ele al\u0131p burada niteli\u011fi \u00f6n plana \u00e7\u0131karan i\u015fler yapmak istiyoruz. Bu y\u0131l devlet tiyatrosu burada sahne a\u00e7t\u0131. G\u00fczel Sanatlar Genel M\u00fcd\u00fcrl\u00fc\u011f\u00fc\u2019m\u00fcz\u00fcn \u0130stanbul\u2019daki b\u00fct\u00fcn topluluklar\u0131 burada konser verecekler. \u015eimdi sergi alan\u0131nday\u0131z. 45 g\u00fcnde bir de\u011fi\u015fen sergiler olacak. Ayr\u0131ca bizim Zeytinburnu\u2019nda sadece k\u00fclt\u00fcr hizmeti veren 3 mekan\u0131m\u0131z daha var. 1\u2019i Kazl\u0131\u00e7e\u015fme \u2019de Sanat Galeri\u2019si orada daha b\u00fcy\u00fck sergiler yapaca\u011f\u0131z. Ekim ay\u0131 i\u00e7erisinde in\u015fallah iyi bir sergi ile hizmetinizde olaca\u011f\u0131z. Yeni K\u00fclt\u00fcr ve Sanat sezonunun hay\u0131rl\u0131 olmas\u0131n\u0131 diliyorum\u201d diye konu\u015ftu.<\/p>\n","protected":false},"excerpt":{"rendered":"<p>ZEYT\u0130NBURNU BELED\u0130YE BA\u015eKANI \u00d6MER ARISOY, \u201cBU YIL B\u0130R FARKLILIK OLARAK K\u00dcLT\u00dcR MERKEZ\u0130\u2019M\u0130ZDE K\u00dcLT\u00dcR BAKANLI\u011eI DEVLET T\u0130YATROLARI SAHNE A\u00c7TI. HER AYIN 3 HAFTA SONU KEND\u0130 ETK\u0130NL\u0130KLER\u0130M\u0130ZE AYRILDI D\u0130\u011eER 3 HAFTA SONU DA DEVLET T\u0130YATROSU \u00c7OCUK OYUNLARI VE YET\u0130\u015eK\u0130N OYUNLARI \u0130LE BURADA SAHNE ALACAK. EK\u0130M AYINDA \u0130LK YET\u0130\u015eK\u0130N DEVLET T\u0130YATROSU OYUNU RE\u0130S BEY BUNA D\u0130KKAT\u0130N\u0130Z\u0130 \u00c7EKMEK \u0130ST\u0130YORUM. BURADA B\u0130Z M\u00dcSTE\u015eARLI\u011eIM D\u00d6NEM\u0130NDE SAHNEYE KONAN RE\u0130S BEY\u2019\u0130 BU YIL \u0130N\u015eALLAH ZEYT\u0130NBURNU\u2019MUZDA SAHNEYE KOYMAK \u0130ST\u0130YORUZ\u201d DED\u0130.<\/p>\n","protected":false},"author":1,"featured_media":211566,"comment_status":"closed","ping_status":"open","sticky":false,"template":"","format":"standard","meta":{"jetpack_post_was_ever_published":false,"_jetpack_newsletter_access":"","_jetpack_dont_email_post_to_subs":false,"_jetpack_newsletter_tier_id":0,"_jetpack_memberships_contains_paywalled_content":false,"_jetpack_memberships_contains_paid_content":false,"footnotes":"","jetpack_publicize_message":"","jetpack_publicize_feature_enabled":true,"jetpack_social_post_already_shared":true,"jetpack_social_options":{"image_generator_settings":{"template":"highway","default_image_id":0,"font":"","enabled":false},"version":2}},"categories":[1],"tags":[7916,715,19183,38571,23141,50432,3909,18054],"class_list":["post-211565","post","type-post","status-publish","format-standard","has-post-thumbnail","hentry","category-genel","tag-reis","tag-bey","tag-eseri","tag-fazilin","tag-necip","tag-sahnelenecek","tag-unutulmaz","tag-zeytinburnunda"],"jetpack_publicize_connections":[],"jetpack_featured_media_url":"https:\/\/i0.wp.com\/www.tvturk.com\/wp-content\/uploads\/2019\/10\/necip-fazilin-unutulmaz-eseri-reis-bey-zeytinburnunda-sahnelenecek_a7fb0b7.jpg?fit=1000%2C750","jetpack_sharing_enabled":true,"jetpack_shortlink":"https:\/\/wp.me\/paKIfm-T2l","_links":{"self":[{"href":"http:\/\/www.tvturk.com\/index.php\/wp-json\/wp\/v2\/posts\/211565","targetHints":{"allow":["GET"]}}],"collection":[{"href":"http:\/\/www.tvturk.com\/index.php\/wp-json\/wp\/v2\/posts"}],"about":[{"href":"http:\/\/www.tvturk.com\/index.php\/wp-json\/wp\/v2\/types\/post"}],"author":[{"embeddable":true,"href":"http:\/\/www.tvturk.com\/index.php\/wp-json\/wp\/v2\/users\/1"}],"replies":[{"embeddable":true,"href":"http:\/\/www.tvturk.com\/index.php\/wp-json\/wp\/v2\/comments?post=211565"}],"version-history":[{"count":0,"href":"http:\/\/www.tvturk.com\/index.php\/wp-json\/wp\/v2\/posts\/211565\/revisions"}],"wp:featuredmedia":[{"embeddable":true,"href":"http:\/\/www.tvturk.com\/index.php\/wp-json\/wp\/v2\/media\/211566"}],"wp:attachment":[{"href":"http:\/\/www.tvturk.com\/index.php\/wp-json\/wp\/v2\/media?parent=211565"}],"wp:term":[{"taxonomy":"category","embeddable":true,"href":"http:\/\/www.tvturk.com\/index.php\/wp-json\/wp\/v2\/categories?post=211565"},{"taxonomy":"post_tag","embeddable":true,"href":"http:\/\/www.tvturk.com\/index.php\/wp-json\/wp\/v2\/tags?post=211565"}],"curies":[{"name":"wp","href":"https:\/\/api.w.org\/{rel}","templated":true}]}}