{"id":211609,"date":"2019-10-05T08:31:29","date_gmt":"2019-10-05T05:31:29","guid":{"rendered":"http:\/\/www.tvturk.com\/index.php\/hayvanlari-koruma-gununde-24-saat-canli-yayin\/"},"modified":"2019-10-05T08:31:29","modified_gmt":"2019-10-05T05:31:29","slug":"hayvanlari-koruma-gununde-24-saat-canli-yayin","status":"publish","type":"post","link":"http:\/\/www.tvturk.com\/index.php\/hayvanlari-koruma-gununde-24-saat-canli-yayin\/","title":{"rendered":"Hayvanlar\u0131 Koruma G\u00fcn\u00fc\u2019nde 24 saat canl\u0131 yay\u0131n"},"content":{"rendered":"<p>4 Ekim Hayvanlar\u0131 Koruma G\u00fcn\u00fc\u2019nde bir radyoda 24 saat canl\u0131 yay\u0131n yap\u0131ld\u0131. Gece boyunca radyo program\u0131n\u0131n yap\u0131ld\u0131\u011f\u0131 binay\u0131 ziyaret eden vatanda\u015flar renkli g\u00f6r\u00fcnt\u00fcler olu\u015fturdu. Canl\u0131 yay\u0131nda radyoyu ziyaret eden dinleyicilere sokak hayvanlar\u0131na vermeleri i\u00e7in yakla\u015f\u0131k 500 kilogram mama da\u011f\u0131t\u0131ld\u0131.<\/p>\n<p>Ankara\u2019da bir radyoda, Serkan K\u0131z\u0131lbay\u0131r ve \u00c7i\u011fdem \u00d6z e\u015fli\u011finde, 4 Ekim Hayvanlar\u0131 Koruma g\u00fcn\u00fc dolay\u0131s\u0131yla 24 saat kesintisiz canl\u0131 yay\u0131n yap\u0131ld\u0131. Canl\u0131 yay\u0131nda, radyoyu ziyaret eden dinleyiciler hem etkinli\u011fe kat\u0131larak bir araya geldi hem de kendilerine verilen mamalar\u0131 sokak hayvanlar\u0131na da\u011f\u0131tmak i\u00e7in teslim ald\u0131. Bunu bir g\u00f6rev niteli\u011finde de\u011ferlendiren dinleyiciler, sokak hayvanlar\u0131 i\u00e7in harekete ge\u00e7ti.<\/p>\n<p>500 kilogram mama sokak hayvanlar\u0131 i\u00e7in yola \u00e7\u0131kt\u0131<\/p>\n<p>Sosyal medya ve radyoda 24 saatlik canl\u0131 yay\u0131n arac\u0131l\u0131\u011f\u0131yla duyurulan etkinlik yo\u011fun ilgi g\u00f6rd\u00fc. G\u00fcn boyu y\u00fczlerce ki\u015finin ziyaret etti\u011fi etkinlikte radyo binas\u0131 \u015fenlik alan\u0131na d\u00f6nd\u00fc. Sokak hayvanlar\u0131na da\u011f\u0131tmak \u00fczere mamalar\u0131n\u0131 teslim almak i\u00e7in gelen dinleyici ve takip\u00e7ilere yakla\u015f\u0131k 500 kilogram mama da\u011f\u0131t\u0131ld\u0131. Hay\u0131rsever mama firmalar\u0131n\u0131n getirdi\u011fi mamalar k\u0131sa s\u00fcrede hayvan severler taraf\u0131ndan teslim al\u0131narak sokak hayvanlar\u0131na da\u011f\u0131t\u0131lmak \u00fczere yola \u00e7\u0131kt\u0131.<\/p>\n<p>\u201cMe\u015faleyi biz yakt\u0131k ta\u015f\u0131mas\u0131 sizden\u201d<\/p>\n<p>Proje fikrinin yine bir canl\u0131 yay\u0131n esnas\u0131nda \u00e7\u0131kt\u0131\u011f\u0131n\u0131 belirten Serkan K\u0131z\u0131ltepe, \u201c\u00c7i\u011fdem ile canl\u0131 yay\u0131ndayken 4 Ekim\u2019e biraz dikkat \u00e7ekmek istedik. \u00c7i\u011fdem\u2019de hadi bakal\u0131m deneyelim dedi ve proje b\u00f6ylece ba\u015flad\u0131\u201d dedi. \u00c7i\u011fdem \u00d6z, etkinli\u011fe olan yo\u011fun ilginin beklenenin \u00fczerinde oldu\u011funu belirterek, \u201cAlt\u0131 saatlik yay\u0131n i\u00e7erisinde 300 kilograma yak\u0131n mama da\u011f\u0131tt\u0131k. Daha da fazlas\u0131 bekliyor zaten bizi. Mamalar hay\u0131rsever mama firmalar\u0131m\u0131zdan geldi. Biz projemizden bahsettik onlarda seve seve kat\u0131lacaklar\u0131n\u0131 belirttiler. Biz radyocular olarak elimizden geleni yap\u0131yoruz. Kibriti biz \u00e7akt\u0131k, me\u015faleyi ta\u015f\u0131mak sizde\u201d diye konu\u015ftu.<\/p>\n<p>\u201cMamalar bizden da\u011f\u0131tmas\u0131 sizden\u201d<\/p>\n<p>Dinleyici ve takip\u00e7ilerini radyo binas\u0131na davet eden \u00c7i\u011fdem \u00d6z, \u201cProjede, ortalama 400 kilogram mamay\u0131 \u015fuan da\u011f\u0131tm\u0131\u015f olduk. Son 100 kilogram mama ise 2 saat i\u00e7erisinde sahiplerine yani sokak canl\u0131lar\u0131na ula\u015facak\u201d dedi. Kalan mamalar i\u00e7in hayvanseverlere seslenen \u00d6z, \u201cL\u00fctfen \u00e7\u0131k\u0131n gelin mamalar bizden da\u011f\u0131tmas\u0131 sizden\u201d \u015feklinde konu\u015ftu.<\/p>\n<p>Etkinli\u011fe kendi evcil hayvanlar\u0131 ile kat\u0131lan ziyaret\u00e7ilerden veteriner hekim \u00dcmit \u00d6ztekin, \u201cSosyal medyadan duydum bu organizasyonu. Gelip kat\u0131lmak istedim. \u0130nsanlar\u0131n bu kadar duyarl\u0131 olmas\u0131 ve bu konuya ilgi g\u00f6stermesi, e\u011flenmek dururken burada olmalar\u0131 bence \u00e7ok g\u00fczel bir hareket. Etkinli\u011fe olan ilgi duyarl\u0131l\u0131klar\u0131n artt\u0131\u011f\u0131n\u0131 g\u00f6steriyor. Bunun bir par\u00e7as\u0131 olmak i\u00e7inde buraya geldim. Veteriner hekimim uzun y\u0131llard\u0131r bu i\u015fi yap\u0131yorum. Sosyal medyada da bu organizasyonu duyunca gelmek ve bunun bir par\u00e7as\u0131 olmak istedim\u201d dedi.<\/p>\n<p>Etkinli\u011fi radyodan \u00f6\u011frendi\u011fini s\u00f6yleyen Duygu Demir\u00f6rs de, \u201cArabada giderken radyodan duydum. Ger\u00e7ekten \u00e7ok g\u00fczel bir proje. Sokak hayvanlar\u0131na destek olmak, onlar\u0131 beslemek ger\u00e7ekten harika. Her zaman sokak hayvanlar\u0131na su olsun mama olsun s\u0131k s\u0131k b\u0131rak\u0131yorum. Normalde ailemizde zaten kendi evcil hayvanlar\u0131m\u0131zda var. 2 k\u00f6pe\u011fimiz ve bir kedimiz var evde. Bu proje \u00e7ok iyi oldu. Buradan \u00e7\u0131k\u0131nca ilk i\u015fim sokak hayvanlar\u0131na bu mamalar\u0131 da\u011f\u0131tmak olacak\u201d ifadelerini kulland\u0131.<\/p>\n<p>Ziyaret\u00e7ilerden Meryem G\u00f6ktan\u0131r, etkinli\u011fi arkada\u015f\u0131 vas\u0131tas\u0131yla \u00f6\u011frendi\u011fini ve kat\u0131lmak istedi\u011fini belirterek, \u201c\u00c7ok kalabal\u0131k bir ekip var ve herkes g\u00f6n\u00fcll\u00fc dolay\u0131s\u0131yla burada olmaktan \u00e7ok mutluyum. \u00c7evremizdeki sokak hayvanlar\u0131na destek olmaya \u00e7al\u0131\u015f\u0131yoruz. K\u0131\u015f aylar\u0131nda onlara bar\u0131nak yapmaya \u00e7al\u0131\u015f\u0131yoruz. Sokaklara su ve mama b\u0131rak\u0131yoruz faydalanmalar\u0131 i\u00e7in\u201d dedi.<\/p>\n<p>Serkan K\u0131z\u0131ltepe\u2019nin d\u00fczenli bir dinleyicisi oldu\u011funu dile getiren Merve Gamze Karata\u015f, Serkan\u2019\u0131 zaten d\u00fczenli dinliyorduk ve onun \u00e7a\u011fr\u0131s\u0131na kay\u0131ts\u0131z kalmad\u0131k geldik. Burada hayvanlar\u0131m\u0131z\u0131 korumak ad\u0131na onlara destek olmak ad\u0131na bende bir hayvan sever olarak bulunmak istedim. Hayvanlar\u0131m\u0131z\u0131 koruyal\u0131m onlara sahip \u00e7\u0131kal\u0131m. \u00d6zellikle sokaktaki hayvanlara gerek mama gerek su olsun muhakkak yard\u0131mc\u0131 olal\u0131m\u201d ifadelerini kaydetti.<\/p>\n<p>Etkinli\u011fe ailesiyle birlikte kat\u0131lan Alper \u015earvan, \u201cYay\u0131n\u0131 sosyal medyadan duyduk. G\u00fczel bir proje oldu\u011funa kanaat getirdik ve sokaktaki canl\u0131lar\u0131 d\u00fc\u015f\u00fcnerek yemek al\u0131p onlara da\u011f\u0131tmak istedik. Sokak hayvanlar\u0131n\u0131 s\u0131k s\u0131k besledi\u011fimiz i\u00e7in bu g\u00fcn\u00fcn hayvanlar\u0131 koruma g\u00fcn\u00fc oldu\u011funu biliyorduk. Dolay\u0131s\u0131yla bu g\u00fcn de ayr\u0131ca bir vesile oldu bizim i\u00e7in\u201d dedi. K\u00fc\u00e7\u00fck Efe ise etkinli\u011fe gelme fikrinin kendisinden \u00e7\u0131kt\u0131\u011f\u0131n\u0131 ve buradan ald\u0131\u011f\u0131 mamalar\u0131 sokak hayvanlar\u0131na verece\u011fini s\u00f6yledi.<\/p>\n","protected":false},"excerpt":{"rendered":"<p>EK\u0130M HAYVANLARI KORUMA G\u00dcN\u00dc\u2019NDE B\u0130R RADYODA 24 SAAT CANLI YAYIN YAPILDI. GECE BOYUNCA RADYO PROGRAMININ YAPILDI\u011eI B\u0130NAYI Z\u0130YARET EDEN VATANDA\u015eLAR RENKL\u0130 G\u00d6R\u00dcNT\u00dcLER OLU\u015eTURDU. CANLI YAYINDA RADYOYU Z\u0130YARET EDEN D\u0130NLEY\u0130C\u0130LERE SOKAK HAYVANLARINA VERMELER\u0130 \u0130\u00c7\u0130N YAKLA\u015eIK 500 K\u0130LOGRAM MAMA DA\u011eITILDI.<\/p>\n","protected":false},"author":1,"featured_media":211610,"comment_status":"closed","ping_status":"open","sticky":false,"template":"","format":"standard","meta":{"jetpack_post_was_ever_published":false,"_jetpack_newsletter_access":"","_jetpack_dont_email_post_to_subs":false,"_jetpack_newsletter_tier_id":0,"_jetpack_memberships_contains_paywalled_content":false,"_jetpack_memberships_contains_paid_content":false,"footnotes":"","jetpack_publicize_message":"","jetpack_publicize_feature_enabled":true,"jetpack_social_post_already_shared":true,"jetpack_social_options":{"image_generator_settings":{"template":"highway","default_image_id":0,"font":"","enabled":false},"version":2}},"categories":[1],"tags":[4023,2246,9205,1185,902,6149],"class_list":["post-211609","post","type-post","status-publish","format-standard","has-post-thumbnail","hentry","category-genel","tag-canli","tag-gununde","tag-hayvanlari","tag-koruma","tag-saat","tag-yayin"],"jetpack_publicize_connections":[],"jetpack_featured_media_url":"https:\/\/i0.wp.com\/www.tvturk.com\/wp-content\/uploads\/2019\/10\/hayvanlari-koruma-gununde-24-saat-canli-yayin_31121c2.jpg?fit=1000%2C750","jetpack_sharing_enabled":true,"jetpack_shortlink":"https:\/\/wp.me\/paKIfm-T33","_links":{"self":[{"href":"http:\/\/www.tvturk.com\/index.php\/wp-json\/wp\/v2\/posts\/211609","targetHints":{"allow":["GET"]}}],"collection":[{"href":"http:\/\/www.tvturk.com\/index.php\/wp-json\/wp\/v2\/posts"}],"about":[{"href":"http:\/\/www.tvturk.com\/index.php\/wp-json\/wp\/v2\/types\/post"}],"author":[{"embeddable":true,"href":"http:\/\/www.tvturk.com\/index.php\/wp-json\/wp\/v2\/users\/1"}],"replies":[{"embeddable":true,"href":"http:\/\/www.tvturk.com\/index.php\/wp-json\/wp\/v2\/comments?post=211609"}],"version-history":[{"count":0,"href":"http:\/\/www.tvturk.com\/index.php\/wp-json\/wp\/v2\/posts\/211609\/revisions"}],"wp:featuredmedia":[{"embeddable":true,"href":"http:\/\/www.tvturk.com\/index.php\/wp-json\/wp\/v2\/media\/211610"}],"wp:attachment":[{"href":"http:\/\/www.tvturk.com\/index.php\/wp-json\/wp\/v2\/media?parent=211609"}],"wp:term":[{"taxonomy":"category","embeddable":true,"href":"http:\/\/www.tvturk.com\/index.php\/wp-json\/wp\/v2\/categories?post=211609"},{"taxonomy":"post_tag","embeddable":true,"href":"http:\/\/www.tvturk.com\/index.php\/wp-json\/wp\/v2\/tags?post=211609"}],"curies":[{"name":"wp","href":"https:\/\/api.w.org\/{rel}","templated":true}]}}