{"id":211706,"date":"2019-10-05T11:32:53","date_gmt":"2019-10-05T08:32:53","guid":{"rendered":"http:\/\/www.tvturk.com\/index.php\/turkiyenin-en-buyuk-fotograf-sergisi\/"},"modified":"2019-10-05T11:32:53","modified_gmt":"2019-10-05T08:32:53","slug":"turkiyenin-en-buyuk-fotograf-sergisi","status":"publish","type":"post","link":"http:\/\/www.tvturk.com\/index.php\/turkiyenin-en-buyuk-fotograf-sergisi\/","title":{"rendered":"T\u00fcrkiye\u2019nin en b\u00fcy\u00fck foto\u011fraf sergisi"},"content":{"rendered":"<p>T\u00fcrkiye\u2019nin en b\u00fcy\u00fck foto\u011fraf sergisi \u0130stanbul\u2019da a\u00e7\u0131ld\u0131. Farkl\u0131 tarihlerde Londra ve Paris\u2019te de d\u00fczenlenecek bir dizi serginin ilk aya\u011f\u0131 olan Printlife \u0130stanbul\u2019da yer alan 2 bin kare foto\u011fraf, 13 Ekim\u2019e kadar \u00fccretsiz olarak gezilebilecek.<\/p>\n<p>Printlife \u0130stanbul sergisinde yer alan her bir foto\u011fraf i\u00e7in yap\u0131lan ba\u011f\u0131\u015f ile y\u00fcz \u00e7ocu\u011fun bir y\u0131ll\u0131k e\u011fitim masraf\u0131 kar\u015f\u0131lanacak.<\/p>\n<p>Foto\u011fraf bask\u0131 k\u00fclt\u00fcr\u00fcn\u00fcn gelecek ku\u015faklara aktar\u0131lmas\u0131 i\u00e7in \u00e7al\u0131\u015fmalar\u0131n\u0131 aral\u0131ks\u0131z s\u00fcrd\u00fcren Fujifilm, Printlife sergisinin ilk aya\u011f\u0131 olan \u0130stanbul\u2019u, foto\u011fraf ka\u011f\u0131d\u0131na bas\u0131l\u0131 2 bin foto\u011fraf ile a\u00e7t\u0131. Fujifilm T\u00fcrkiye Ba\u015fkan\u0131 Michio Kondo, \u201cBu g\u00fczel \u00fclkede olmaktan dolay\u0131 \u00e7ok mutluyum\u201d dedi. Printlife \u0130stanbul\u2019da anlaml\u0131 bir i\u015f birli\u011fine imza at\u0131ld\u0131\u011f\u0131n\u0131 belirten Kondo, T\u00fcrkiye\u2019de e\u011fitim deste\u011fine ihtiya\u00e7 duyan \u00e7ocuklara katk\u0131 sa\u011flamak amac\u0131yla, sergilenen her bir foto\u011fraf i\u00e7in ba\u011f\u0131\u015f yap\u0131ld\u0131\u011f\u0131n\u0131 s\u00f6yledi. Kondo konu\u015fmas\u0131nda, \u201cFujifilm olarak, foto\u011fraf bask\u0131 k\u00fclt\u00fcr\u00fcn\u00fcn gelecek ku\u015faklara aktar\u0131lmas\u0131 i\u00e7in \u00e7al\u0131\u015fmalar\u0131m\u0131z\u0131 t\u00fcm d\u00fcnyada aral\u0131ks\u0131z s\u00fcrd\u00fcr\u00fcyoruz. Bunun i\u00e7in \u00e7ok b\u00fcy\u00fck bir \u00f6nem ta\u015f\u0131yan foto\u011fraf sergilerinin ilkini 2006 y\u0131l\u0131nda Japonya\u2019da ba\u015flatt\u0131k. O zamandan bu yana \u00e7ok ba\u015far\u0131l\u0131 i\u015flere imza att\u0131k. \u2018Her foto\u011fraf bas\u0131lmaya de\u011ferdir\u2019 diyoruz. \u2018Her foto\u011fraf bir hikaye anlat\u0131r\u2019 mottosuyla \u00e7\u0131kt\u0131\u011f\u0131m\u0131z bu yolda fark\u0131ndal\u0131k olu\u015fturmay\u0131 ve insanlar\u0131 dijital foto\u011fraflar\u0131n\u0131 karta bast\u0131rmaya te\u015fvik etmeyi ama\u00e7l\u0131yoruz\u201d dedi.<\/p>\n<p>Printlife\u2019\u0131n g\u00f6rd\u00fc\u011f\u00fc ilgiden son derece memnun olduklar\u0131n\u0131 belirten Kondo \u015f\u00f6yle devam etti: \u201cT\u00fcrk halk\u0131n\u0131n foto\u011frafa olan bu ilgisi \u015fimdi \u2018T\u00fcrkiye\u2019nin en b\u00fcy\u00fck foto\u011fraf sergisi\u2019 olarak huzurlar\u0131n\u0131zda. Burada sergilenen 2 bin kare foto\u011fraf \u00e7ok k\u0131sa bir s\u00fcrede topland\u0131. Her biri ya\u015fam\u0131n i\u00e7inden kareler, a\u011f\u0131rl\u0131kl\u0131 olarak da manzara ve portre foto\u011fraflar\u0131ndan olu\u015fuyor. Printlife\u2019\u0131n T\u00fcrkiye\u2019de g\u00f6rd\u00fc\u011f\u00fc bu ilgi bize b\u00fcy\u00fck bir \u015fevk verdi ve yeni sergiler yapmak i\u00e7in bizi cesaretlendirdi.\u201c<\/p>\n<p>2 bin foto\u011fraf\u0131n 30 x 30 cm. \u00f6l\u00e7\u00fclerinde foto\u011fraf k\u00e2\u011f\u0131d\u0131na bas\u0131lmas\u0131yla olu\u015fan sergi, 13 Ekim\u2019e kadar ziyaret edilebilecek.<\/p>\n","protected":false},"excerpt":{"rendered":"<p>T\u00dcRK\u0130YE\u2019N\u0130N EN B\u00dcY\u00dcK FOTO\u011eRAF SERG\u0130S\u0130 \u0130STANBUL&#8217;DA A\u00c7ILDI. FARKLI TAR\u0130HLERDE LONDRA VE PAR\u0130S\u2019TE DE D\u00dcZENLENECEK B\u0130R D\u0130Z\u0130 SERG\u0130N\u0130N \u0130LK AYA\u011eI OLAN PR\u0130NTL\u0130FE \u0130STANBUL\u2019DA YER ALAN 2 B\u0130N KARE FOTO\u011eRAF, 13 EK\u0130M\u2019E KADAR \u00dcCRETS\u0130Z OLARAK GEZ\u0130LEB\u0130LECEK.<\/p>\n","protected":false},"author":1,"featured_media":211707,"comment_status":"closed","ping_status":"open","sticky":false,"template":"","format":"standard","meta":{"jetpack_post_was_ever_published":false,"_jetpack_newsletter_access":"","_jetpack_dont_email_post_to_subs":false,"_jetpack_newsletter_tier_id":0,"_jetpack_memberships_contains_paywalled_content":false,"_jetpack_memberships_contains_paid_content":false,"footnotes":"","jetpack_publicize_message":"","jetpack_publicize_feature_enabled":true,"jetpack_social_post_already_shared":true,"jetpack_social_options":{"image_generator_settings":{"template":"highway","default_image_id":0,"font":"","enabled":false},"version":2}},"categories":[656],"tags":[545,5874,1335,177],"class_list":["post-211706","post","type-post","status-publish","format-standard","has-post-thumbnail","hentry","category-kultur-sanat","tag-buyuk","tag-fotograf","tag-sergisi","tag-turkiyenin"],"jetpack_publicize_connections":[],"jetpack_featured_media_url":"https:\/\/i0.wp.com\/www.tvturk.com\/wp-content\/uploads\/2019\/10\/turkiyenin-en-buyuk-fotograf-sergisi_7ae4d2b.jpg?fit=1000%2C666","jetpack_sharing_enabled":true,"jetpack_shortlink":"https:\/\/wp.me\/paKIfm-T4C","_links":{"self":[{"href":"http:\/\/www.tvturk.com\/index.php\/wp-json\/wp\/v2\/posts\/211706","targetHints":{"allow":["GET"]}}],"collection":[{"href":"http:\/\/www.tvturk.com\/index.php\/wp-json\/wp\/v2\/posts"}],"about":[{"href":"http:\/\/www.tvturk.com\/index.php\/wp-json\/wp\/v2\/types\/post"}],"author":[{"embeddable":true,"href":"http:\/\/www.tvturk.com\/index.php\/wp-json\/wp\/v2\/users\/1"}],"replies":[{"embeddable":true,"href":"http:\/\/www.tvturk.com\/index.php\/wp-json\/wp\/v2\/comments?post=211706"}],"version-history":[{"count":0,"href":"http:\/\/www.tvturk.com\/index.php\/wp-json\/wp\/v2\/posts\/211706\/revisions"}],"wp:featuredmedia":[{"embeddable":true,"href":"http:\/\/www.tvturk.com\/index.php\/wp-json\/wp\/v2\/media\/211707"}],"wp:attachment":[{"href":"http:\/\/www.tvturk.com\/index.php\/wp-json\/wp\/v2\/media?parent=211706"}],"wp:term":[{"taxonomy":"category","embeddable":true,"href":"http:\/\/www.tvturk.com\/index.php\/wp-json\/wp\/v2\/categories?post=211706"},{"taxonomy":"post_tag","embeddable":true,"href":"http:\/\/www.tvturk.com\/index.php\/wp-json\/wp\/v2\/tags?post=211706"}],"curies":[{"name":"wp","href":"https:\/\/api.w.org\/{rel}","templated":true}]}}