{"id":211732,"date":"2019-10-05T12:32:22","date_gmt":"2019-10-05T09:32:22","guid":{"rendered":"http:\/\/www.tvturk.com\/index.php\/imece-usulu-minare-yikimi\/"},"modified":"2019-10-05T12:32:22","modified_gmt":"2019-10-05T09:32:22","slug":"imece-usulu-minare-yikimi","status":"publish","type":"post","link":"http:\/\/www.tvturk.com\/index.php\/imece-usulu-minare-yikimi\/","title":{"rendered":"\u0130mece usul\u00fc minare y\u0131k\u0131m\u0131"},"content":{"rendered":"<p>Afyonkarahisar\u2019da yenisi yap\u0131lacak bir caminin eski minaresi, vatanda\u015flar taraf\u0131ndan imece usul\u00fc ile y\u0131k\u0131ld\u0131.<\/p>\n<p>Afyonkarahisar\u2019\u0131n Dinar il\u00e7esine ba\u011fl\u0131 Tatarl\u0131 beldesinde ge\u00e7en g\u00fcnlerde yenisi yap\u0131lmas\u0131 i\u00e7in y\u0131k\u0131lan caminin minaresi, vatanda\u015flar\u0131n imece usul\u00fc \u00e7al\u0131\u015fmas\u0131yla y\u0131k\u0131ld\u0131. Vatanda\u015flar halat ve \u00e7ekici y\u00f6ntemi ile y\u0131k\u0131lacak minarenin etraf\u0131nda \u00f6nceden \u00f6nlem alarak kimseyi yakla\u015ft\u0131rmad\u0131. Minareye ba\u011flad\u0131klar\u0131 halatlar\u0131 y\u0131k\u0131m i\u00e7in kullan\u0131lacak olan vince ba\u011flayan mahalleli, y\u0131k\u0131m an\u0131nda herhangi bir aksili\u011fin ya\u015fanmamas\u0131 i\u00e7in belde halk\u0131n\u0131 uyard\u0131. Daha sonra vincin hareket etmesi ile birlikte minarenin bir k\u0131sm\u0131 y\u0131k\u0131ld\u0131. Bir anda ortal\u0131k toz duman olurken y\u0131k\u0131m ekibi hemen etrafta temizleme \u00e7al\u0131\u015fmas\u0131 yapt\u0131. Y\u0131k\u0131m \u00f6ncesi ve y\u0131k\u0131m esnas\u0131nda belde halk\u0131ndan bir vatanda\u015f minarenin y\u0131k\u0131m an\u0131n\u0131 saniye saniye g\u00f6r\u00fcnt\u00fcleyerek kendi sosyal medya hesab\u0131ndan payla\u015ft\u0131. G\u00f6r\u00fcnt\u00fcleri \u00e7eken ki\u015fi minare y\u0131k\u0131l\u0131rken \u201cBomba atm\u0131\u015f gibi\u201d diyerek y\u0131k\u0131m\u0131n \u015fiddetini dile getirdi. G\u00f6r\u00fcnt\u00fcleri \u00e7eken \u015fah\u0131s ise y\u0131k\u0131m\u0131 canl\u0131 yay\u0131ndan payla\u015ft\u0131\u011f\u0131n\u0131 da dile getirdi.<\/p>\n<p>Yeni bir cami yapmak i\u00e7in eski caminin y\u0131k\u0131m karar\u0131n\u0131 alan belde sakinleri hafriyat \u00e7al\u0131\u015fmalar\u0131n\u0131n tamamlanmas\u0131n\u0131n ard\u0131ndan yeni cami in\u015faat\u0131na ba\u015flayacaklar\u0131 kaydedildi.<\/p>\n","protected":false},"excerpt":{"rendered":"<p>AFYONKARAH\u0130SAR\u2019DA B\u0130R CAM\u0130N\u0130N M\u0130NARES\u0130N\u0130N YEN\u0130S\u0130 YAPILMASI \u0130\u00c7\u0130N YIKILMASI GEREK\u0130YORDU. M\u0130NAREN\u0130N VATANDA\u015eLAR TARAFINDAN \u0130MECE USUL\u00dc YIKILMASIYLA ORTAYA \u0130LG\u0130N\u00c7 G\u00d6R\u00dcNT\u00dcLER \u00c7IKTI.<\/p>\n","protected":false},"author":1,"featured_media":211733,"comment_status":"closed","ping_status":"open","sticky":false,"template":"","format":"standard","meta":{"jetpack_post_was_ever_published":false,"_jetpack_newsletter_access":"","_jetpack_dont_email_post_to_subs":false,"_jetpack_newsletter_tier_id":0,"_jetpack_memberships_contains_paywalled_content":false,"_jetpack_memberships_contains_paid_content":false,"footnotes":"","jetpack_publicize_message":"","jetpack_publicize_feature_enabled":true,"jetpack_social_post_already_shared":true,"jetpack_social_options":{"image_generator_settings":{"template":"highway","default_image_id":0,"font":"","enabled":false},"version":2}},"categories":[1],"tags":[6189,33680,6190,7153],"class_list":["post-211732","post","type-post","status-publish","format-standard","has-post-thumbnail","hentry","category-genel","tag-imece","tag-minare","tag-usulu","tag-yikimi"],"jetpack_publicize_connections":[],"jetpack_featured_media_url":"https:\/\/i0.wp.com\/www.tvturk.com\/wp-content\/uploads\/2019\/10\/imece-usulu-minare-yikimi_39df5e3.jpg?fit=340%2C463","jetpack_sharing_enabled":true,"jetpack_shortlink":"https:\/\/wp.me\/paKIfm-T52","_links":{"self":[{"href":"http:\/\/www.tvturk.com\/index.php\/wp-json\/wp\/v2\/posts\/211732","targetHints":{"allow":["GET"]}}],"collection":[{"href":"http:\/\/www.tvturk.com\/index.php\/wp-json\/wp\/v2\/posts"}],"about":[{"href":"http:\/\/www.tvturk.com\/index.php\/wp-json\/wp\/v2\/types\/post"}],"author":[{"embeddable":true,"href":"http:\/\/www.tvturk.com\/index.php\/wp-json\/wp\/v2\/users\/1"}],"replies":[{"embeddable":true,"href":"http:\/\/www.tvturk.com\/index.php\/wp-json\/wp\/v2\/comments?post=211732"}],"version-history":[{"count":0,"href":"http:\/\/www.tvturk.com\/index.php\/wp-json\/wp\/v2\/posts\/211732\/revisions"}],"wp:featuredmedia":[{"embeddable":true,"href":"http:\/\/www.tvturk.com\/index.php\/wp-json\/wp\/v2\/media\/211733"}],"wp:attachment":[{"href":"http:\/\/www.tvturk.com\/index.php\/wp-json\/wp\/v2\/media?parent=211732"}],"wp:term":[{"taxonomy":"category","embeddable":true,"href":"http:\/\/www.tvturk.com\/index.php\/wp-json\/wp\/v2\/categories?post=211732"},{"taxonomy":"post_tag","embeddable":true,"href":"http:\/\/www.tvturk.com\/index.php\/wp-json\/wp\/v2\/tags?post=211732"}],"curies":[{"name":"wp","href":"https:\/\/api.w.org\/{rel}","templated":true}]}}