{"id":211742,"date":"2019-10-05T12:46:36","date_gmt":"2019-10-05T09:46:36","guid":{"rendered":"http:\/\/www.tvturk.com\/index.php\/burhaniyeliler-tanzanyali-yetimler-icin-tel-orme-makinesi-yapti\/"},"modified":"2019-10-05T12:46:36","modified_gmt":"2019-10-05T09:46:36","slug":"burhaniyeliler-tanzanyali-yetimler-icin-tel-orme-makinesi-yapti","status":"publish","type":"post","link":"http:\/\/www.tvturk.com\/index.php\/burhaniyeliler-tanzanyali-yetimler-icin-tel-orme-makinesi-yapti\/","title":{"rendered":"Burhaniyeliler Tanzanyal\u0131 yetimler i\u00e7in tel \u00f6rme makinesi yapt\u0131"},"content":{"rendered":"<p>Burhaniye il\u00e7esinde, geli\u015ftirdikleri tel \u00f6rme makinelerini yakla\u015f\u0131k 12 y\u0131ldan beri pek \u00e7ok \u00fclkeye ihra\u00e7 eden Co\u015fkun Sever ile o\u011flu Enes Sever, bu defa da \u00f6nemli bir projeye imza att\u0131. Baba o\u011ful, Tanzanya B\u00fcy\u00fckel\u00e7isi Ali Davuto\u011flu ve Burhaniyeli e\u015fi Ye\u015fim Me\u00e7o Davuto\u011flu ile g\u00f6r\u00fc\u015ferek Tanzanya\u2019daki bir yetimhane i\u00e7in tel \u00f6rme makinesi yapmaya karar verdi.<\/p>\n<p>Burhaniye Sanayi Sitesindeki at\u00f6lyelerinde makinenin yap\u0131m\u0131na ba\u015flayan Co\u015fkun Sever ve Enes Sever, \u201cBir c\u0131vata da sen s\u0131k. Bir kaynak da sen yap\u201d slogan\u0131 ile Burhaniyelileri bu hayra dahil etti. Taraftar gruplar\u0131ndan i\u015f adamlar\u0131na,  esnaflara ve siyaset\u00e7ilere kadar y\u00fczlerce vatanda\u015f c\u0131vata s\u0131kt\u0131 ve kaynak yapt\u0131. Saatte  90 metrekare tel \u00f6rme kapasitesine sahip olan makinenin yap\u0131m\u0131 tamamlan\u0131rken, kamyona y\u00fcklenmesine de gene \u00e7ok say\u0131da vatanda\u015f kat\u0131ld\u0131. Bir hayali ger\u00e7ekle\u015ftirmenin mutlulu\u011funu ya\u015fad\u0131klar\u0131n\u0131 anlatan Enes Sever, bir c\u0131vata s\u0131kan herkese te\u015fekk\u00fcr etti\u011fini a\u00e7\u0131klad\u0131. Makinen hay\u0131rl\u0131 olmas\u0131n\u0131 dileyen R\u0131za Pubu\u00e7\u00e7u\u0131o\u011flu, \u201c Bunu ger\u00e7ekle\u015ftiren Sever Makine ailesine te\u015fekk\u00fcr ediyorum. Tanzanya\u2019ya hay\u0131rl\u0131 u\u011furlu olsun\u201d dedi.<\/p>\n<p>Taraftar gruplar\u0131ndan \u0130lyas Kola\u015f\u0131nli de, \u201cBurhaniyeli Aginolar olarak biz de buraya bir vida s\u0131kmak i\u00e7in geldik. Deste\u011finden dolay\u0131 Sever Makine \u00e7al\u0131\u015fanlar\u0131na ve sahiplerine te\u015fekk\u00fcr ediyorum. Bundan sonra b\u00f6yle projelerde bizim de katk\u0131m\u0131z\u0131n olaca\u011f\u0131n\u0131 d\u00fc\u015f\u00fcn\u00fcyorum\u201d dedi.<\/p>\n<p>1903 Be\u015fikta\u015fl\u0131lar Derne\u011fi Ba\u015fkan\u0131 H\u00fcseyin \u00c7olak ise, \u201cTanzanya\u2019da yetimhanede kalan \u00e7ocuklara faydal\u0131 olacak bir proje ba\u015flat\u0131ld\u0131. Bir c\u0131vata da sen s\u0131k projesine destek olmak i\u00e7in arkada\u015flar\u0131m\u0131zla buraya gelmi\u015f bulunuyoruz. Kendilerine bu projede \u00f6nc\u00fc olduklar\u0131 i\u00e7in te\u015fekk\u00fcr ediyorum\u201d dedi.<\/p>\n","protected":false},"excerpt":{"rendered":"<p>MAK\u0130NEYE DESTEK OLANLAR<\/p>\n","protected":false},"author":1,"featured_media":211743,"comment_status":"closed","ping_status":"open","sticky":false,"template":"","format":"standard","meta":{"jetpack_post_was_ever_published":false,"_jetpack_newsletter_access":"","_jetpack_dont_email_post_to_subs":false,"_jetpack_newsletter_tier_id":0,"_jetpack_memberships_contains_paywalled_content":false,"_jetpack_memberships_contains_paid_content":false,"footnotes":"","jetpack_publicize_message":"","jetpack_publicize_feature_enabled":true,"jetpack_social_post_already_shared":true,"jetpack_social_options":{"image_generator_settings":{"template":"highway","default_image_id":0,"font":"","enabled":false},"version":2}},"categories":[1],"tags":[53546,44,12102,15770,53547,1236,292,37351],"class_list":["post-211742","post","type-post","status-publish","format-standard","has-post-thumbnail","hentry","category-genel","tag-burhaniyeliler","tag-icin","tag-makinesi","tag-orme","tag-tanzanyali","tag-tel","tag-yapti","tag-yetimler"],"jetpack_publicize_connections":[],"jetpack_featured_media_url":"https:\/\/i0.wp.com\/www.tvturk.com\/wp-content\/uploads\/2019\/10\/burhaniyeliler-tanzanyali-yetimler-icin-tel-orme-makinesi-yapti_f764c61.jpg?fit=1000%2C666","jetpack_sharing_enabled":true,"jetpack_shortlink":"https:\/\/wp.me\/paKIfm-T5c","_links":{"self":[{"href":"http:\/\/www.tvturk.com\/index.php\/wp-json\/wp\/v2\/posts\/211742","targetHints":{"allow":["GET"]}}],"collection":[{"href":"http:\/\/www.tvturk.com\/index.php\/wp-json\/wp\/v2\/posts"}],"about":[{"href":"http:\/\/www.tvturk.com\/index.php\/wp-json\/wp\/v2\/types\/post"}],"author":[{"embeddable":true,"href":"http:\/\/www.tvturk.com\/index.php\/wp-json\/wp\/v2\/users\/1"}],"replies":[{"embeddable":true,"href":"http:\/\/www.tvturk.com\/index.php\/wp-json\/wp\/v2\/comments?post=211742"}],"version-history":[{"count":0,"href":"http:\/\/www.tvturk.com\/index.php\/wp-json\/wp\/v2\/posts\/211742\/revisions"}],"wp:featuredmedia":[{"embeddable":true,"href":"http:\/\/www.tvturk.com\/index.php\/wp-json\/wp\/v2\/media\/211743"}],"wp:attachment":[{"href":"http:\/\/www.tvturk.com\/index.php\/wp-json\/wp\/v2\/media?parent=211742"}],"wp:term":[{"taxonomy":"category","embeddable":true,"href":"http:\/\/www.tvturk.com\/index.php\/wp-json\/wp\/v2\/categories?post=211742"},{"taxonomy":"post_tag","embeddable":true,"href":"http:\/\/www.tvturk.com\/index.php\/wp-json\/wp\/v2\/tags?post=211742"}],"curies":[{"name":"wp","href":"https:\/\/api.w.org\/{rel}","templated":true}]}}