{"id":211843,"date":"2019-10-05T16:02:40","date_gmt":"2019-10-05T13:02:40","guid":{"rendered":"http:\/\/www.tvturk.com\/index.php\/rustem-derinden-bir-rekor-daha\/"},"modified":"2019-10-05T16:02:40","modified_gmt":"2019-10-05T13:02:40","slug":"rustem-derinden-bir-rekor-daha","status":"publish","type":"post","link":"http:\/\/www.tvturk.com\/index.php\/rustem-derinden-bir-rekor-daha\/","title":{"rendered":"R\u00fcstem Derin\u2019den bir rekor daha"},"content":{"rendered":"<p>3. CMAS-TSSF Ka\u015f Ba\u015fka Outdoor Serbest Dal\u0131\u015f D\u00fcnya Kupas\u0131 ve Serbest Dal\u0131\u015f Deniz Bireysel T\u00fcrkiye \u015eampiyonas\u0131\u2019nda R\u00fcstem Derin yeni bir T\u00fcrkiye rekoru daha k\u0131rd\u0131.<\/p>\n<p>3. CMAS-TSSF Ka\u015f Ba\u015fka Outdoor Serbest Dal\u0131\u015f D\u00fcnya Kupas\u0131 ve Serbest Dal\u0131\u015f Deniz Bireysel T\u00fcrkiye \u015eampiyonas\u0131\u2019nda son g\u00fcn yar\u0131\u015flar\u0131 yap\u0131l\u0131yor. Ka\u015f\u2019ta d\u00fczenlenen Uluslararas\u0131 Serbest Dal\u0131\u015f \u015eampiyonas\u0131\u2019nda milli sporcu R\u00fcstem Derin, yeni T\u00fcrkiye rekoru k\u0131rd\u0131.<\/p>\n<p>Ka\u015f Belediyesi\u2019nin deste\u011fiyle CMAS ile TSSF taraf\u0131ndan ger\u00e7ekle\u015ftirilen Serbest Dal\u0131\u015f D\u00fcnya Kupas\u0131 ve T\u00fcrkiye \u015eampiyonas\u0131\u2019nda ev sahibi T\u00fcrkiye ile Rusya, Brezilya, Polonya ve Kolombiya olmak \u00fczere 5 \u00fclkeden toplamda 26 sporcu \u0130p Destekli Sabit A\u011f\u0131rl\u0131k (FIM) disiplininde m\u00fccadele ediyor.<\/p>\n<p>Ka\u015f Belediyesi \u0130ncebo\u011faz Sosyal Tesisleri a\u00e7\u0131klar\u0131nda ger\u00e7ekle\u015fen \u015fampiyonada, sabah yap\u0131lan yar\u0131\u015flarda T\u00fcrkiye rekoru k\u0131r\u0131ld\u0131. D\u00fcnya Kupas\u0131 yar\u0131\u015flar\u0131nda ikinci olan milli sporcu R\u00fcstem Derin, 3.16 dakika 83 metre derecesiyle yeni rekora imza atarak, T\u00fcrkiye \u015eampiyonas\u0131nda birinci oldu ve alt\u0131n madalya kazand\u0131.<\/p>\n<p>D\u00fcn ger\u00e7ekle\u015fen yar\u0131\u015flarda da, \u00c7ift Paletli Sabit A\u011f\u0131rl\u0131k (CW-BF) disiplininde 2.50 dakikada 83 metreye dalan Derin, hem d\u00fcnya hem T\u00fcrkiye rekoru k\u0131rm\u0131\u015ft\u0131.<\/p>\n","protected":false},"excerpt":{"rendered":"<p>3. CMAS-TSSF KA\u015e BA\u015eKA OUTDOOR SERBEST DALI\u015e D\u00dcNYA KUPASI VE SERBEST DALI\u015e DEN\u0130Z B\u0130REYSEL T\u00dcRK\u0130YE \u015eAMP\u0130YONASI\u2019NDA SON G\u00dcN YARI\u015eLARI YAPILIYOR. KA\u015e\u2019TA D\u00dcZENLENEN ULUSLARARASI SERBEST DALI\u015e \u015eAMP\u0130YONASI\u2019NDA M\u0130LL\u0130 SPORCU R\u00dcSTEM DER\u0130N, YEN\u0130 T\u00dcRK\u0130YE REKORU KIRDI.<\/p>\n","protected":false},"author":1,"featured_media":211844,"comment_status":"closed","ping_status":"open","sticky":false,"template":"","format":"standard","meta":{"jetpack_post_was_ever_published":false,"_jetpack_newsletter_access":"","_jetpack_dont_email_post_to_subs":false,"_jetpack_newsletter_tier_id":0,"_jetpack_memberships_contains_paywalled_content":false,"_jetpack_memberships_contains_paid_content":false,"footnotes":"","jetpack_publicize_message":"","jetpack_publicize_feature_enabled":true,"jetpack_social_post_already_shared":true,"jetpack_social_options":{"image_generator_settings":{"template":"highway","default_image_id":0,"font":"","enabled":false},"version":2}},"categories":[657],"tags":[125,1018,44097,982,53434],"class_list":["post-211843","post","type-post","status-publish","format-standard","has-post-thumbnail","hentry","category-spor","tag-bir","tag-daha","tag-derinden","tag-rekor","tag-rustem"],"jetpack_publicize_connections":[],"jetpack_featured_media_url":"https:\/\/i0.wp.com\/www.tvturk.com\/wp-content\/uploads\/2019\/10\/rustem-derinden-bir-rekor-daha_d924899.jpg?fit=1000%2C666","jetpack_sharing_enabled":true,"jetpack_shortlink":"https:\/\/wp.me\/paKIfm-T6P","_links":{"self":[{"href":"http:\/\/www.tvturk.com\/index.php\/wp-json\/wp\/v2\/posts\/211843","targetHints":{"allow":["GET"]}}],"collection":[{"href":"http:\/\/www.tvturk.com\/index.php\/wp-json\/wp\/v2\/posts"}],"about":[{"href":"http:\/\/www.tvturk.com\/index.php\/wp-json\/wp\/v2\/types\/post"}],"author":[{"embeddable":true,"href":"http:\/\/www.tvturk.com\/index.php\/wp-json\/wp\/v2\/users\/1"}],"replies":[{"embeddable":true,"href":"http:\/\/www.tvturk.com\/index.php\/wp-json\/wp\/v2\/comments?post=211843"}],"version-history":[{"count":0,"href":"http:\/\/www.tvturk.com\/index.php\/wp-json\/wp\/v2\/posts\/211843\/revisions"}],"wp:featuredmedia":[{"embeddable":true,"href":"http:\/\/www.tvturk.com\/index.php\/wp-json\/wp\/v2\/media\/211844"}],"wp:attachment":[{"href":"http:\/\/www.tvturk.com\/index.php\/wp-json\/wp\/v2\/media?parent=211843"}],"wp:term":[{"taxonomy":"category","embeddable":true,"href":"http:\/\/www.tvturk.com\/index.php\/wp-json\/wp\/v2\/categories?post=211843"},{"taxonomy":"post_tag","embeddable":true,"href":"http:\/\/www.tvturk.com\/index.php\/wp-json\/wp\/v2\/tags?post=211843"}],"curies":[{"name":"wp","href":"https:\/\/api.w.org\/{rel}","templated":true}]}}