{"id":21185,"date":"2019-02-11T12:48:50","date_gmt":"2019-02-11T09:48:50","guid":{"rendered":"http:\/\/www.tvturk.com\/index.php\/mangal-atesinden-cikan-yanginda-3-isci-dumandan-etkilendi\/"},"modified":"2019-02-11T12:48:53","modified_gmt":"2019-02-11T09:48:53","slug":"mangal-atesinden-cikan-yanginda-3-isci-dumandan-etkilendi","status":"publish","type":"post","link":"http:\/\/www.tvturk.com\/index.php\/mangal-atesinden-cikan-yanginda-3-isci-dumandan-etkilendi\/","title":{"rendered":"Mangal ate\u015finden \u00e7\u0131kan yang\u0131nda 3 i\u015f\u00e7i dumandan etkilendi"},"content":{"rendered":"<p>Antalya\u2019n\u0131n Manavgat il\u00e7esinde bir restoranda \u00e7\u0131kan yang\u0131n korku dolu anlar\u0131n ya\u015fanmas\u0131na neden oldu. Mangaldan ba\u015flay\u0131p bacada devam etti\u011fi belirlenen yang\u0131nda i\u015f yerinde b\u00fcy\u00fck hasar olu\u015furken, 3 i\u015f yeri \u00e7al\u0131\u015fan\u0131 dumandan etkilendi.<\/p>\n<p>Olay, Demokrasi Bulvar\u0131 \u00fczerinde bulunan bir restoranda meydana geldi. Edinilen bilgiye g\u00f6re,  i\u015fletmede mangaldan ba\u015flayan yang\u0131n, \u00e7al\u0131\u015fanlar\u0131n yang\u0131n t\u00fcp\u00fcyle yapt\u0131\u011f\u0131 m\u00fcdahaleye ra\u011fmen bacaya ve \u00e7at\u0131ya s\u0131\u00e7rad\u0131. Antalya B\u00fcy\u00fck\u015fehir Belediyesi itfaiyelerinin m\u00fcdahale etti\u011fi yang\u0131n uzun u\u011fra\u015flar sonunda s\u00f6nd\u00fcr\u00fcl\u00fcrken, i\u015f yerinin \u00fcst kat\u0131nda ve \u00e7at\u0131s\u0131nda b\u00fcy\u00fck \u00e7apta hasar olu\u015ftu.<\/p>\n<p>Mehmet Ali ve H\u00fcseyin \u015eahin isimli iki karde\u015fe ait i\u015f yerinde \u00e7al\u0131\u015fan ve dumandan etkilenen 3 personele ilk m\u00fcdahale olay yerinde 112 ekibi taraf\u0131ndan yap\u0131ld\u0131ktan sonra, kontrol ama\u00e7l\u0131 Manavgat Devlet Hastanesine kald\u0131r\u0131ld\u0131lar.<div class=\"tiled-gallery type-rectangular tiled-gallery-unresized\" data-original-width=\"500\" data-carousel-extra='null' itemscope itemtype=\"http:\/\/schema.org\/ImageGallery\" > <div class=\"gallery-row\" style=\"width: 500px; height: 81px;\" data-original-width=\"500\" data-original-height=\"81\" > <div class=\"gallery-group images-1\" style=\"width: 141px; height: 81px;\" data-original-width=\"141\" data-original-height=\"81\" > <div class=\"tiled-gallery-item tiled-gallery-item-small\" itemprop=\"associatedMedia\" itemscope itemtype=\"http:\/\/schema.org\/ImageObject\"> <a href=\"http:\/\/www.tvturk.com\/index.php\/mangal-atesinden-cikan-yanginda-3-isci-dumandan-etkilendi\/mangal-atesinden-cikan-yanginda-3-isci-dumandan-etkilendi-3\/\" border=\"0\" itemprop=\"url\"> <meta itemprop=\"width\" content=\"137\"> <meta itemprop=\"height\" content=\"77\"> <img decoding=\"async\" class=\"\" data-attachment-id=\"21187\" data-orig-file=\"http:\/\/www.tvturk.com\/wp-content\/uploads\/2019\/02\/mangal-atesinden-cikan-yanginda-3-isci-dumandan-etkilendi_bc86abe.jpg\" data-orig-size=\"1000,562\" data-comments-opened=\"\" data-image-meta=\"{&quot;aperture&quot;:&quot;0&quot;,&quot;credit&quot;:&quot;IHA&quot;,&quot;camera&quot;:&quot;&quot;,&quot;caption&quot;:&quot;ANTALYA\\u2019NIN MANAVGAT \\u0130L\\u00c7ES\\u0130NDE B\\u0130R RESTORANDA \\u00c7IKAN YANGIN KORKU DOLU ANLARIN YA\\u015eANMASINA NEDEN OLDU. MANGALDAN BA\\u015eLAYIP BACADA DEVAM ETT\\u0130\\u011e\\u0130 BEL\\u0130RLENEN YANGINDA \\u0130\\u015eYER\\u0130NDE B\\u00dcY\\u00dcK HASAR OLU\\u015eURKEN 3 \\u0130\\u015eYER\\u0130 \\u00c7ALI\\u015eANI DUMANDAN ETK\\u0130LEND\\u0130. (AR\\u0130F KAPLAN\\\/ANTALYA-\\u0130HA)&quot;,&quot;created_timestamp&quot;:&quot;0&quot;,&quot;copyright&quot;:&quot;\\u0130HLAS HABER AJANSI, www.iha.com.tr&quot;,&quot;focal_length&quot;:&quot;0&quot;,&quot;iso&quot;:&quot;0&quot;,&quot;shutter_speed&quot;:&quot;0&quot;,&quot;title&quot;:&quot;MANGAL ATE\\u015e\\u0130NDEN \\u00c7IKAN YANGINDA 3 \\u0130\\u015e\\u00c7\\u0130 DUMANDAN ETK\\u0130LEND\\u0130&quot;,&quot;orientation&quot;:&quot;0&quot;}\" data-image-title=\"Mangal ate\u015finden \u00e7\u0131kan yang\u0131nda 3 i\u015f\u00e7i dumandan etkilendi\" data-image-description=\"&lt;p&gt;Mangal ate\u015finden \u00e7\u0131kan yang\u0131nda 3 i\u015f\u00e7i dumandan etkilendi&lt;\/p&gt; \" data-medium-file=\"https:\/\/i0.wp.com\/www.tvturk.com\/wp-content\/uploads\/2019\/02\/mangal-atesinden-cikan-yanginda-3-isci-dumandan-etkilendi_bc86abe.jpg?fit=300%2C169\" data-large-file=\"https:\/\/i0.wp.com\/www.tvturk.com\/wp-content\/uploads\/2019\/02\/mangal-atesinden-cikan-yanginda-3-isci-dumandan-etkilendi_bc86abe.jpg?fit=1000%2C562\" src=\"https:\/\/i0.wp.com\/www.tvturk.com\/wp-content\/uploads\/2019\/02\/mangal-atesinden-cikan-yanginda-3-isci-dumandan-etkilendi_bc86abe.jpg?w=137&#038;h=77\" srcset=\"https:\/\/i0.wp.com\/www.tvturk.com\/wp-content\/uploads\/2019\/02\/mangal-atesinden-cikan-yanginda-3-isci-dumandan-etkilendi_bc86abe.jpg?w=1000 1000w, https:\/\/i0.wp.com\/www.tvturk.com\/wp-content\/uploads\/2019\/02\/mangal-atesinden-cikan-yanginda-3-isci-dumandan-etkilendi_bc86abe.jpg?resize=150%2C84 150w, https:\/\/i0.wp.com\/www.tvturk.com\/wp-content\/uploads\/2019\/02\/mangal-atesinden-cikan-yanginda-3-isci-dumandan-etkilendi_bc86abe.jpg?resize=300%2C169 300w, https:\/\/i0.wp.com\/www.tvturk.com\/wp-content\/uploads\/2019\/02\/mangal-atesinden-cikan-yanginda-3-isci-dumandan-etkilendi_bc86abe.jpg?resize=768%2C432 768w, https:\/\/i0.wp.com\/www.tvturk.com\/wp-content\/uploads\/2019\/02\/mangal-atesinden-cikan-yanginda-3-isci-dumandan-etkilendi_bc86abe.jpg?resize=200%2C113 200w\" width=\"137\" height=\"77\" loading=\"lazy\" data-original-width=\"137\" data-original-height=\"77\" itemprop=\"http:\/\/schema.org\/image\" title=\"Mangal ate\u015finden \u00e7\u0131kan yang\u0131nda 3 i\u015f\u00e7i dumandan etkilendi\" alt=\"Mangal ate\u015finden \u00e7\u0131kan yang\u0131nda 3 i\u015f\u00e7i dumandan etkilendi\" style=\"width: 137px; height: 77px;\" \/> <\/a> <\/div> <\/div> <!-- close group --> <div class=\"gallery-group images-1\" style=\"width: 120px; height: 81px;\" data-original-width=\"120\" data-original-height=\"81\" > <div class=\"tiled-gallery-item tiled-gallery-item-small\" itemprop=\"associatedMedia\" itemscope itemtype=\"http:\/\/schema.org\/ImageObject\"> <a href=\"http:\/\/www.tvturk.com\/index.php\/mangal-atesinden-cikan-yanginda-3-isci-dumandan-etkilendi\/mangal-atesinden-cikan-yanginda-3-isci-dumandan-etkilendi-4\/\" border=\"0\" itemprop=\"url\"> <meta itemprop=\"width\" content=\"116\"> <meta itemprop=\"height\" content=\"77\"> <img decoding=\"async\" class=\"\" data-attachment-id=\"21188\" data-orig-file=\"http:\/\/www.tvturk.com\/wp-content\/uploads\/2019\/02\/mangal-atesinden-cikan-yanginda-3-isci-dumandan-etkilendi_3c407f8.jpg\" data-orig-size=\"1000,666\" data-comments-opened=\"\" data-image-meta=\"{&quot;aperture&quot;:&quot;0&quot;,&quot;credit&quot;:&quot;IHA&quot;,&quot;camera&quot;:&quot;&quot;,&quot;caption&quot;:&quot;ANTALYA\\u2019NIN MANAVGAT \\u0130L\\u00c7ES\\u0130NDE B\\u0130R RESTORANDA \\u00c7IKAN YANGIN KORKU DOLU ANLARIN YA\\u015eANMASINA NEDEN OLDU. MANGALDAN BA\\u015eLAYIP BACADA DEVAM ETT\\u0130\\u011e\\u0130 BEL\\u0130RLENEN YANGINDA \\u0130\\u015eYER\\u0130NDE B\\u00dcY\\u00dcK HASAR OLU\\u015eURKEN 3 \\u0130\\u015eYER\\u0130 \\u00c7ALI\\u015eANI DUMANDAN ETK\\u0130LEND\\u0130. (AR\\u0130F KAPLAN\\\/ANTALYA-\\u0130HA)&quot;,&quot;created_timestamp&quot;:&quot;0&quot;,&quot;copyright&quot;:&quot;\\u0130HLAS HABER AJANSI, www.iha.com.tr&quot;,&quot;focal_length&quot;:&quot;0&quot;,&quot;iso&quot;:&quot;0&quot;,&quot;shutter_speed&quot;:&quot;0&quot;,&quot;title&quot;:&quot;MANGAL ATE\\u015e\\u0130NDEN \\u00c7IKAN YANGINDA 3 \\u0130\\u015e\\u00c7\\u0130 DUMANDAN ETK\\u0130LEND\\u0130&quot;,&quot;orientation&quot;:&quot;0&quot;}\" data-image-title=\"Mangal ate\u015finden \u00e7\u0131kan yang\u0131nda 3 i\u015f\u00e7i dumandan etkilendi\" data-image-description=\"&lt;p&gt;Mangal ate\u015finden \u00e7\u0131kan yang\u0131nda 3 i\u015f\u00e7i dumandan etkilendi&lt;\/p&gt; \" data-medium-file=\"https:\/\/i0.wp.com\/www.tvturk.com\/wp-content\/uploads\/2019\/02\/mangal-atesinden-cikan-yanginda-3-isci-dumandan-etkilendi_3c407f8.jpg?fit=300%2C200\" data-large-file=\"https:\/\/i0.wp.com\/www.tvturk.com\/wp-content\/uploads\/2019\/02\/mangal-atesinden-cikan-yanginda-3-isci-dumandan-etkilendi_3c407f8.jpg?fit=1000%2C666\" src=\"https:\/\/i0.wp.com\/www.tvturk.com\/wp-content\/uploads\/2019\/02\/mangal-atesinden-cikan-yanginda-3-isci-dumandan-etkilendi_3c407f8.jpg?w=116&#038;h=77\" srcset=\"https:\/\/i0.wp.com\/www.tvturk.com\/wp-content\/uploads\/2019\/02\/mangal-atesinden-cikan-yanginda-3-isci-dumandan-etkilendi_3c407f8.jpg?w=1000 1000w, https:\/\/i0.wp.com\/www.tvturk.com\/wp-content\/uploads\/2019\/02\/mangal-atesinden-cikan-yanginda-3-isci-dumandan-etkilendi_3c407f8.jpg?resize=150%2C100 150w, https:\/\/i0.wp.com\/www.tvturk.com\/wp-content\/uploads\/2019\/02\/mangal-atesinden-cikan-yanginda-3-isci-dumandan-etkilendi_3c407f8.jpg?resize=300%2C200 300w, https:\/\/i0.wp.com\/www.tvturk.com\/wp-content\/uploads\/2019\/02\/mangal-atesinden-cikan-yanginda-3-isci-dumandan-etkilendi_3c407f8.jpg?resize=768%2C511 768w, https:\/\/i0.wp.com\/www.tvturk.com\/wp-content\/uploads\/2019\/02\/mangal-atesinden-cikan-yanginda-3-isci-dumandan-etkilendi_3c407f8.jpg?resize=170%2C113 170w, https:\/\/i0.wp.com\/www.tvturk.com\/wp-content\/uploads\/2019\/02\/mangal-atesinden-cikan-yanginda-3-isci-dumandan-etkilendi_3c407f8.jpg?resize=120%2C80 120w\" width=\"116\" height=\"77\" loading=\"lazy\" data-original-width=\"116\" data-original-height=\"77\" itemprop=\"http:\/\/schema.org\/image\" title=\"Mangal ate\u015finden \u00e7\u0131kan yang\u0131nda 3 i\u015f\u00e7i dumandan etkilendi\" alt=\"Mangal ate\u015finden \u00e7\u0131kan yang\u0131nda 3 i\u015f\u00e7i dumandan etkilendi\" style=\"width: 116px; height: 77px;\" \/> <\/a> <\/div> <\/div> <!-- close group --> <div class=\"gallery-group images-1\" style=\"width: 120px; height: 81px;\" data-original-width=\"120\" data-original-height=\"81\" > <div class=\"tiled-gallery-item tiled-gallery-item-small\" itemprop=\"associatedMedia\" itemscope itemtype=\"http:\/\/schema.org\/ImageObject\"> <a href=\"http:\/\/www.tvturk.com\/index.php\/mangal-atesinden-cikan-yanginda-3-isci-dumandan-etkilendi\/mangal-atesinden-cikan-yanginda-3-isci-dumandan-etkilendi-5\/\" border=\"0\" itemprop=\"url\"> <meta itemprop=\"width\" content=\"116\"> <meta itemprop=\"height\" content=\"77\"> <img decoding=\"async\" class=\"\" data-attachment-id=\"21189\" data-orig-file=\"http:\/\/www.tvturk.com\/wp-content\/uploads\/2019\/02\/mangal-atesinden-cikan-yanginda-3-isci-dumandan-etkilendi_590cd58.jpg\" data-orig-size=\"1000,666\" data-comments-opened=\"\" data-image-meta=\"{&quot;aperture&quot;:&quot;0&quot;,&quot;credit&quot;:&quot;IHA&quot;,&quot;camera&quot;:&quot;&quot;,&quot;caption&quot;:&quot;ANTALYA\\u2019NIN MANAVGAT \\u0130L\\u00c7ES\\u0130NDE B\\u0130R RESTORANDA \\u00c7IKAN YANGIN KORKU DOLU ANLARIN YA\\u015eANMASINA NEDEN OLDU. MANGALDAN BA\\u015eLAYIP BACADA DEVAM ETT\\u0130\\u011e\\u0130 BEL\\u0130RLENEN YANGINDA \\u0130\\u015eYER\\u0130NDE B\\u00dcY\\u00dcK HASAR OLU\\u015eURKEN 3 \\u0130\\u015eYER\\u0130 \\u00c7ALI\\u015eANI DUMANDAN ETK\\u0130LEND\\u0130. (AR\\u0130F KAPLAN\\\/ANTALYA-\\u0130HA)&quot;,&quot;created_timestamp&quot;:&quot;0&quot;,&quot;copyright&quot;:&quot;\\u0130HLAS HABER AJANSI, www.iha.com.tr&quot;,&quot;focal_length&quot;:&quot;0&quot;,&quot;iso&quot;:&quot;0&quot;,&quot;shutter_speed&quot;:&quot;0&quot;,&quot;title&quot;:&quot;MANGAL ATE\\u015e\\u0130NDEN \\u00c7IKAN YANGINDA 3 \\u0130\\u015e\\u00c7\\u0130 DUMANDAN ETK\\u0130LEND\\u0130&quot;,&quot;orientation&quot;:&quot;0&quot;}\" data-image-title=\"Mangal ate\u015finden \u00e7\u0131kan yang\u0131nda 3 i\u015f\u00e7i dumandan etkilendi\" data-image-description=\"&lt;p&gt;Mangal ate\u015finden \u00e7\u0131kan yang\u0131nda 3 i\u015f\u00e7i dumandan etkilendi&lt;\/p&gt; \" data-medium-file=\"https:\/\/i0.wp.com\/www.tvturk.com\/wp-content\/uploads\/2019\/02\/mangal-atesinden-cikan-yanginda-3-isci-dumandan-etkilendi_590cd58.jpg?fit=300%2C200\" data-large-file=\"https:\/\/i0.wp.com\/www.tvturk.com\/wp-content\/uploads\/2019\/02\/mangal-atesinden-cikan-yanginda-3-isci-dumandan-etkilendi_590cd58.jpg?fit=1000%2C666\" src=\"https:\/\/i0.wp.com\/www.tvturk.com\/wp-content\/uploads\/2019\/02\/mangal-atesinden-cikan-yanginda-3-isci-dumandan-etkilendi_590cd58.jpg?w=116&#038;h=77\" srcset=\"https:\/\/i0.wp.com\/www.tvturk.com\/wp-content\/uploads\/2019\/02\/mangal-atesinden-cikan-yanginda-3-isci-dumandan-etkilendi_590cd58.jpg?w=1000 1000w, https:\/\/i0.wp.com\/www.tvturk.com\/wp-content\/uploads\/2019\/02\/mangal-atesinden-cikan-yanginda-3-isci-dumandan-etkilendi_590cd58.jpg?resize=150%2C100 150w, https:\/\/i0.wp.com\/www.tvturk.com\/wp-content\/uploads\/2019\/02\/mangal-atesinden-cikan-yanginda-3-isci-dumandan-etkilendi_590cd58.jpg?resize=300%2C200 300w, https:\/\/i0.wp.com\/www.tvturk.com\/wp-content\/uploads\/2019\/02\/mangal-atesinden-cikan-yanginda-3-isci-dumandan-etkilendi_590cd58.jpg?resize=768%2C511 768w, https:\/\/i0.wp.com\/www.tvturk.com\/wp-content\/uploads\/2019\/02\/mangal-atesinden-cikan-yanginda-3-isci-dumandan-etkilendi_590cd58.jpg?resize=170%2C113 170w, https:\/\/i0.wp.com\/www.tvturk.com\/wp-content\/uploads\/2019\/02\/mangal-atesinden-cikan-yanginda-3-isci-dumandan-etkilendi_590cd58.jpg?resize=120%2C80 120w\" width=\"116\" height=\"77\" loading=\"lazy\" data-original-width=\"116\" data-original-height=\"77\" itemprop=\"http:\/\/schema.org\/image\" title=\"Mangal ate\u015finden \u00e7\u0131kan yang\u0131nda 3 i\u015f\u00e7i dumandan etkilendi\" alt=\"Mangal ate\u015finden \u00e7\u0131kan yang\u0131nda 3 i\u015f\u00e7i dumandan etkilendi\" style=\"width: 116px; height: 77px;\" \/> <\/a> <\/div> <\/div> <!-- close group --> <div class=\"gallery-group images-1\" style=\"width: 119px; height: 81px;\" data-original-width=\"119\" data-original-height=\"81\" > <div class=\"tiled-gallery-item tiled-gallery-item-small\" itemprop=\"associatedMedia\" itemscope itemtype=\"http:\/\/schema.org\/ImageObject\"> <a href=\"http:\/\/www.tvturk.com\/index.php\/mangal-atesinden-cikan-yanginda-3-isci-dumandan-etkilendi\/mangal-atesinden-cikan-yanginda-3-isci-dumandan-etkilendi-6\/\" border=\"0\" itemprop=\"url\"> <meta itemprop=\"width\" content=\"115\"> <meta itemprop=\"height\" content=\"77\"> <img decoding=\"async\" class=\"\" data-attachment-id=\"21190\" data-orig-file=\"http:\/\/www.tvturk.com\/wp-content\/uploads\/2019\/02\/mangal-atesinden-cikan-yanginda-3-isci-dumandan-etkilendi_3365e6a.jpg\" data-orig-size=\"1000,666\" data-comments-opened=\"\" data-image-meta=\"{&quot;aperture&quot;:&quot;0&quot;,&quot;credit&quot;:&quot;IHA&quot;,&quot;camera&quot;:&quot;&quot;,&quot;caption&quot;:&quot;ANTALYA\\u2019NIN MANAVGAT \\u0130L\\u00c7ES\\u0130NDE B\\u0130R RESTORANDA \\u00c7IKAN YANGIN KORKU DOLU ANLARIN YA\\u015eANMASINA NEDEN OLDU. MANGALDAN BA\\u015eLAYIP BACADA DEVAM ETT\\u0130\\u011e\\u0130 BEL\\u0130RLENEN YANGINDA \\u0130\\u015eYER\\u0130NDE B\\u00dcY\\u00dcK HASAR OLU\\u015eURKEN 3 \\u0130\\u015eYER\\u0130 \\u00c7ALI\\u015eANI DUMANDAN ETK\\u0130LEND\\u0130. (AR\\u0130F KAPLAN\\\/ANTALYA-\\u0130HA)&quot;,&quot;created_timestamp&quot;:&quot;0&quot;,&quot;copyright&quot;:&quot;\\u0130HLAS HABER AJANSI, www.iha.com.tr&quot;,&quot;focal_length&quot;:&quot;0&quot;,&quot;iso&quot;:&quot;0&quot;,&quot;shutter_speed&quot;:&quot;0&quot;,&quot;title&quot;:&quot;MANGAL ATE\\u015e\\u0130NDEN \\u00c7IKAN YANGINDA 3 \\u0130\\u015e\\u00c7\\u0130 DUMANDAN ETK\\u0130LEND\\u0130&quot;,&quot;orientation&quot;:&quot;0&quot;}\" data-image-title=\"Mangal ate\u015finden \u00e7\u0131kan yang\u0131nda 3 i\u015f\u00e7i dumandan etkilendi\" data-image-description=\"&lt;p&gt;Mangal ate\u015finden \u00e7\u0131kan yang\u0131nda 3 i\u015f\u00e7i dumandan etkilendi&lt;\/p&gt; \" data-medium-file=\"https:\/\/i0.wp.com\/www.tvturk.com\/wp-content\/uploads\/2019\/02\/mangal-atesinden-cikan-yanginda-3-isci-dumandan-etkilendi_3365e6a.jpg?fit=300%2C200\" data-large-file=\"https:\/\/i0.wp.com\/www.tvturk.com\/wp-content\/uploads\/2019\/02\/mangal-atesinden-cikan-yanginda-3-isci-dumandan-etkilendi_3365e6a.jpg?fit=1000%2C666\" src=\"https:\/\/i0.wp.com\/www.tvturk.com\/wp-content\/uploads\/2019\/02\/mangal-atesinden-cikan-yanginda-3-isci-dumandan-etkilendi_3365e6a.jpg?w=115&#038;h=77\" srcset=\"https:\/\/i0.wp.com\/www.tvturk.com\/wp-content\/uploads\/2019\/02\/mangal-atesinden-cikan-yanginda-3-isci-dumandan-etkilendi_3365e6a.jpg?w=1000 1000w, https:\/\/i0.wp.com\/www.tvturk.com\/wp-content\/uploads\/2019\/02\/mangal-atesinden-cikan-yanginda-3-isci-dumandan-etkilendi_3365e6a.jpg?resize=150%2C100 150w, https:\/\/i0.wp.com\/www.tvturk.com\/wp-content\/uploads\/2019\/02\/mangal-atesinden-cikan-yanginda-3-isci-dumandan-etkilendi_3365e6a.jpg?resize=300%2C200 300w, https:\/\/i0.wp.com\/www.tvturk.com\/wp-content\/uploads\/2019\/02\/mangal-atesinden-cikan-yanginda-3-isci-dumandan-etkilendi_3365e6a.jpg?resize=768%2C511 768w, https:\/\/i0.wp.com\/www.tvturk.com\/wp-content\/uploads\/2019\/02\/mangal-atesinden-cikan-yanginda-3-isci-dumandan-etkilendi_3365e6a.jpg?resize=170%2C113 170w, https:\/\/i0.wp.com\/www.tvturk.com\/wp-content\/uploads\/2019\/02\/mangal-atesinden-cikan-yanginda-3-isci-dumandan-etkilendi_3365e6a.jpg?resize=120%2C80 120w, https:\/\/i0.wp.com\/www.tvturk.com\/wp-content\/uploads\/2019\/02\/mangal-atesinden-cikan-yanginda-3-isci-dumandan-etkilendi_3365e6a.jpg?resize=80%2C55 80w\" width=\"115\" height=\"77\" loading=\"lazy\" data-original-width=\"115\" data-original-height=\"77\" itemprop=\"http:\/\/schema.org\/image\" title=\"Mangal ate\u015finden \u00e7\u0131kan yang\u0131nda 3 i\u015f\u00e7i dumandan etkilendi\" alt=\"Mangal ate\u015finden \u00e7\u0131kan yang\u0131nda 3 i\u015f\u00e7i dumandan etkilendi\" style=\"width: 115px; height: 77px;\" \/> <\/a> <\/div> <\/div> <!-- close group --> <\/div> <!-- close row --> <\/div><\/p>\n","protected":false},"excerpt":{"rendered":"<p>ANTALYA\u2019NIN MANAVGAT \u0130L\u00c7ES\u0130NDE B\u0130R RESTORANDA \u00c7IKAN YANGIN KORKU DOLU ANLARIN YA\u015eANMASINA NEDEN OLDU. MANGALDAN BA\u015eLAYIP BACADA DEVAM ETT\u0130\u011e\u0130 BEL\u0130RLENEN YANGINDA \u0130\u015eYER\u0130NDE B\u00dcY\u00dcK HASAR OLU\u015eURKEN 3 \u0130\u015eYER\u0130 \u00c7ALI\u015eANI DUMANDAN ETK\u0130LEND\u0130.<\/p>\n","protected":false},"author":1,"featured_media":21186,"comment_status":"closed","ping_status":"open","sticky":false,"template":"","format":"standard","meta":{"jetpack_post_was_ever_published":false,"_jetpack_newsletter_access":"","_jetpack_dont_email_post_to_subs":false,"_jetpack_newsletter_tier_id":0,"_jetpack_memberships_contains_paywalled_content":false,"_jetpack_memberships_contains_paid_content":false,"footnotes":"","jetpack_publicize_message":"","jetpack_publicize_feature_enabled":true,"jetpack_social_post_already_shared":false,"jetpack_social_options":{"image_generator_settings":{"template":"highway","default_image_id":0,"font":"","enabled":false},"version":2}},"categories":[655],"tags":[9188,2114,9189,9190,1030,9187,6825],"class_list":["post-21185","post","type-post","status-publish","format-standard","has-post-thumbnail","hentry","category-son-dakika","tag-atesinden","tag-cikan","tag-dumandan","tag-etkilendi","tag-isci","tag-mangal","tag-yanginda"],"jetpack_publicize_connections":[],"jetpack_featured_media_url":"https:\/\/i0.wp.com\/www.tvturk.com\/wp-content\/uploads\/2019\/02\/mangal-atesinden-cikan-yanginda-3-isci-dumandan-etkilendi_421110b.jpg?fit=1000%2C562","jetpack_sharing_enabled":true,"jetpack_shortlink":"https:\/\/wp.me\/paKIfm-5vH","_links":{"self":[{"href":"http:\/\/www.tvturk.com\/index.php\/wp-json\/wp\/v2\/posts\/21185","targetHints":{"allow":["GET"]}}],"collection":[{"href":"http:\/\/www.tvturk.com\/index.php\/wp-json\/wp\/v2\/posts"}],"about":[{"href":"http:\/\/www.tvturk.com\/index.php\/wp-json\/wp\/v2\/types\/post"}],"author":[{"embeddable":true,"href":"http:\/\/www.tvturk.com\/index.php\/wp-json\/wp\/v2\/users\/1"}],"replies":[{"embeddable":true,"href":"http:\/\/www.tvturk.com\/index.php\/wp-json\/wp\/v2\/comments?post=21185"}],"version-history":[{"count":1,"href":"http:\/\/www.tvturk.com\/index.php\/wp-json\/wp\/v2\/posts\/21185\/revisions"}],"predecessor-version":[{"id":21191,"href":"http:\/\/www.tvturk.com\/index.php\/wp-json\/wp\/v2\/posts\/21185\/revisions\/21191"}],"wp:featuredmedia":[{"embeddable":true,"href":"http:\/\/www.tvturk.com\/index.php\/wp-json\/wp\/v2\/media\/21186"}],"wp:attachment":[{"href":"http:\/\/www.tvturk.com\/index.php\/wp-json\/wp\/v2\/media?parent=21185"}],"wp:term":[{"taxonomy":"category","embeddable":true,"href":"http:\/\/www.tvturk.com\/index.php\/wp-json\/wp\/v2\/categories?post=21185"},{"taxonomy":"post_tag","embeddable":true,"href":"http:\/\/www.tvturk.com\/index.php\/wp-json\/wp\/v2\/tags?post=21185"}],"curies":[{"name":"wp","href":"https:\/\/api.w.org\/{rel}","templated":true}]}}