{"id":211853,"date":"2019-10-05T16:32:46","date_gmt":"2019-10-05T13:32:46","guid":{"rendered":"http:\/\/www.tvturk.com\/index.php\/engelli-dalis-sporcusu-mustafa-beyazdan-dunya-rekoru\/"},"modified":"2019-10-05T16:32:46","modified_gmt":"2019-10-05T13:32:46","slug":"engelli-dalis-sporcusu-mustafa-beyazdan-dunya-rekoru","status":"publish","type":"post","link":"http:\/\/www.tvturk.com\/index.php\/engelli-dalis-sporcusu-mustafa-beyazdan-dunya-rekoru\/","title":{"rendered":"Engelli dal\u0131\u015f sporcusu Mustafa Beyaz\u2019dan d\u00fcnya rekoru"},"content":{"rendered":"<p>Antalya\u2019n\u0131n Ka\u015f il\u00e7esinde d\u00fczenlenen Uluslararas\u0131 Serbest Dal\u0131\u015f \u015eampiyonas\u0131\u2019nda engelli serbest dal\u0131\u015f sporcusu Mustafa Beyaz d\u00fcnya rekoru k\u0131rd\u0131.<\/p>\n<p>Ka\u015f Belediyesi \u0130ncebo\u011faz Sosyal Tesisleri a\u00e7\u0131klar\u0131nda ger\u00e7ekle\u015fen yar\u0131\u015flarda engelli serbest dal\u0131\u015f sporcusu Mustafa Beyaz, \u0130p Destekli Sabit A\u011f\u0131rl\u0131k (FIM) disiplininde 1.15 dakika 28 metre derecesiyle d\u00fcnya rekoru k\u0131rd\u0131 ve alt\u0131n madalya kazand\u0131.<\/p>\n<p>Yar\u0131\u015f\u0131n ard\u0131ndan konu\u015fan Beyaz, \u201cBug\u00fcnk\u00fc m\u00fcsabakada performans\u0131m\u0131 ger\u00e7ekle\u015ftirece\u011fim s\u0131rada b\u00fcy\u00fck bir f\u0131rt\u0131na koptu. Acaba dalabilir miyim diye d\u00fc\u015f\u00fcn\u00fcrken, kesinlikle hedefimi ger\u00e7ekle\u015ftirmeyi d\u00fc\u015f\u00fcnd\u00fcm. F\u0131rt\u0131naya ra\u011fmen caymad\u0131m ve hedefime ula\u015ft\u0131m. Performans\u0131m\u0131 ger\u00e7ekle\u015ftirerek, D\u00fcnya Serbest Dal\u0131\u015f \u015eampiyonas\u0131 \u0130p Destekli Sabit A\u011f\u0131rl\u0131kta rekor elde ettim. \u00c7ok mutluyum. Di\u011fer engelli arkada\u015flara da suyun alt\u0131ndaki \u00f6zg\u00fcrl\u00fc\u011f\u00fc tatmalar\u0131n\u0131 tavsiye ediyorum&#8221; diye belirtti.<\/p>\n<p>\u201cEngeller sadece zihnimizde\u201d<\/p>\n<p>Buraya gelmekteki as\u0131l amac\u0131ndan bahseden Beyaz, &#8220;Engelli olmayan sporcu arkada\u015flarla kendimi mukayese edebilmek i\u00e7in bunun bir ba\u015flang\u0131\u00e7 olmas\u0131n\u0131 istedim. Di\u011fer arkada\u015flar\u0131n yapt\u0131\u011f\u0131 skorlara ula\u015ft\u0131m, \u00f6n\u00fcmdeki yolu \u00e7izmi\u015f oldum. \u00d6n\u00fcm\u00fczdeki y\u0131llarda engelli olmayan sporcular\u0131n skorlar\u0131na yakla\u015f\u0131p daha g\u00fczel skorlar elde ederek, engellerin sadece zihnimizin i\u00e7inde oldu\u011funu insanlara g\u00f6stermek i\u00e7in elimden gelen her \u015feyi yapaca\u011f\u0131m\u201d dedi.<\/p>\n","protected":false},"excerpt":{"rendered":"<p>ANTALYA\u2019NIN KA\u015e \u0130L\u00c7ES\u0130NDE D\u00dcZENLENEN ULUSLARARASI SERBEST DALI\u015e \u015eAMP\u0130YONASI\u2019NDA ENGELL\u0130 SERBEST DALI\u015e SPORCUSU MUSTAFA BEYAZ D\u00dcNYA REKORU KIRDI.<\/p>\n","protected":false},"author":1,"featured_media":211854,"comment_status":"closed","ping_status":"open","sticky":false,"template":"","format":"standard","meta":{"jetpack_post_was_ever_published":false,"_jetpack_newsletter_access":"","_jetpack_dont_email_post_to_subs":false,"_jetpack_newsletter_tier_id":0,"_jetpack_memberships_contains_paywalled_content":false,"_jetpack_memberships_contains_paid_content":false,"footnotes":"","jetpack_publicize_message":"","jetpack_publicize_feature_enabled":true,"jetpack_social_post_already_shared":true,"jetpack_social_options":{"image_generator_settings":{"template":"highway","default_image_id":0,"font":"","enabled":false},"version":2}},"categories":[657],"tags":[349,53572,14739,1784,159,6268,4547],"class_list":["post-211853","post","type-post","status-publish","format-standard","has-post-thumbnail","hentry","category-spor","tag-dunya","tag-beyazdan","tag-dalis","tag-engelli","tag-mustafa","tag-rekoru","tag-sporcusu"],"jetpack_publicize_connections":[],"jetpack_featured_media_url":"https:\/\/i0.wp.com\/www.tvturk.com\/wp-content\/uploads\/2019\/10\/engelli-dalis-sporcusu-mustafa-beyazdan-dunya-rekoru_e69969d.jpg?fit=1000%2C666","jetpack_sharing_enabled":true,"jetpack_shortlink":"https:\/\/wp.me\/paKIfm-T6Z","_links":{"self":[{"href":"http:\/\/www.tvturk.com\/index.php\/wp-json\/wp\/v2\/posts\/211853","targetHints":{"allow":["GET"]}}],"collection":[{"href":"http:\/\/www.tvturk.com\/index.php\/wp-json\/wp\/v2\/posts"}],"about":[{"href":"http:\/\/www.tvturk.com\/index.php\/wp-json\/wp\/v2\/types\/post"}],"author":[{"embeddable":true,"href":"http:\/\/www.tvturk.com\/index.php\/wp-json\/wp\/v2\/users\/1"}],"replies":[{"embeddable":true,"href":"http:\/\/www.tvturk.com\/index.php\/wp-json\/wp\/v2\/comments?post=211853"}],"version-history":[{"count":0,"href":"http:\/\/www.tvturk.com\/index.php\/wp-json\/wp\/v2\/posts\/211853\/revisions"}],"wp:featuredmedia":[{"embeddable":true,"href":"http:\/\/www.tvturk.com\/index.php\/wp-json\/wp\/v2\/media\/211854"}],"wp:attachment":[{"href":"http:\/\/www.tvturk.com\/index.php\/wp-json\/wp\/v2\/media?parent=211853"}],"wp:term":[{"taxonomy":"category","embeddable":true,"href":"http:\/\/www.tvturk.com\/index.php\/wp-json\/wp\/v2\/categories?post=211853"},{"taxonomy":"post_tag","embeddable":true,"href":"http:\/\/www.tvturk.com\/index.php\/wp-json\/wp\/v2\/tags?post=211853"}],"curies":[{"name":"wp","href":"https:\/\/api.w.org\/{rel}","templated":true}]}}