{"id":212078,"date":"2019-10-06T13:02:41","date_gmt":"2019-10-06T10:02:41","guid":{"rendered":"http:\/\/www.tvturk.com\/index.php\/safranboluda-hafta-sonu-yogunlugu\/"},"modified":"2019-10-06T13:02:41","modified_gmt":"2019-10-06T10:02:41","slug":"safranboluda-hafta-sonu-yogunlugu","status":"publish","type":"post","link":"http:\/\/www.tvturk.com\/index.php\/safranboluda-hafta-sonu-yogunlugu\/","title":{"rendered":"Safranbolu\u2019da hafta sonu yo\u011funlu\u011fu"},"content":{"rendered":"<p>UNESCO D\u00fcnya Miras Listesi\u2019nde yer alan ve &#8220;en iyi korunan 20 kent&#8221; aras\u0131nda bulunan Karab\u00fck\u2019\u00fcn Safranbolu il\u00e7esinde hafta sonu turist yo\u011funlu\u011fu ya\u015fand\u0131.<\/p>\n<p>Osmanl\u0131 mimarisini, \u015fehir hayat\u0131n\u0131 ve k\u00fclt\u00fcr\u00fcn\u00fc yans\u0131tmas\u0131 dolay\u0131s\u0131yla &#8220;Osmanl\u0131\u2019n\u0131n parmak izi&#8221; olarak adland\u0131r\u0131lan, o d\u00f6nemden kalma han, hamam, konak, \u00e7e\u015fme, cami ve k\u00f6pr\u00fcleriyle a\u00e7\u0131k hava m\u00fczesini and\u0131ran tarihi Safranbolu, her mevsim yerli ve yabanc\u0131 turistlerin ilgisini \u00e7ekiyor. &#8220;A\u00e7\u0131k hava m\u00fczesi&#8221;, &#8220;kendini koruyan kent&#8221; ve &#8220;koruman\u0131n ba\u015fkenti&#8221; gibi unvanlarla da an\u0131lan tarihi il\u00e7e, yo\u011fun hafta sonlar\u0131ndan birini ge\u00e7irdi. \u00d6nceki g\u00fcn Safranbolu 125. Jandarma E\u011fitim Alay Komutanl\u0131\u011f\u0131nda yap\u0131lan 30. d\u00f6nem uzman erba\u015f ant i\u00e7me t\u00f6renine gelen bilerce ki\u015fi de iki g\u00fcn il\u00e7ede konaklarken, otel ve pansiyonlar y\u00fczde 100 doluluk oran\u0131na ula\u015ft\u0131.<\/p>\n<p>Safranbolu Kaymakam\u0131 Fatih \u00dcrkmezer, \u0130hlas Haber Ajans\u0131 muhabirine yapt\u0131\u011f\u0131 a\u00e7\u0131klamada, Safranbolu\u2019nun \u00f6nemli bir turizm kenti oldu\u011funu s\u00f6yledi. \u0130l\u00e7enin her mevsim ayr\u0131 bir g\u00fczel oldu\u011funu ve turistler taraf\u0131ndan tercih edildi\u011fini ifade eden \u00dcrkmezer, &#8220;Safranbolu, konaklar\u0131, camileri, k\u00f6pr\u00fcleri, \u00e7e\u015fmeleri ve bir\u00e7ok tarihi eseriyle \u00f6nemli bir cazibe merkezi. \u00dclkemizin ve d\u00fcnyan\u0131n her yerinden binlerce misafir bu k\u00fclt\u00fcrel ve do\u011fal g\u00fczellikleri g\u00f6rmeye geliyor. \u0130l\u00e7emize gelen turist say\u0131s\u0131 her y\u0131l \u00f6nemli \u00f6l\u00e7\u00fcde art\u0131yor. Bu y\u0131l da ilk 8 ayda 850-900 bin ki\u015fi geldi. Biz bu say\u0131s\u0131n\u0131n y\u0131l sonuna kadar 1,5 milyon olmas\u0131n\u0131 bekliyoruz. Ge\u00e7ti\u011fimiz y\u0131l bu say\u0131 1,2 milyonu bulmu\u015ftu&#8221; dedi.<\/p>\n<p>Hafta sonlar\u0131n\u0131n yo\u011fun ge\u00e7ti\u011fini aktaran \u00dcrkmezer, \u015funlar\u0131 kaydetti:<\/p>\n<p>&#8220;Bu hafta sonu da turist yo\u011funlu\u011fumuz vard\u0131. Bu hafta ayr\u0131ca Safranbolu 125. Jandarma E\u011fitim Alay Komutanl\u0131\u011f\u0131nda ant i\u00e7me t\u00f6reni vard\u0131. Yemin eden askerlerin aileleri de hafta sonunu il\u00e7emizde ge\u00e7irdi. \u0130l\u00e7emizin bu kadar yo\u011fun turist a\u011f\u0131rlamas\u0131 konak, lokumcu, hediyelik e\u015fya, taksici gibi bir\u00e7ok esnaf\u0131m\u0131z\u0131 da memnun ediyor.&#8221;<\/p>\n<p>Kayseri\u2019den gelen Hac\u0131 Karaca da yemin t\u00f6reni i\u00e7in geldiklerini belirtti. Ailesiyle birlikte Safranbolu\u2019yu gezdiklerini s\u00f6yleyen Karaca, &#8220;Safranbolu harika ve tarih kokan bir yer. Di\u011fer b\u00fcy\u00fck\u015fehir veya il\u00e7eler gibi beton bloklar yok. Eski, tarih kokan bir yap\u0131s\u0131 var. Bu da insan\u0131n ruhuna i\u015fliyor&#8221; \u015fekline konu\u015ftu.<\/p>\n","protected":false},"excerpt":{"rendered":"<p>UNESCO D\u00dcNYA M\u0130RAS L\u0130STES\u0130&#8217;NDE YER ALAN VE &#8220;EN \u0130Y\u0130 KORUNAN 20 KENT&#8221; KARAB\u00dcK&#8217;\u00dcN SAFRANBOLU \u0130L\u00c7ES\u0130NDE, HAFTA SONU TUR\u0130ST YO\u011eUNLU\u011eU YA\u015eANDI.<\/p>\n","protected":false},"author":1,"featured_media":212079,"comment_status":"closed","ping_status":"open","sticky":false,"template":"","format":"standard","meta":{"jetpack_post_was_ever_published":false,"_jetpack_newsletter_access":"","_jetpack_dont_email_post_to_subs":false,"_jetpack_newsletter_tier_id":0,"_jetpack_memberships_contains_paywalled_content":false,"_jetpack_memberships_contains_paid_content":false,"footnotes":"","jetpack_publicize_message":"","jetpack_publicize_feature_enabled":true,"jetpack_social_post_already_shared":true,"jetpack_social_options":{"image_generator_settings":{"template":"highway","default_image_id":0,"font":"","enabled":false},"version":2}},"categories":[656],"tags":[1178,10382,3535,10277],"class_list":["post-212078","post","type-post","status-publish","format-standard","has-post-thumbnail","hentry","category-kultur-sanat","tag-hafta","tag-safranboluda","tag-sonu","tag-yogunlugu"],"jetpack_publicize_connections":[],"jetpack_featured_media_url":"https:\/\/i0.wp.com\/www.tvturk.com\/wp-content\/uploads\/2019\/10\/safranboluda-hafta-sonu-yogunlugu_d76e1ce.jpg?fit=1000%2C666","jetpack_sharing_enabled":true,"jetpack_shortlink":"https:\/\/wp.me\/paKIfm-TaC","_links":{"self":[{"href":"http:\/\/www.tvturk.com\/index.php\/wp-json\/wp\/v2\/posts\/212078","targetHints":{"allow":["GET"]}}],"collection":[{"href":"http:\/\/www.tvturk.com\/index.php\/wp-json\/wp\/v2\/posts"}],"about":[{"href":"http:\/\/www.tvturk.com\/index.php\/wp-json\/wp\/v2\/types\/post"}],"author":[{"embeddable":true,"href":"http:\/\/www.tvturk.com\/index.php\/wp-json\/wp\/v2\/users\/1"}],"replies":[{"embeddable":true,"href":"http:\/\/www.tvturk.com\/index.php\/wp-json\/wp\/v2\/comments?post=212078"}],"version-history":[{"count":0,"href":"http:\/\/www.tvturk.com\/index.php\/wp-json\/wp\/v2\/posts\/212078\/revisions"}],"wp:featuredmedia":[{"embeddable":true,"href":"http:\/\/www.tvturk.com\/index.php\/wp-json\/wp\/v2\/media\/212079"}],"wp:attachment":[{"href":"http:\/\/www.tvturk.com\/index.php\/wp-json\/wp\/v2\/media?parent=212078"}],"wp:term":[{"taxonomy":"category","embeddable":true,"href":"http:\/\/www.tvturk.com\/index.php\/wp-json\/wp\/v2\/categories?post=212078"},{"taxonomy":"post_tag","embeddable":true,"href":"http:\/\/www.tvturk.com\/index.php\/wp-json\/wp\/v2\/tags?post=212078"}],"curies":[{"name":"wp","href":"https:\/\/api.w.org\/{rel}","templated":true}]}}