{"id":212365,"date":"2019-10-07T12:02:08","date_gmt":"2019-10-07T09:02:08","guid":{"rendered":"http:\/\/www.tvturk.com\/index.php\/yilda-80-bin-dalis-ile-dunyanin-50-onemli-dalis-noktasi-arasinda\/"},"modified":"2019-10-07T12:02:08","modified_gmt":"2019-10-07T09:02:08","slug":"yilda-80-bin-dalis-ile-dunyanin-50-onemli-dalis-noktasi-arasinda","status":"publish","type":"post","link":"http:\/\/www.tvturk.com\/index.php\/yilda-80-bin-dalis-ile-dunyanin-50-onemli-dalis-noktasi-arasinda\/","title":{"rendered":"Y\u0131lda 80 bin dal\u0131\u015f ile d\u00fcnyan\u0131n 50 \u00f6nemli dal\u0131\u015f noktas\u0131 aras\u0131nda"},"content":{"rendered":"<p>Antalya\u2019n\u0131n Ka\u015f il\u00e7esi, y\u0131lda 80 bin dal\u0131\u015f ile d\u00fcnyan\u0131n en \u00f6nemli 50 dal\u0131\u015f merkezi aras\u0131na girdi. Ka\u015f denince akla ilk akla gelen etkinlik olan dal\u0131\u015f turizminde su alt\u0131ndaki biyo\u00e7e\u015fitlilik, uzun g\u00f6r\u00fc\u015f mesafesi, temizlik, bat\u0131klar ve uygun dal\u0131\u015f noktalar\u0131 \u00f6zelli\u011fi \u00f6ne \u00e7\u0131k\u0131yor. D\u00fcnyan\u0131n 50 \u00f6nemli dal\u0131\u015f noktas\u0131ndan biri olarak kaydedilen Ka\u015f, K\u0131z\u0131ldeniz\u2019den sonra dal\u0131\u015f yap\u0131labilecek en g\u00fczel ikinci nokta olarak belirtiliyor. Ka\u015f, ayr\u0131ca y\u0131l\u0131n 12 ay\u0131 dal\u0131\u015f yap\u0131labilme \u00f6zelli\u011fiyle de \u00f6ne \u00e7\u0131k\u0131yor.<\/p>\n<p>Y\u0131lda 80 bin dal\u0131\u015f<\/p>\n<p>Kaliteli dal\u0131\u015f e\u011fitmenleri nedeniyle yabanc\u0131lar\u0131n u\u011frak yeri konumundaki Ka\u015f, y\u00fczde 20\u2019si yabanc\u0131 olmak \u00fczere, y\u0131lda 80 bin dal\u0131\u015fla bir \u2018dal\u0131\u015f markas\u0131\u2019 olma yolunda ilerliyor. Aralar\u0131nda bir Ka\u015f klasi\u011fi Kanyon, Osmanl\u0131 bat\u0131\u011f\u0131, C47 u\u00e7ak bat\u0131\u011f\u0131, Tank Bat\u0131\u011f\u0131, U\u00e7anbal\u0131k Bankosu, Oasis Banko, Kovanl\u0131 Adas\u0131, Deve Ta\u015f\u0131, T\u00fcnel ve Limana\u011fz\u0131\u2019n\u0131n bulundu\u011fu 35 dal\u0131\u015f noktas\u0131na ve toplamda 22 dal\u0131\u015f okuluna sahip turizm merkezinde, g\u00fcn i\u00e7erisinde 3 farkl\u0131 seansta dal\u0131\u015f yap\u0131labiliyor.<\/p>\n<p>Bu y\u0131l \u00fc\u00e7\u00fcnc\u00fcs\u00fc d\u00fczenlenen Uluslararas\u0131 Serbest Dal\u0131\u015f \u015eampiyonas\u0131n\u0131, Kaymakam Ula\u015f Akhan ile takip eden Belediye Ba\u015fkan\u0131 Mutlu Uluta\u015f dal\u0131\u015f yapt\u0131. Kaymakam Ula\u015f Akhan ile Belediye Ba\u015fkan\u0131 Mutlu Uluta\u015f, D\u00fcnya Sualt\u0131 Aktiviteleri Konfederasyonu (CMAS) ve T\u00fcrkiye Sualt\u0131 Sporlar\u0131 Federasyonu (TSSF) taraf\u0131ndan d\u00fczenlenen Serbest Dal\u0131\u015f D\u00fcnya Kupas\u0131\u2019n\u0131 takip etti. Yar\u0131\u015f b\u00f6lgesinde haz\u0131r bulunan dal\u0131\u015f teknesine gelen Akhan ve Uluta\u015f\u2019\u0131, burada TSSF Ba\u015fkan\u0131 \u015eahin \u00d6zen kar\u015f\u0131lad\u0131.<\/p>\n<p>\u201cSu alt\u0131nda ba\u015fka d\u00fcnya\u201d<\/p>\n<p>Ka\u015f Belediyesi Sosyal Tesisleri a\u00e7\u0131klar\u0131nda profesyonel dalg\u0131\u00e7larla dal\u0131\u015f yaparak farkl\u0131 bir deneyim ya\u015fayan Ba\u015fkan Mutlu Uluta\u015f, su alt\u0131nda bamba\u015fka bir tabiat oldu\u011funu s\u00f6yledi. Ba\u015fkan Uluta\u015f, Ka\u015f\u2019ta ger\u00e7ekle\u015fen dal\u0131\u015f \u015fampiyonas\u0131 kapsam\u0131nda dal\u0131\u015flar\u0131n artt\u0131\u011f\u0131n\u0131 belirterek, \u201cEkim ay\u0131nda \u00fclkemizin bir\u00e7ok yerinde so\u011fuk ve ya\u011fmur var. Ka\u015f\u2019\u0131n havas\u0131 ve denizi ise s\u0131cak. Dal\u0131\u015f yapmak isteyen t\u00fcm vatanda\u015flar\u0131m\u0131z\u0131 bu mevsimde de Ka\u015f\u2019a davet ediyoruz\u201d dedi. Dal\u0131\u015f e\u011fitimi i\u00e7in il\u00e7ede bulundu\u011funu ifade eden Erzincanl\u0131 Murat Ayd\u0131n ise, T\u00fcrkiye\u2019de dal\u0131\u015f\u0131n ba\u015fkentinin Ka\u015f oldu\u011funu belirtti.<\/p>\n","protected":false},"excerpt":{"rendered":"<p>ANTALYA\u2019NIN KA\u015e \u0130L\u00c7ES\u0130NDE YILIN 12 AYI BOYUNCA DALI\u015e KEYF\u0130 YA\u015eANIYOR. BU YIL \u00dc\u00c7\u00dcNC\u00dcS\u00dc D\u00dcZENLENEN ULUSLARARASI SERBEST DALI\u015e \u015eAMP\u0130YONASINI, KAYMAKAM ULA\u015e AKHAN \u0130LE TAK\u0130P EDEN BELED\u0130YE BA\u015eKANI MUTLU ULUTA\u015e DALI\u015e YAPTI.<\/p>\n","protected":false},"author":1,"featured_media":212366,"comment_status":"closed","ping_status":"open","sticky":false,"template":"","format":"standard","meta":{"jetpack_post_was_ever_published":false,"_jetpack_newsletter_access":"","_jetpack_dont_email_post_to_subs":false,"_jetpack_newsletter_tier_id":0,"_jetpack_memberships_contains_paywalled_content":false,"_jetpack_memberships_contains_paid_content":false,"footnotes":"","jetpack_publicize_message":"","jetpack_publicize_feature_enabled":true,"jetpack_social_post_already_shared":true,"jetpack_social_options":{"image_generator_settings":{"template":"highway","default_image_id":0,"font":"","enabled":false},"version":2}},"categories":[1],"tags":[1882,213,14739,1197,192,103,332,598],"class_list":["post-212365","post","type-post","status-publish","format-standard","has-post-thumbnail","hentry","category-genel","tag-arasinda","tag-bin","tag-dalis","tag-dunyanin","tag-ile","tag-noktasi","tag-onemli","tag-yilda"],"jetpack_publicize_connections":[],"jetpack_featured_media_url":"https:\/\/i0.wp.com\/www.tvturk.com\/wp-content\/uploads\/2019\/10\/yilda-80-bin-dalis-ile-dunyanin-50-onemli-dalis-noktasi-arasinda_00279ee.jpg?fit=1000%2C750","jetpack_sharing_enabled":true,"jetpack_shortlink":"https:\/\/wp.me\/paKIfm-Tff","_links":{"self":[{"href":"http:\/\/www.tvturk.com\/index.php\/wp-json\/wp\/v2\/posts\/212365","targetHints":{"allow":["GET"]}}],"collection":[{"href":"http:\/\/www.tvturk.com\/index.php\/wp-json\/wp\/v2\/posts"}],"about":[{"href":"http:\/\/www.tvturk.com\/index.php\/wp-json\/wp\/v2\/types\/post"}],"author":[{"embeddable":true,"href":"http:\/\/www.tvturk.com\/index.php\/wp-json\/wp\/v2\/users\/1"}],"replies":[{"embeddable":true,"href":"http:\/\/www.tvturk.com\/index.php\/wp-json\/wp\/v2\/comments?post=212365"}],"version-history":[{"count":0,"href":"http:\/\/www.tvturk.com\/index.php\/wp-json\/wp\/v2\/posts\/212365\/revisions"}],"wp:featuredmedia":[{"embeddable":true,"href":"http:\/\/www.tvturk.com\/index.php\/wp-json\/wp\/v2\/media\/212366"}],"wp:attachment":[{"href":"http:\/\/www.tvturk.com\/index.php\/wp-json\/wp\/v2\/media?parent=212365"}],"wp:term":[{"taxonomy":"category","embeddable":true,"href":"http:\/\/www.tvturk.com\/index.php\/wp-json\/wp\/v2\/categories?post=212365"},{"taxonomy":"post_tag","embeddable":true,"href":"http:\/\/www.tvturk.com\/index.php\/wp-json\/wp\/v2\/tags?post=212365"}],"curies":[{"name":"wp","href":"https:\/\/api.w.org\/{rel}","templated":true}]}}