{"id":212399,"date":"2019-10-07T12:47:01","date_gmt":"2019-10-07T09:47:01","guid":{"rendered":"http:\/\/www.tvturk.com\/index.php\/160-kiloluk-koc-gorenleri-hayrete-dusurdu\/"},"modified":"2019-10-07T12:47:01","modified_gmt":"2019-10-07T09:47:01","slug":"160-kiloluk-koc-gorenleri-hayrete-dusurdu","status":"publish","type":"post","link":"http:\/\/www.tvturk.com\/index.php\/160-kiloluk-koc-gorenleri-hayrete-dusurdu\/","title":{"rendered":"160 kiloluk ko\u00e7 g\u00f6renleri hayrete d\u00fc\u015f\u00fcrd\u00fc"},"content":{"rendered":"<p>Eski\u015fehir\u2019de d\u00fczenlenen 4. K\u00fc\u00e7\u00fckba\u015f \u00c7oban Festivali\u2019nin ilgi oda\u011f\u0131 olan 160 kilograml\u0131k ko\u00e7, g\u00f6renleri hayrete d\u00fc\u015f\u00fcrd\u00fc.<\/p>\n<p>Tepeba\u015f\u0131 Belediyesi taraf\u0131ndan d\u00fczenlenen ve T\u00fcrkiye\u2019nin farkl\u0131 illerinden gelen \u00e7obanlar\u0131n bulu\u015ftu\u011fu 4. K\u00fc\u00e7\u00fckba\u015f \u00c7oban Festivali\u2019ne getirilen ko\u00e7, b\u00fcy\u00fck ilgi g\u00f6rd\u00fc. Ulu\u00f6nder Kapal\u0131 Pazaryeri\u2019nde d\u00fczenlenen sergi ve yar\u0131\u015fmalar i\u00e7in Bursa\u2019n\u0131n Mustafa Kemal Pa\u015fa il\u00e7esinden getirilen 3 ya\u015f\u0131ndaki 160 kilograml\u0131k ko\u00e7, festivalin ilgi oda\u011f\u0131 haline geldi. Yerli \u0131rklardan \u2018k\u0131v\u0131rc\u0131k melezi\u2019 cinsi olan ko\u00e7, d\u00fczenlenen a\u00e7\u0131k art\u0131rmayla 6 bin 200 liraya sat\u0131ld\u0131.<\/p>\n<p>&#8220;Ko\u00e7u burada sergilemekten mutlu oldum&#8221;<\/p>\n<p>Sergi i\u00e7in Bursa\u2019dan gelen Ahmet Eser, ko\u00e7u burada sergilemekten dolay\u0131 \u00e7ok mutlu oldu\u011funu ifade ederek, \u201cKo\u00e7um 3 ya\u015f\u0131nda, 160 kilogram canl\u0131 a\u011f\u0131rl\u0131\u011f\u0131. K\u0131v\u0131rc\u0131k melez ve yerli \u0131rkt\u0131r. Bu etkinli\u011fi d\u00fczenleyen Belediye Ba\u015fkan\u0131ndan, arkada\u015flardan Allah raz\u0131 olsun. B\u00f6yle fuarlar\u0131n her zaman olmas\u0131n\u0131 diliyorum. Ko\u00e7umu burada sergilemekten mutlu oldum. Ko\u00e7umu bug\u00fcn ihaleye, yar\u0131\u015fmaya \u00e7\u0131karaca\u011f\u0131m. Nasip k\u0131smet art\u0131k Allah\u2019\u0131n izniyle. Herkesin g\u00f6nl\u00fcnden ge\u00e7en istedi\u011fi bir fiyat vard\u0131r. O da bende kals\u0131n. Bundan daha b\u00fcy\u00fck var m\u0131 bilmiyorum ama varsa getirsin diyelim onu\u201d dedi.<\/p>\n<p>Ko\u00e7 3 bin lira a\u00e7\u0131l\u0131\u015f fiyat\u0131ndan sat\u0131\u015fa sunuldu. B\u00fcy\u00fck rekabetin oldu\u011fu a\u00e7\u0131k artt\u0131rmayla 6 bin 200 liraya ko\u00e7u sat\u0131n alan \u00c7ifteler Y\u00f6r\u00fck T\u00fcrkmen Dernek Ba\u015fkan\u0131 \u00dcmit Ya\u015far Kara ise ko\u00e7un yeni sahibi olmaktan dolay\u0131 mutlu oldu\u011funu ifade etti.<\/p>\n","protected":false},"excerpt":{"rendered":"<p>ESK\u0130\u015eEH\u0130R\u2019DE D\u00dcZENLENEN 4. K\u00dc\u00c7\u00dcKBA\u015e \u00c7OBAN FEST\u0130VAL\u0130\u2019N\u0130N \u0130LG\u0130 ODA\u011eI OLAN 160 K\u0130LOGRAMLIK KO\u00c7 G\u00d6RENLER\u0130 HAYRETE D\u00dc\u015e\u00dcRD\u00dc.<\/p>\n","protected":false},"author":1,"featured_media":212400,"comment_status":"closed","ping_status":"open","sticky":false,"template":"","format":"standard","meta":{"jetpack_post_was_ever_published":false,"_jetpack_newsletter_access":"","_jetpack_dont_email_post_to_subs":false,"_jetpack_newsletter_tier_id":0,"_jetpack_memberships_contains_paywalled_content":false,"_jetpack_memberships_contains_paid_content":false,"footnotes":"","jetpack_publicize_message":"","jetpack_publicize_feature_enabled":true,"jetpack_social_post_already_shared":true,"jetpack_social_options":{"image_generator_settings":{"template":"highway","default_image_id":0,"font":"","enabled":false},"version":2}},"categories":[1],"tags":[3852,260,2447,12312,8567,10157],"class_list":["post-212399","post","type-post","status-publish","format-standard","has-post-thumbnail","hentry","category-genel","tag-3852","tag-dusurdu","tag-gorenleri","tag-hayrete","tag-kiloluk","tag-koc"],"jetpack_publicize_connections":[],"jetpack_featured_media_url":"https:\/\/i0.wp.com\/www.tvturk.com\/wp-content\/uploads\/2019\/10\/160-kiloluk-koc-gorenleri-hayrete-dusurdu_587afda.jpg?fit=1000%2C750","jetpack_sharing_enabled":true,"jetpack_shortlink":"https:\/\/wp.me\/paKIfm-TfN","_links":{"self":[{"href":"http:\/\/www.tvturk.com\/index.php\/wp-json\/wp\/v2\/posts\/212399","targetHints":{"allow":["GET"]}}],"collection":[{"href":"http:\/\/www.tvturk.com\/index.php\/wp-json\/wp\/v2\/posts"}],"about":[{"href":"http:\/\/www.tvturk.com\/index.php\/wp-json\/wp\/v2\/types\/post"}],"author":[{"embeddable":true,"href":"http:\/\/www.tvturk.com\/index.php\/wp-json\/wp\/v2\/users\/1"}],"replies":[{"embeddable":true,"href":"http:\/\/www.tvturk.com\/index.php\/wp-json\/wp\/v2\/comments?post=212399"}],"version-history":[{"count":0,"href":"http:\/\/www.tvturk.com\/index.php\/wp-json\/wp\/v2\/posts\/212399\/revisions"}],"wp:featuredmedia":[{"embeddable":true,"href":"http:\/\/www.tvturk.com\/index.php\/wp-json\/wp\/v2\/media\/212400"}],"wp:attachment":[{"href":"http:\/\/www.tvturk.com\/index.php\/wp-json\/wp\/v2\/media?parent=212399"}],"wp:term":[{"taxonomy":"category","embeddable":true,"href":"http:\/\/www.tvturk.com\/index.php\/wp-json\/wp\/v2\/categories?post=212399"},{"taxonomy":"post_tag","embeddable":true,"href":"http:\/\/www.tvturk.com\/index.php\/wp-json\/wp\/v2\/tags?post=212399"}],"curies":[{"name":"wp","href":"https:\/\/api.w.org\/{rel}","templated":true}]}}