{"id":212459,"date":"2019-10-07T14:02:22","date_gmt":"2019-10-07T11:02:22","guid":{"rendered":"http:\/\/www.tvturk.com\/index.php\/ozel-avcilarda-yan-yatan-bina-muhurlendi\/"},"modified":"2019-10-07T14:02:22","modified_gmt":"2019-10-07T11:02:22","slug":"ozel-avcilarda-yan-yatan-bina-muhurlendi","status":"publish","type":"post","link":"http:\/\/www.tvturk.com\/index.php\/ozel-avcilarda-yan-yatan-bina-muhurlendi\/","title":{"rendered":"(\u00d6zel) Avc\u0131lar\u2019da yan yatan bina m\u00fch\u00fcrlendi"},"content":{"rendered":"<p>Avc\u0131lar E-5 karayolu yan\u0131nda uzun zamand\u0131r yana yat\u0131k \u015fekilde duran 40 y\u0131ll\u0131k bina 5.8 b\u00fcy\u00fckl\u00fc\u011f\u00fcndeki depremin ard\u0131ndan yap\u0131lan ihbar neticesinde belediye ekipleri taraf\u0131ndan tahliye edilerek m\u00fch\u00fcrlendi. Yana yat\u0131k duran bina havadan drone ile de g\u00f6r\u00fcnt\u00fclendi.<\/p>\n<p>Silivri a\u00e7\u0131klar\u0131nda ge\u00e7ti\u011fimiz g\u00fcnlerde ya\u015fanan 5.8 b\u00fcy\u00fckl\u00fc\u011f\u00fcndeki depremin ard\u0131ndan Avc\u0131lar il\u00e7esinde bir caminin minaresi y\u0131k\u0131lm\u0131\u015f \u00e7ok say\u0131da evde hasar g\u00f6rd\u00fc\u011f\u00fc gerek\u00e7esiyle bo\u015falt\u0131p m\u00fch\u00fcrlenmi\u015fti. E-5 Karayolu Avc\u0131lar Denizk\u00f6\u015fkler yanyol \u00fczerinde bulunan Bahar Apartman\u0131 ise 1999 depremi sonras\u0131nda 25-30 santim kadar yan taraf\u0131nda bulunan binaya do\u011fru e\u011fildi. E-5 \u00fczerinden net bir \u015fekilde belli olan bina son depremin ard\u0131ndan tekrar g\u00fcndeme geldi. 5.8 b\u00fcy\u00fckl\u00fc\u011f\u00fcndeki depremin ard\u0131ndan yeniden ihbar edilen bina, belediye ekipleri taraf\u0131ndan tahliye edilerek m\u00fch\u00fcrlendi. Binan\u0131n nihai sonucunun yap\u0131 denetim firmas\u0131n\u0131n raporunun ard\u0131ndan belli olaca\u011f\u0131 \u00f6\u011frenildi.<\/p>\n<p>Binan\u0131n y\u0131llard\u0131r yana yat\u0131k halde oldu\u011funu s\u00f6yleyen bir vatanda\u015f, \u201c Son depremden sonra hasar\u0131n artt\u0131\u011f\u0131 g\u00f6r\u00fcl\u00fcyor. \u015eu anda m\u00fch\u00fcrl\u00fcyorlar\u201ddedi.<\/p>\n<p>\u00d6te yandan binan\u0131n son hali drone ile havadan g\u00f6r\u00fcnt\u00fclendi. G\u00f6r\u00fcnt\u00fclerde binan\u0131n biti\u015findeki binaya do\u011fru yan yatt\u0131\u011f\u0131 g\u00f6r\u00fcl\u00fcyor.<\/p>\n","protected":false},"excerpt":{"rendered":"<p>AVCILAR&#8217;DA YANA YATIK B\u0130NA, BELED\u0130YE EK\u0130PLER\u0130 TARAFINDAN TAHL\u0130YE ED\u0130LEREK M\u00dcH\u00dcRLEND\u0130.<\/p>\n","protected":false},"author":1,"featured_media":212460,"comment_status":"closed","ping_status":"open","sticky":false,"template":"","format":"standard","meta":{"jetpack_post_was_ever_published":false,"_jetpack_newsletter_access":"","_jetpack_dont_email_post_to_subs":false,"_jetpack_newsletter_tier_id":0,"_jetpack_memberships_contains_paywalled_content":false,"_jetpack_memberships_contains_paid_content":false,"footnotes":"","jetpack_publicize_message":"","jetpack_publicize_feature_enabled":true,"jetpack_social_post_already_shared":true,"jetpack_social_options":{"image_generator_settings":{"template":"highway","default_image_id":0,"font":"","enabled":false},"version":2}},"categories":[1],"tags":[604,1073,2945,9430,5023,3756],"class_list":["post-212459","post","type-post","status-publish","format-standard","has-post-thumbnail","hentry","category-genel","tag-avcilarda","tag-ozel","tag-bina","tag-muhurlendi","tag-yan","tag-yatan"],"jetpack_publicize_connections":[],"jetpack_featured_media_url":"https:\/\/i0.wp.com\/www.tvturk.com\/wp-content\/uploads\/2019\/10\/ozel-avcilarda-yan-yatan-bina-muhurlendi_b3eed39.jpg?fit=1000%2C750","jetpack_sharing_enabled":true,"jetpack_shortlink":"https:\/\/wp.me\/paKIfm-TgL","_links":{"self":[{"href":"http:\/\/www.tvturk.com\/index.php\/wp-json\/wp\/v2\/posts\/212459","targetHints":{"allow":["GET"]}}],"collection":[{"href":"http:\/\/www.tvturk.com\/index.php\/wp-json\/wp\/v2\/posts"}],"about":[{"href":"http:\/\/www.tvturk.com\/index.php\/wp-json\/wp\/v2\/types\/post"}],"author":[{"embeddable":true,"href":"http:\/\/www.tvturk.com\/index.php\/wp-json\/wp\/v2\/users\/1"}],"replies":[{"embeddable":true,"href":"http:\/\/www.tvturk.com\/index.php\/wp-json\/wp\/v2\/comments?post=212459"}],"version-history":[{"count":0,"href":"http:\/\/www.tvturk.com\/index.php\/wp-json\/wp\/v2\/posts\/212459\/revisions"}],"wp:featuredmedia":[{"embeddable":true,"href":"http:\/\/www.tvturk.com\/index.php\/wp-json\/wp\/v2\/media\/212460"}],"wp:attachment":[{"href":"http:\/\/www.tvturk.com\/index.php\/wp-json\/wp\/v2\/media?parent=212459"}],"wp:term":[{"taxonomy":"category","embeddable":true,"href":"http:\/\/www.tvturk.com\/index.php\/wp-json\/wp\/v2\/categories?post=212459"},{"taxonomy":"post_tag","embeddable":true,"href":"http:\/\/www.tvturk.com\/index.php\/wp-json\/wp\/v2\/tags?post=212459"}],"curies":[{"name":"wp","href":"https:\/\/api.w.org\/{rel}","templated":true}]}}