{"id":212485,"date":"2019-10-07T14:46:47","date_gmt":"2019-10-07T11:46:47","guid":{"rendered":"http:\/\/www.tvturk.com\/index.php\/okul-kantininde-askida-kek-uygulamasi\/"},"modified":"2019-10-07T14:46:47","modified_gmt":"2019-10-07T11:46:47","slug":"okul-kantininde-askida-kek-uygulamasi","status":"publish","type":"post","link":"http:\/\/www.tvturk.com\/index.php\/okul-kantininde-askida-kek-uygulamasi\/","title":{"rendered":"Okul kantininde ask\u0131da kek uygulamas\u0131"},"content":{"rendered":"<p>Manisa\u2019n\u0131n Turgutlu il\u00e7esinde Osmanl\u0131 d\u00f6nemindeki sadaka ta\u015f\u0131 uygulamas\u0131ndan esinlenen \u00f6\u011frenciler ihtiya\u00e7 sahibi arkada\u015flar\u0131n\u0131n yararlanmas\u0131 i\u00e7in okul kantininde &#8220;Ask\u0131da Kek&#8221; uygulamas\u0131n\u0131 hayata ge\u00e7irdi.<\/p>\n<p>Manisa\u2019n\u0131n Turgutlu il\u00e7esinden Samiye Nuri Sevil Ortaokulu 6-E s\u0131n\u0131f\u0131 \u00f6\u011frencileri, okul kantininde olu\u015fturduklar\u0131 b\u00fct\u00e7e ile ihtiya\u00e7 sahibi \u00f6\u011frenci arkada\u015flar\u0131n\u0131n kek, meyve suyu ve simit gibi ihtiya\u00e7lar\u0131n\u0131n kar\u015f\u0131lanmas\u0131n\u0131 sa\u011fl\u0131yorlar. &#8220;Ask\u0131da Kek&#8221; ad\u0131 verilen uygulamayla \u00f6\u011frencilerin ihtiya\u00e7 sahibi arkada\u015flar\u0131n\u0131 unutmad\u0131\u011f\u0131n\u0131 belirten Okul M\u00fcd\u00fcr\u00fc Murat Orhan, &#8220;Sosyal bilgiler \u00f6\u011fretmenimiz derste, atalar\u0131m\u0131z\u0131n yapt\u0131\u011f\u0131 yard\u0131mlar\u0131 anlat\u0131nca, \u00f6\u011frencilerimiz ayn\u0131 uygulamay\u0131 okulumuzda da yapabilece\u011fimizi d\u00fc\u015f\u00fcnm\u00fc\u015fler. Bu konuyu bizimle payla\u015ft\u0131lar. Bu projemiz asl\u0131na uygun bir \u015fekilde, ihtiyac\u0131 olan, anne ve babas\u0131 olmayan, kahvalt\u0131 yapmadan okula gelen \u00f6\u011frencilerimizi desteklemek amac\u0131yla ba\u015flad\u0131. Projemiz ba\u015flad\u0131ktan sonra t\u00fcm \u00f6\u011frencilerimiz ve \u00f6\u011fretmen arkada\u015flar\u0131m\u0131z sahip \u00e7\u0131kt\u0131lar. Uzun s\u00fcredir de projemiz devam ediyor&#8221; dedi.<\/p>\n<p>&#8220;Ask\u0131da Kek&#8221; projesini ba\u015flatan 6-E \u00f6\u011frencilerinden Zeynep Bet\u00fcl Elmaso\u011flu, sosyal bilgiler dersinde, Osmanl\u0131 d\u00f6nemine ait Sadaka ta\u015f\u0131 uygulamas\u0131n\u0131 \u00f6\u011frendikten sonra, ayn\u0131 projeyi okullar\u0131nda ba\u015flatt\u0131klar\u0131n\u0131 s\u00f6yledi. Elmaso\u011flu, &#8220;Sosyal bilgiler dersinde \u00f6\u011fretmenimiz bize, Osmanl\u0131\u2019dan kalma sadaka ta\u015f\u0131n\u0131 \u00f6\u011fretti. Biz de yard\u0131mla\u015fman\u0131n kar\u015f\u0131l\u0131ks\u0131z olabilece\u011fini \u00f6\u011frendik. Bizlerde b\u00f6yle bir proje yapmak i\u00e7in okul m\u00fcd\u00fcr\u00fcm\u00fcz ve m\u00fcd\u00fcr yard\u0131mc\u0131lar\u0131m\u0131za dan\u0131\u015farak b\u00f6yle bir proje ba\u015flatt\u0131k&#8221; diye konu\u015ftu.<\/p>\n<p>6-E s\u0131n\u0131f\u0131n\u0131n s\u0131n\u0131f \u00f6\u011fretmeni olan Hatice \u00c7avu\u015fo\u011flu \u00f6\u011frencileriyle gurur duyduklar\u0131n\u0131 belirterek, &#8220;Proje \u00e7ok anlaml\u0131yd\u0131 ve  destek verdik. Projemiz \u00e7ok k\u0131sa s\u00fcrede t\u00fcm okula yay\u0131ld\u0131, di\u011fer \u00f6\u011frencilerimizde bundan faydaland\u0131lar. S\u0131n\u0131f\u0131mla, \u00f6\u011frencilerimle onur ve gurur duyuyorum&#8221; ifadelerini kulland\u0131.<\/p>\n","protected":false},"excerpt":{"rendered":"<p>MAN\u0130SA&#8217;NIN TURGUTLU \u0130L\u00c7ES\u0130NDE OSMANLI D\u00d6NEM\u0130NDEK\u0130 SADAKA TA\u015eI UYGULAMASINDAN ES\u0130NLENEN \u00d6\u011eRENC\u0130LER \u0130HT\u0130YA\u00c7 SAH\u0130B\u0130 ARKADA\u015eLARININ YARARLANMASI \u0130\u00c7\u0130N OKUL KANT\u0130N\u0130NDE &#8220;ASKIDA KEK&#8221; UYGULAMASINI HAYATA GE\u00c7\u0130RD\u0130.<\/p>\n","protected":false},"author":1,"featured_media":212486,"comment_status":"closed","ping_status":"open","sticky":false,"template":"","format":"standard","meta":{"jetpack_post_was_ever_published":false,"_jetpack_newsletter_access":"","_jetpack_dont_email_post_to_subs":false,"_jetpack_newsletter_tier_id":0,"_jetpack_memberships_contains_paywalled_content":false,"_jetpack_memberships_contains_paid_content":false,"footnotes":"","jetpack_publicize_message":"","jetpack_publicize_feature_enabled":true,"jetpack_social_post_already_shared":true,"jetpack_social_options":{"image_generator_settings":{"template":"highway","default_image_id":0,"font":"","enabled":false},"version":2}},"categories":[1],"tags":[8914,53711,47706,120,861],"class_list":["post-212485","post","type-post","status-publish","format-standard","has-post-thumbnail","hentry","category-genel","tag-askida","tag-kantininde","tag-kek","tag-okul","tag-uygulamasi"],"jetpack_publicize_connections":[],"jetpack_featured_media_url":"https:\/\/i0.wp.com\/www.tvturk.com\/wp-content\/uploads\/2019\/10\/okul-kantininde-askida-kek-uygulamasi_d7152ba.jpg?fit=1000%2C704","jetpack_sharing_enabled":true,"jetpack_shortlink":"https:\/\/wp.me\/paKIfm-Thb","_links":{"self":[{"href":"http:\/\/www.tvturk.com\/index.php\/wp-json\/wp\/v2\/posts\/212485","targetHints":{"allow":["GET"]}}],"collection":[{"href":"http:\/\/www.tvturk.com\/index.php\/wp-json\/wp\/v2\/posts"}],"about":[{"href":"http:\/\/www.tvturk.com\/index.php\/wp-json\/wp\/v2\/types\/post"}],"author":[{"embeddable":true,"href":"http:\/\/www.tvturk.com\/index.php\/wp-json\/wp\/v2\/users\/1"}],"replies":[{"embeddable":true,"href":"http:\/\/www.tvturk.com\/index.php\/wp-json\/wp\/v2\/comments?post=212485"}],"version-history":[{"count":0,"href":"http:\/\/www.tvturk.com\/index.php\/wp-json\/wp\/v2\/posts\/212485\/revisions"}],"wp:featuredmedia":[{"embeddable":true,"href":"http:\/\/www.tvturk.com\/index.php\/wp-json\/wp\/v2\/media\/212486"}],"wp:attachment":[{"href":"http:\/\/www.tvturk.com\/index.php\/wp-json\/wp\/v2\/media?parent=212485"}],"wp:term":[{"taxonomy":"category","embeddable":true,"href":"http:\/\/www.tvturk.com\/index.php\/wp-json\/wp\/v2\/categories?post=212485"},{"taxonomy":"post_tag","embeddable":true,"href":"http:\/\/www.tvturk.com\/index.php\/wp-json\/wp\/v2\/tags?post=212485"}],"curies":[{"name":"wp","href":"https:\/\/api.w.org\/{rel}","templated":true}]}}