{"id":212531,"date":"2019-10-07T16:46:48","date_gmt":"2019-10-07T13:46:48","guid":{"rendered":"http:\/\/www.tvturk.com\/index.php\/buyuksehirli-millilerden-2-altin-1-gumus\/"},"modified":"2019-10-07T16:46:48","modified_gmt":"2019-10-07T13:46:48","slug":"buyuksehirli-millilerden-2-altin-1-gumus","status":"publish","type":"post","link":"http:\/\/www.tvturk.com\/index.php\/buyuksehirli-millilerden-2-altin-1-gumus\/","title":{"rendered":"B\u00fcy\u00fck\u015fehirli mill\u00eelerden 2 alt\u0131n 1 g\u00fcm\u00fc\u015f"},"content":{"rendered":"<p>Bursa B\u00fcy\u00fck\u015fehir Belediyespor Kul\u00fcb\u00fc g\u00fcre\u015f sporcular\u0131, Bulgaristan\u2019da tamamlanan \u2018Balkan G\u00fcre\u015f \u015eampiyonas\u0131\u2019ndan madalyalarla d\u00f6nd\u00fc. B\u00fcy\u00fck\u015fehirli mill\u00ee sporcular Umur Aybey ve Serta\u00e7 \u00dcng\u00f6r alt\u0131n madalya, Serhat B\u00fcber ise g\u00fcm\u00fc\u015f madalya kazand\u0131.<\/p>\n<p>Bulgaristan\u2019\u0131n Panagyuriste \u015fehrinde 1-6 Ekim tarihlerinde d\u00fczenlenen Balkan G\u00fcre\u015f \u015eampiyonas\u0131 tamamland\u0131. Bursa B\u00fcy\u00fck\u015fehir Belediyespor Kul\u00fcb\u00fc\u2019n\u00fcn 3 sporcusunun mill\u00ee formayla m\u00fccadele etti\u011fi \u015fampiyonada Bursal\u0131 sporculardan Umur Aybey, gen\u00e7ler serbest stil 74 kiloda ve Serta\u00e7 \u00dcng\u00f6r, y\u0131ld\u0131zlar serbest stil 92 kiloda  alt\u0131n madalya kazand\u0131. U15 serbest stil 57 kiloda m\u00fccadele eden Serhat B\u00fcber ise g\u00fcm\u00fc\u015f madalya kazand\u0131.<\/p>\n<p>Mill\u00ee forma ad\u0131na m\u00fccadele eden 3 sporcunun da final oynad\u0131\u011f\u0131na dikkat \u00e7eken Bursa B\u00fcy\u00fck\u015fehir Belediyespor Kul\u00fcb\u00fc Y\u00f6netim Kurulu \u00dcyesi Celaleddin G\u00fcne\u015f, altyap\u0131ya verdikleri \u00f6nemin meyvesini almaya ba\u015flad\u0131klar\u0131n\u0131 s\u00f6yledi. Bursa\u2019n\u0131n g\u00fcre\u015f sporu i\u00e7in \u00f6nemli \u015fehirlerden biri oldu\u011funu belirten G\u00fcne\u015f; \u201cB\u00fcy\u00fck\u015fehir Belediyespor Kul\u00fcb\u00fc olarak t\u00fcm bran\u015flarda oldu\u011fu gibi g\u00fcre\u015f bran\u015f\u0131nda da altyap\u0131m\u0131za \u00f6nem veriyoruz. \u0130lk hedefimiz Bursa\u2019da \u00e7ocuklar\u0131m\u0131za g\u00fcre\u015fi sevdirmekti, bunu ba\u015fard\u0131k. Altyap\u0131m\u0131zda e\u011fitim g\u00f6ren sporcu say\u0131s\u0131 ge\u00e7ti\u011fimiz y\u0131llara oranla art\u0131\u015f g\u00f6sterdi. Altya\u015f gruplar\u0131na g\u00f6sterdi\u011fimiz \u00f6zen sayesinde ulusal ve uluslararas\u0131 madalya say\u0131m\u0131z artt\u0131. Bu say\u0131lar daha da y\u00fckselecek. Bug\u00fcn milli tak\u0131ma g\u00f6nderdi\u011fimiz \u00fc\u00e7 sporcumuzda final ma\u00e7\u0131na \u00e7\u0131kt\u0131. Umur ve Serta\u00e7 kategorilerinde alt\u0131n madalya kazand\u0131. Serhat sakatl\u0131\u011f\u0131ndan dolay\u0131 final m\u00fcsabakas\u0131na \u00e7\u0131kamad\u0131 ve g\u00fcm\u00fc\u015f madalya ald\u0131. Gen\u00e7lerimiz gelece\u011fimiz. \u0130leriki tarihlerde madalya say\u0131m\u0131z\u0131n artaca\u011f\u0131na inan\u0131yoruz\u201d dedi.<\/p>\n","protected":false},"excerpt":{"rendered":"<p>BURSA B\u00dcY\u00dcK\u015eEH\u0130R BELED\u0130YESPOR KUL\u00dcB\u00dc G\u00dcRE\u015e SPORCULARI, BULGAR\u0130STAN\u2019DA TAMAMLANAN \u2018BALKAN G\u00dcRE\u015e \u015eAMP\u0130YONASI\u2019NDAN MADALYALARLA D\u00d6ND\u00dc. B\u00dcY\u00dcK\u015eEH\u0130RL\u0130 M\u0130LL\u00ce SPORCULAR UMUR AYBEY VE SERTA\u00c7 \u00dcNG\u00d6R ALTIN MADALYA, SERHAT B\u00dcBER \u0130SE G\u00dcM\u00dc\u015e MADALYA KAZANDI.<\/p>\n","protected":false},"author":1,"featured_media":212532,"comment_status":"closed","ping_status":"open","sticky":false,"template":"","format":"standard","meta":{"jetpack_post_was_ever_published":false,"_jetpack_newsletter_access":"","_jetpack_dont_email_post_to_subs":false,"_jetpack_newsletter_tier_id":0,"_jetpack_memberships_contains_paywalled_content":false,"_jetpack_memberships_contains_paid_content":false,"footnotes":"","jetpack_publicize_message":"","jetpack_publicize_feature_enabled":true,"jetpack_social_post_already_shared":true,"jetpack_social_options":{"image_generator_settings":{"template":"highway","default_image_id":0,"font":"","enabled":false},"version":2}},"categories":[1],"tags":[596,23837,2680,6975],"class_list":["post-212531","post","type-post","status-publish","format-standard","has-post-thumbnail","hentry","category-genel","tag-altin","tag-buyuksehirli","tag-gumus","tag-millilerden"],"jetpack_publicize_connections":[],"jetpack_featured_media_url":"https:\/\/i0.wp.com\/www.tvturk.com\/wp-content\/uploads\/2019\/10\/buyuksehirli-milllerden-2-altin-1-gumus_2f1c460.jpg?fit=1000%2C750","jetpack_sharing_enabled":true,"jetpack_shortlink":"https:\/\/wp.me\/paKIfm-ThV","_links":{"self":[{"href":"http:\/\/www.tvturk.com\/index.php\/wp-json\/wp\/v2\/posts\/212531","targetHints":{"allow":["GET"]}}],"collection":[{"href":"http:\/\/www.tvturk.com\/index.php\/wp-json\/wp\/v2\/posts"}],"about":[{"href":"http:\/\/www.tvturk.com\/index.php\/wp-json\/wp\/v2\/types\/post"}],"author":[{"embeddable":true,"href":"http:\/\/www.tvturk.com\/index.php\/wp-json\/wp\/v2\/users\/1"}],"replies":[{"embeddable":true,"href":"http:\/\/www.tvturk.com\/index.php\/wp-json\/wp\/v2\/comments?post=212531"}],"version-history":[{"count":0,"href":"http:\/\/www.tvturk.com\/index.php\/wp-json\/wp\/v2\/posts\/212531\/revisions"}],"wp:featuredmedia":[{"embeddable":true,"href":"http:\/\/www.tvturk.com\/index.php\/wp-json\/wp\/v2\/media\/212532"}],"wp:attachment":[{"href":"http:\/\/www.tvturk.com\/index.php\/wp-json\/wp\/v2\/media?parent=212531"}],"wp:term":[{"taxonomy":"category","embeddable":true,"href":"http:\/\/www.tvturk.com\/index.php\/wp-json\/wp\/v2\/categories?post=212531"},{"taxonomy":"post_tag","embeddable":true,"href":"http:\/\/www.tvturk.com\/index.php\/wp-json\/wp\/v2\/tags?post=212531"}],"curies":[{"name":"wp","href":"https:\/\/api.w.org\/{rel}","templated":true}]}}