{"id":212569,"date":"2019-10-07T17:32:18","date_gmt":"2019-10-07T14:32:18","guid":{"rendered":"http:\/\/www.tvturk.com\/index.php\/tekirdagdan-arnavutluka-yardim-eli\/"},"modified":"2019-10-07T17:32:18","modified_gmt":"2019-10-07T14:32:18","slug":"tekirdagdan-arnavutluka-yardim-eli","status":"publish","type":"post","link":"http:\/\/www.tvturk.com\/index.php\/tekirdagdan-arnavutluka-yardim-eli\/","title":{"rendered":"Tekirda\u011f\u2019dan Arnavutluk\u2019a yard\u0131m eli"},"content":{"rendered":"<p>Afet ve Acil Durum (AFAD) Genel M\u00fcd\u00fcrl\u00fc\u011f\u00fc Tekirda\u011f \u015eube M\u00fcd\u00fcrl\u00fc\u011f\u00fc taraf\u0131ndan, Arnavutluk\u2019a 480 adet aile \u00e7ad\u0131r\u0131 g\u00f6nderildi.<\/p>\n<p>Tekirda\u011f Valisi Aziz Y\u0131ld\u0131r\u0131m, Arnavutluk\u2019ta meydana gelen 5,6 ve 4,1 b\u00fcy\u00fckl\u00fcklerindeki depremler nedeniyle uluslararas\u0131 yard\u0131m talebi \u00e7er\u00e7evesinde \u0130\u00e7i\u015fleri Bakanl\u0131\u011f\u0131 Afet ve Acil Durum Y\u00f6netimi Ba\u015fkanl\u0131\u011f\u0131nca Arnavutluk\u2019a g\u00f6nderilmesi uygun g\u00f6r\u00fclen, i\u00e7erisinde 480 adet aile \u00e7ad\u0131r\u0131 bulunan 4 t\u0131r\u0131 Tekirda\u011f AFAD lojistik deposundan u\u011furlad\u0131. Vali Y\u0131ld\u0131r\u0131m, yard\u0131m t\u0131rlar\u0131n\u0131 u\u011furlarken Arnavutluk\u2019un karde\u015f \u00fclke oldu\u011funu belirtti. Y\u0131ld\u0131r\u0131m, Arnavutluk halk\u0131na ge\u00e7mi\u015f olsun dileklerinde bulundu ve \u015fof\u00f6rleri &#8220;Allah\u2019a emanet olun ve yolunuz a\u00e7\u0131k olsun\u201d diyerek u\u011furlad\u0131.<\/p>\n<p>Yard\u0131m t\u0131rlar\u0131n\u0131 u\u011furlamaya Vali Y\u0131ld\u0131r\u0131m\u2019\u0131n yan\u0131 s\u0131ra AFAD Tekirda\u011f M\u00fcd\u00fcr\u00fc Recep Erol da kat\u0131ld\u0131.<\/p>\n","protected":false},"excerpt":{"rendered":"<p>TEK\u0130RDA\u011e\u2019DAN ARNAVUTLUK\u2019A YARDIM EL\u0130<\/p>\n","protected":false},"author":1,"featured_media":212570,"comment_status":"closed","ping_status":"open","sticky":false,"template":"","format":"standard","meta":{"jetpack_post_was_ever_published":false,"_jetpack_newsletter_access":"","_jetpack_dont_email_post_to_subs":false,"_jetpack_newsletter_tier_id":0,"_jetpack_memberships_contains_paywalled_content":false,"_jetpack_memberships_contains_paid_content":false,"footnotes":"","jetpack_publicize_message":"","jetpack_publicize_feature_enabled":true,"jetpack_social_post_already_shared":true,"jetpack_social_options":{"image_generator_settings":{"template":"highway","default_image_id":0,"font":"","enabled":false},"version":2}},"categories":[1],"tags":[53735,4118,24631,1736],"class_list":["post-212569","post","type-post","status-publish","format-standard","has-post-thumbnail","hentry","category-genel","tag-arnavutluka","tag-eli","tag-tekirdagdan","tag-yardim"],"jetpack_publicize_connections":[],"jetpack_featured_media_url":"https:\/\/i0.wp.com\/www.tvturk.com\/wp-content\/uploads\/2019\/10\/tekirdagdan-arnavutluka-yardim-eli_306d976.jpg?fit=1000%2C666","jetpack_sharing_enabled":true,"jetpack_shortlink":"https:\/\/wp.me\/paKIfm-Tix","_links":{"self":[{"href":"http:\/\/www.tvturk.com\/index.php\/wp-json\/wp\/v2\/posts\/212569","targetHints":{"allow":["GET"]}}],"collection":[{"href":"http:\/\/www.tvturk.com\/index.php\/wp-json\/wp\/v2\/posts"}],"about":[{"href":"http:\/\/www.tvturk.com\/index.php\/wp-json\/wp\/v2\/types\/post"}],"author":[{"embeddable":true,"href":"http:\/\/www.tvturk.com\/index.php\/wp-json\/wp\/v2\/users\/1"}],"replies":[{"embeddable":true,"href":"http:\/\/www.tvturk.com\/index.php\/wp-json\/wp\/v2\/comments?post=212569"}],"version-history":[{"count":0,"href":"http:\/\/www.tvturk.com\/index.php\/wp-json\/wp\/v2\/posts\/212569\/revisions"}],"wp:featuredmedia":[{"embeddable":true,"href":"http:\/\/www.tvturk.com\/index.php\/wp-json\/wp\/v2\/media\/212570"}],"wp:attachment":[{"href":"http:\/\/www.tvturk.com\/index.php\/wp-json\/wp\/v2\/media?parent=212569"}],"wp:term":[{"taxonomy":"category","embeddable":true,"href":"http:\/\/www.tvturk.com\/index.php\/wp-json\/wp\/v2\/categories?post=212569"},{"taxonomy":"post_tag","embeddable":true,"href":"http:\/\/www.tvturk.com\/index.php\/wp-json\/wp\/v2\/tags?post=212569"}],"curies":[{"name":"wp","href":"https:\/\/api.w.org\/{rel}","templated":true}]}}