{"id":21259,"date":"2019-02-11T13:01:06","date_gmt":"2019-02-11T10:01:06","guid":{"rendered":"http:\/\/www.tvturk.com\/index.php\/ozel-o-anlar-kamerada-4-yasindaki-cocuk-babasinin-elinden-kacinca-otomobilin-altinda-kaldi\/"},"modified":"2019-02-11T13:01:11","modified_gmt":"2019-02-11T10:01:11","slug":"ozel-o-anlar-kamerada-4-yasindaki-cocuk-babasinin-elinden-kacinca-otomobilin-altinda-kaldi","status":"publish","type":"post","link":"http:\/\/www.tvturk.com\/index.php\/ozel-o-anlar-kamerada-4-yasindaki-cocuk-babasinin-elinden-kacinca-otomobilin-altinda-kaldi\/","title":{"rendered":"(\u00d6zel) O anlar kamerada&#8230;4 ya\u015f\u0131ndaki \u00e7ocuk babas\u0131n\u0131n elinden ka\u00e7\u0131nca otomobilin alt\u0131nda kald\u0131"},"content":{"rendered":"<p>Bursa\u2019da ailesi ile birlikte gittikleri misafirlikte evlerine d\u00f6nmek i\u00e7in ayr\u0131lan 4 ya\u015f\u0131ndaki \u00e7ocuk babas\u0131n\u0131n elinden kurtulup yola f\u0131rlay\u0131nca bir otomobilin alt\u0131nda kalarak hayat\u0131n\u0131 kaybetti. O anlar saniye saniye g\u00fcvenlik kameras\u0131na yans\u0131d\u0131<\/p>\n<p>Olay d\u00fcn ak\u015fam saatlerinde meydana geldi. 4 ya\u015f\u0131ndaki \u00d6mer Katmerlikaya ailesiyle birlikte  annesinin i\u015f arkada\u015f\u0131n\u0131n evine misafirli\u011fe gitti. Bir s\u00fcre burada oturan aile daha sonra evlerine gitmek i\u00e7in yola \u00e7\u0131kt\u0131. Aile arabalar\u0131na binmek isterken 4 ya\u015f\u0131ndaki \u00d6mer, babas\u0131 Cemalettin Katmerlikaya\u2019n\u0131n elini b\u0131rakarak yola do\u011fru ko\u015fmaya ba\u015flad\u0131. K\u00fc\u00e7\u00fck \u00e7ocuk daha babas\u0131ndan \u00e7ok uzakla\u015famadan \u00d6.B. isimli s\u00fcr\u00fcc\u00fcn\u00fcn kulland\u0131\u011f\u0131 otomobilin alt\u0131nda kald\u0131. K\u00fc\u00e7\u00fck \u00e7ocu\u011fun araban\u0131n alt\u0131nda kald\u0131\u011f\u0131n\u0131 g\u00f6ren aile \u00e7ocu\u011fu al\u0131p kendi imkanlar\u0131yla hastaneye g\u00f6t\u00fcr\u00fcrken kazay\u0131 yapan \u00d6.B. de ailenin arkas\u0131ndan hastaneye gitti.<\/p>\n<p>4 ya\u015f\u0131ndaki \u00d6mer kald\u0131r\u0131ld\u0131\u011f\u0131 Mudanya Devlet Hastanesi\u2019nde yap\u0131lan t\u00fcm m\u00fcdahalelere ra\u011fmen kurtar\u0131lamad\u0131.<\/p>\n<p>Cumhuriyet Savc\u0131l\u0131\u011f\u0131 kazayla ilgili soru\u015fturma ba\u015flat\u0131rken, k\u00fc\u00e7\u00fck \u00e7ocu\u011fun cenazesi topra\u011fa verilmek \u00fczere Samsun\u2019a g\u00f6t\u00fcr\u00fcld\u00fc.<div class=\"tiled-gallery type-rectangular tiled-gallery-unresized\" data-original-width=\"500\" data-carousel-extra='null' itemscope itemtype=\"http:\/\/schema.org\/ImageGallery\" > <div class=\"gallery-row\" style=\"width: 500px; height: 142px;\" data-original-width=\"500\" data-original-height=\"142\" > <div class=\"gallery-group images-1\" style=\"width: 250px; height: 142px;\" data-original-width=\"250\" data-original-height=\"142\" > <div class=\"tiled-gallery-item tiled-gallery-item-small\" itemprop=\"associatedMedia\" itemscope itemtype=\"http:\/\/schema.org\/ImageObject\"> <a href=\"http:\/\/www.tvturk.com\/index.php\/ozel-o-anlar-kamerada-4-yasindaki-cocuk-babasinin-elinden-kacinca-otomobilin-altinda-kaldi\/ozel-o-anlar-kamerada-4-yasindaki-cocuk-babasinin-elinden-kacinca-otomobilin-altinda-kaldi-3\/\" border=\"0\" itemprop=\"url\"> <meta itemprop=\"width\" content=\"246\"> <meta itemprop=\"height\" content=\"138\"> <img decoding=\"async\" class=\"\" data-attachment-id=\"21261\" data-orig-file=\"http:\/\/www.tvturk.com\/wp-content\/uploads\/2019\/02\/ozel-o-anlar-kamerada4-yasindaki-cocuk-babasinin-elinden-kacinca-otomobilin-altinda-kaldi_7d1d979.jpg\" data-orig-size=\"1000,562\" data-comments-opened=\"\" data-image-meta=\"{&quot;aperture&quot;:&quot;0&quot;,&quot;credit&quot;:&quot;IHA&quot;,&quot;camera&quot;:&quot;&quot;,&quot;caption&quot;:&quot;BURSA\\u2019DA A\\u0130LES\\u0130 \\u0130LE B\\u0130RL\\u0130KTE G\\u0130TT\\u0130KLER\\u0130 M\\u0130SAF\\u0130RL\\u0130KTE EVLER\\u0130NE D\\u00d6NMEK \\u0130\\u00c7\\u0130N AYRILAN 4 YA\\u015eINDAK\\u0130 \\u00c7OCUK BABASININ EL\\u0130NDEN KURTULUP YOLA FIRLAYINCA \\u00d6.B. KONTROL\\u00dcNDEK\\u0130 ARABANIN ALTINDA KALDI. K\\u00dc\\u00c7\\u00dcK \\u00c7OCU\\u011eA ARABA \\u00c7ARPMA ANLARI G\\u00dcVENL\\u0130K KAMERALARINA YANSIRKEN, \\u00c7OCUK KALDIRILDI\\u011eI HASTANEDE HAYATINI KAYBETT\\u0130. (DERYA EVREN\\\/BURSA-\\u0130HA)&quot;,&quot;created_timestamp&quot;:&quot;0&quot;,&quot;copyright&quot;:&quot;\\u0130HLAS HABER AJANSI, www.iha.com.tr&quot;,&quot;focal_length&quot;:&quot;0&quot;,&quot;iso&quot;:&quot;0&quot;,&quot;shutter_speed&quot;:&quot;0&quot;,&quot;title&quot;:&quot;(\\u00d6ZEL) O ANLAR KAMERADA...4 YA\\u015eINDAK\\u0130 \\u00c7OCUK BABASININ EL\\u0130NDEN KA\\u00c7INCA OTOMOB\\u0130L\\u0130N ALTINDA KALDI&quot;,&quot;orientation&quot;:&quot;0&quot;}\" data-image-title=\"(\u00d6zel) O anlar kamerada&amp;#8230;4 ya\u015f\u0131ndaki \u00e7ocuk babas\u0131n\u0131n elinden ka\u00e7\u0131nca otomobilin alt\u0131nda kald\u0131\" data-image-description=\"&lt;p&gt;(\u00d6zel) O anlar kamerada&amp;#8230;4 ya\u015f\u0131ndaki \u00e7ocuk babas\u0131n\u0131n elinden ka\u00e7\u0131nca otomobilin alt\u0131nda kald\u0131&lt;\/p&gt; \" data-medium-file=\"https:\/\/i0.wp.com\/www.tvturk.com\/wp-content\/uploads\/2019\/02\/ozel-o-anlar-kamerada4-yasindaki-cocuk-babasinin-elinden-kacinca-otomobilin-altinda-kaldi_7d1d979.jpg?fit=300%2C169\" data-large-file=\"https:\/\/i0.wp.com\/www.tvturk.com\/wp-content\/uploads\/2019\/02\/ozel-o-anlar-kamerada4-yasindaki-cocuk-babasinin-elinden-kacinca-otomobilin-altinda-kaldi_7d1d979.jpg?fit=1000%2C562\" src=\"https:\/\/i0.wp.com\/www.tvturk.com\/wp-content\/uploads\/2019\/02\/ozel-o-anlar-kamerada4-yasindaki-cocuk-babasinin-elinden-kacinca-otomobilin-altinda-kaldi_7d1d979.jpg?w=246&#038;h=138\" srcset=\"https:\/\/i0.wp.com\/www.tvturk.com\/wp-content\/uploads\/2019\/02\/ozel-o-anlar-kamerada4-yasindaki-cocuk-babasinin-elinden-kacinca-otomobilin-altinda-kaldi_7d1d979.jpg?w=1000 1000w, https:\/\/i0.wp.com\/www.tvturk.com\/wp-content\/uploads\/2019\/02\/ozel-o-anlar-kamerada4-yasindaki-cocuk-babasinin-elinden-kacinca-otomobilin-altinda-kaldi_7d1d979.jpg?resize=150%2C84 150w, https:\/\/i0.wp.com\/www.tvturk.com\/wp-content\/uploads\/2019\/02\/ozel-o-anlar-kamerada4-yasindaki-cocuk-babasinin-elinden-kacinca-otomobilin-altinda-kaldi_7d1d979.jpg?resize=300%2C169 300w, https:\/\/i0.wp.com\/www.tvturk.com\/wp-content\/uploads\/2019\/02\/ozel-o-anlar-kamerada4-yasindaki-cocuk-babasinin-elinden-kacinca-otomobilin-altinda-kaldi_7d1d979.jpg?resize=768%2C432 768w, https:\/\/i0.wp.com\/www.tvturk.com\/wp-content\/uploads\/2019\/02\/ozel-o-anlar-kamerada4-yasindaki-cocuk-babasinin-elinden-kacinca-otomobilin-altinda-kaldi_7d1d979.jpg?resize=200%2C113 200w\" width=\"246\" height=\"138\" loading=\"lazy\" data-original-width=\"246\" data-original-height=\"138\" itemprop=\"http:\/\/schema.org\/image\" title=\"(\u00d6zel) O anlar kamerada...4 ya\u015f\u0131ndaki \u00e7ocuk babas\u0131n\u0131n elinden ka\u00e7\u0131nca otomobilin alt\u0131nda kald\u0131\" alt=\"(\u00d6zel) O anlar kamerada...4 ya\u015f\u0131ndaki \u00e7ocuk babas\u0131n\u0131n elinden ka\u00e7\u0131nca otomobilin alt\u0131nda kald\u0131\" style=\"width: 246px; height: 138px;\" \/> <\/a> <\/div> <\/div> <!-- close group --> <div class=\"gallery-group images-1\" style=\"width: 250px; height: 142px;\" data-original-width=\"250\" data-original-height=\"142\" > <div class=\"tiled-gallery-item tiled-gallery-item-small\" itemprop=\"associatedMedia\" itemscope itemtype=\"http:\/\/schema.org\/ImageObject\"> <a href=\"http:\/\/www.tvturk.com\/index.php\/ozel-o-anlar-kamerada-4-yasindaki-cocuk-babasinin-elinden-kacinca-otomobilin-altinda-kaldi\/ozel-o-anlar-kamerada-4-yasindaki-cocuk-babasinin-elinden-kacinca-otomobilin-altinda-kaldi-4\/\" border=\"0\" itemprop=\"url\"> <meta itemprop=\"width\" content=\"246\"> <meta itemprop=\"height\" content=\"138\"> <img decoding=\"async\" class=\"\" data-attachment-id=\"21262\" data-orig-file=\"http:\/\/www.tvturk.com\/wp-content\/uploads\/2019\/02\/ozel-o-anlar-kamerada4-yasindaki-cocuk-babasinin-elinden-kacinca-otomobilin-altinda-kaldi_a684f98.jpg\" data-orig-size=\"1000,562\" data-comments-opened=\"\" data-image-meta=\"{&quot;aperture&quot;:&quot;0&quot;,&quot;credit&quot;:&quot;IHA&quot;,&quot;camera&quot;:&quot;&quot;,&quot;caption&quot;:&quot;BURSA\\u2019DA A\\u0130LES\\u0130 \\u0130LE B\\u0130RL\\u0130KTE G\\u0130TT\\u0130KLER\\u0130 M\\u0130SAF\\u0130RL\\u0130KTE EVLER\\u0130NE D\\u00d6NMEK \\u0130\\u00c7\\u0130N AYRILAN 4 YA\\u015eINDAK\\u0130 \\u00c7OCUK BABASININ EL\\u0130NDEN KURTULUP YOLA FIRLAYINCA \\u00d6.B. KONTROL\\u00dcNDEK\\u0130 ARABANIN ALTINDA KALDI. K\\u00dc\\u00c7\\u00dcK \\u00c7OCU\\u011eA ARABA \\u00c7ARPMA ANLARI G\\u00dcVENL\\u0130K KAMERALARINA YANSIRKEN, \\u00c7OCUK KALDIRILDI\\u011eI HASTANEDE HAYATINI KAYBETT\\u0130. (DERYA EVREN\\\/BURSA-\\u0130HA)&quot;,&quot;created_timestamp&quot;:&quot;0&quot;,&quot;copyright&quot;:&quot;\\u0130HLAS HABER AJANSI, www.iha.com.tr&quot;,&quot;focal_length&quot;:&quot;0&quot;,&quot;iso&quot;:&quot;0&quot;,&quot;shutter_speed&quot;:&quot;0&quot;,&quot;title&quot;:&quot;(\\u00d6ZEL) O ANLAR KAMERADA...4 YA\\u015eINDAK\\u0130 \\u00c7OCUK BABASININ EL\\u0130NDEN KA\\u00c7INCA OTOMOB\\u0130L\\u0130N ALTINDA KALDI&quot;,&quot;orientation&quot;:&quot;0&quot;}\" data-image-title=\"(\u00d6zel) O anlar kamerada&amp;#8230;4 ya\u015f\u0131ndaki \u00e7ocuk babas\u0131n\u0131n elinden ka\u00e7\u0131nca otomobilin alt\u0131nda kald\u0131\" data-image-description=\"&lt;p&gt;(\u00d6zel) O anlar kamerada&amp;#8230;4 ya\u015f\u0131ndaki \u00e7ocuk babas\u0131n\u0131n elinden ka\u00e7\u0131nca otomobilin alt\u0131nda kald\u0131&lt;\/p&gt; \" data-medium-file=\"https:\/\/i0.wp.com\/www.tvturk.com\/wp-content\/uploads\/2019\/02\/ozel-o-anlar-kamerada4-yasindaki-cocuk-babasinin-elinden-kacinca-otomobilin-altinda-kaldi_a684f98.jpg?fit=300%2C169\" data-large-file=\"https:\/\/i0.wp.com\/www.tvturk.com\/wp-content\/uploads\/2019\/02\/ozel-o-anlar-kamerada4-yasindaki-cocuk-babasinin-elinden-kacinca-otomobilin-altinda-kaldi_a684f98.jpg?fit=1000%2C562\" src=\"https:\/\/i0.wp.com\/www.tvturk.com\/wp-content\/uploads\/2019\/02\/ozel-o-anlar-kamerada4-yasindaki-cocuk-babasinin-elinden-kacinca-otomobilin-altinda-kaldi_a684f98.jpg?w=246&#038;h=138\" srcset=\"https:\/\/i0.wp.com\/www.tvturk.com\/wp-content\/uploads\/2019\/02\/ozel-o-anlar-kamerada4-yasindaki-cocuk-babasinin-elinden-kacinca-otomobilin-altinda-kaldi_a684f98.jpg?w=1000 1000w, https:\/\/i0.wp.com\/www.tvturk.com\/wp-content\/uploads\/2019\/02\/ozel-o-anlar-kamerada4-yasindaki-cocuk-babasinin-elinden-kacinca-otomobilin-altinda-kaldi_a684f98.jpg?resize=150%2C84 150w, https:\/\/i0.wp.com\/www.tvturk.com\/wp-content\/uploads\/2019\/02\/ozel-o-anlar-kamerada4-yasindaki-cocuk-babasinin-elinden-kacinca-otomobilin-altinda-kaldi_a684f98.jpg?resize=300%2C169 300w, https:\/\/i0.wp.com\/www.tvturk.com\/wp-content\/uploads\/2019\/02\/ozel-o-anlar-kamerada4-yasindaki-cocuk-babasinin-elinden-kacinca-otomobilin-altinda-kaldi_a684f98.jpg?resize=768%2C432 768w, https:\/\/i0.wp.com\/www.tvturk.com\/wp-content\/uploads\/2019\/02\/ozel-o-anlar-kamerada4-yasindaki-cocuk-babasinin-elinden-kacinca-otomobilin-altinda-kaldi_a684f98.jpg?resize=200%2C113 200w\" width=\"246\" height=\"138\" loading=\"lazy\" data-original-width=\"246\" data-original-height=\"138\" itemprop=\"http:\/\/schema.org\/image\" title=\"(\u00d6zel) O anlar kamerada...4 ya\u015f\u0131ndaki \u00e7ocuk babas\u0131n\u0131n elinden ka\u00e7\u0131nca otomobilin alt\u0131nda kald\u0131\" alt=\"(\u00d6zel) O anlar kamerada...4 ya\u015f\u0131ndaki \u00e7ocuk babas\u0131n\u0131n elinden ka\u00e7\u0131nca otomobilin alt\u0131nda kald\u0131\" style=\"width: 246px; height: 138px;\" \/> <\/a> <\/div> <\/div> <!-- close group --> <\/div> <!-- close row --> <div class=\"gallery-row\" style=\"width: 500px; height: 93px;\" data-original-width=\"500\" data-original-height=\"93\" > <div class=\"gallery-group images-1\" style=\"width: 162px; height: 93px;\" data-original-width=\"162\" data-original-height=\"93\" > <div class=\"tiled-gallery-item tiled-gallery-item-small\" itemprop=\"associatedMedia\" itemscope itemtype=\"http:\/\/schema.org\/ImageObject\"> <a href=\"http:\/\/www.tvturk.com\/index.php\/ozel-o-anlar-kamerada-4-yasindaki-cocuk-babasinin-elinden-kacinca-otomobilin-altinda-kaldi\/ozel-o-anlar-kamerada-4-yasindaki-cocuk-babasinin-elinden-kacinca-otomobilin-altinda-kaldi-5\/\" border=\"0\" itemprop=\"url\"> <meta itemprop=\"width\" content=\"158\"> <meta itemprop=\"height\" content=\"89\"> <img decoding=\"async\" class=\"\" data-attachment-id=\"21263\" data-orig-file=\"http:\/\/www.tvturk.com\/wp-content\/uploads\/2019\/02\/ozel-o-anlar-kamerada4-yasindaki-cocuk-babasinin-elinden-kacinca-otomobilin-altinda-kaldi_284b743.jpg\" data-orig-size=\"1000,562\" data-comments-opened=\"\" data-image-meta=\"{&quot;aperture&quot;:&quot;0&quot;,&quot;credit&quot;:&quot;IHA&quot;,&quot;camera&quot;:&quot;&quot;,&quot;caption&quot;:&quot;BURSA\\u2019DA A\\u0130LES\\u0130 \\u0130LE B\\u0130RL\\u0130KTE G\\u0130TT\\u0130KLER\\u0130 M\\u0130SAF\\u0130RL\\u0130KTE EVLER\\u0130NE D\\u00d6NMEK \\u0130\\u00c7\\u0130N AYRILAN 4 YA\\u015eINDAK\\u0130 \\u00c7OCUK BABASININ EL\\u0130NDEN KURTULUP YOLA FIRLAYINCA \\u00d6.B. KONTROL\\u00dcNDEK\\u0130 ARABANIN ALTINDA KALDI. K\\u00dc\\u00c7\\u00dcK \\u00c7OCU\\u011eA ARABA \\u00c7ARPMA ANLARI G\\u00dcVENL\\u0130K KAMERALARINA YANSIRKEN, \\u00c7OCUK KALDIRILDI\\u011eI HASTANEDE HAYATINI KAYBETT\\u0130. (DERYA EVREN\\\/BURSA-\\u0130HA)&quot;,&quot;created_timestamp&quot;:&quot;0&quot;,&quot;copyright&quot;:&quot;\\u0130HLAS HABER AJANSI, www.iha.com.tr&quot;,&quot;focal_length&quot;:&quot;0&quot;,&quot;iso&quot;:&quot;0&quot;,&quot;shutter_speed&quot;:&quot;0&quot;,&quot;title&quot;:&quot;(\\u00d6ZEL) O ANLAR KAMERADA...4 YA\\u015eINDAK\\u0130 \\u00c7OCUK BABASININ EL\\u0130NDEN KA\\u00c7INCA OTOMOB\\u0130L\\u0130N ALTINDA KALDI&quot;,&quot;orientation&quot;:&quot;0&quot;}\" data-image-title=\"(\u00d6zel) O anlar kamerada&amp;#8230;4 ya\u015f\u0131ndaki \u00e7ocuk babas\u0131n\u0131n elinden ka\u00e7\u0131nca otomobilin alt\u0131nda kald\u0131\" data-image-description=\"&lt;p&gt;(\u00d6zel) O anlar kamerada&amp;#8230;4 ya\u015f\u0131ndaki \u00e7ocuk babas\u0131n\u0131n elinden ka\u00e7\u0131nca otomobilin alt\u0131nda kald\u0131&lt;\/p&gt; \" data-medium-file=\"https:\/\/i0.wp.com\/www.tvturk.com\/wp-content\/uploads\/2019\/02\/ozel-o-anlar-kamerada4-yasindaki-cocuk-babasinin-elinden-kacinca-otomobilin-altinda-kaldi_284b743.jpg?fit=300%2C169\" data-large-file=\"https:\/\/i0.wp.com\/www.tvturk.com\/wp-content\/uploads\/2019\/02\/ozel-o-anlar-kamerada4-yasindaki-cocuk-babasinin-elinden-kacinca-otomobilin-altinda-kaldi_284b743.jpg?fit=1000%2C562\" src=\"https:\/\/i0.wp.com\/www.tvturk.com\/wp-content\/uploads\/2019\/02\/ozel-o-anlar-kamerada4-yasindaki-cocuk-babasinin-elinden-kacinca-otomobilin-altinda-kaldi_284b743.jpg?w=158&#038;h=89\" srcset=\"https:\/\/i0.wp.com\/www.tvturk.com\/wp-content\/uploads\/2019\/02\/ozel-o-anlar-kamerada4-yasindaki-cocuk-babasinin-elinden-kacinca-otomobilin-altinda-kaldi_284b743.jpg?w=1000 1000w, https:\/\/i0.wp.com\/www.tvturk.com\/wp-content\/uploads\/2019\/02\/ozel-o-anlar-kamerada4-yasindaki-cocuk-babasinin-elinden-kacinca-otomobilin-altinda-kaldi_284b743.jpg?resize=150%2C84 150w, https:\/\/i0.wp.com\/www.tvturk.com\/wp-content\/uploads\/2019\/02\/ozel-o-anlar-kamerada4-yasindaki-cocuk-babasinin-elinden-kacinca-otomobilin-altinda-kaldi_284b743.jpg?resize=300%2C169 300w, https:\/\/i0.wp.com\/www.tvturk.com\/wp-content\/uploads\/2019\/02\/ozel-o-anlar-kamerada4-yasindaki-cocuk-babasinin-elinden-kacinca-otomobilin-altinda-kaldi_284b743.jpg?resize=768%2C432 768w, https:\/\/i0.wp.com\/www.tvturk.com\/wp-content\/uploads\/2019\/02\/ozel-o-anlar-kamerada4-yasindaki-cocuk-babasinin-elinden-kacinca-otomobilin-altinda-kaldi_284b743.jpg?resize=200%2C113 200w\" width=\"158\" height=\"89\" loading=\"lazy\" data-original-width=\"158\" data-original-height=\"89\" itemprop=\"http:\/\/schema.org\/image\" title=\"(\u00d6zel) O anlar kamerada...4 ya\u015f\u0131ndaki \u00e7ocuk babas\u0131n\u0131n elinden ka\u00e7\u0131nca otomobilin alt\u0131nda kald\u0131\" alt=\"(\u00d6zel) O anlar kamerada...4 ya\u015f\u0131ndaki \u00e7ocuk babas\u0131n\u0131n elinden ka\u00e7\u0131nca otomobilin alt\u0131nda kald\u0131\" style=\"width: 158px; height: 89px;\" \/> <\/a> <\/div> <\/div> <!-- close group --> <div class=\"gallery-group images-1\" style=\"width: 122px; height: 93px;\" data-original-width=\"122\" data-original-height=\"93\" > <div class=\"tiled-gallery-item tiled-gallery-item-small\" itemprop=\"associatedMedia\" itemscope itemtype=\"http:\/\/schema.org\/ImageObject\"> <a href=\"http:\/\/www.tvturk.com\/index.php\/ozel-o-anlar-kamerada-4-yasindaki-cocuk-babasinin-elinden-kacinca-otomobilin-altinda-kaldi\/ozel-o-anlar-kamerada-4-yasindaki-cocuk-babasinin-elinden-kacinca-otomobilin-altinda-kaldi-6\/\" border=\"0\" itemprop=\"url\"> <meta itemprop=\"width\" content=\"118\"> <meta itemprop=\"height\" content=\"89\"> <img decoding=\"async\" class=\"\" data-attachment-id=\"21264\" data-orig-file=\"http:\/\/www.tvturk.com\/wp-content\/uploads\/2019\/02\/ozel-o-anlar-kamerada4-yasindaki-cocuk-babasinin-elinden-kacinca-otomobilin-altinda-kaldi_dfad1a5.jpg\" data-orig-size=\"1000,750\" data-comments-opened=\"\" data-image-meta=\"{&quot;aperture&quot;:&quot;0&quot;,&quot;credit&quot;:&quot;IHA&quot;,&quot;camera&quot;:&quot;&quot;,&quot;caption&quot;:&quot;BURSA\\u2019DA A\\u0130LES\\u0130 \\u0130LE B\\u0130RL\\u0130KTE G\\u0130TT\\u0130KLER\\u0130 M\\u0130SAF\\u0130RL\\u0130KTE EVLER\\u0130NE D\\u00d6NMEK \\u0130\\u00c7\\u0130N AYRILAN 4 YA\\u015eINDAK\\u0130 \\u00c7OCUK BABASININ EL\\u0130NDEN KURTULUP YOLA FIRLAYINCA \\u00d6.B. KONTROL\\u00dcNDEK\\u0130 ARABANIN ALTINDA KALDI. K\\u00dc\\u00c7\\u00dcK \\u00c7OCU\\u011eA ARABA \\u00c7ARPMA ANLARI G\\u00dcVENL\\u0130K KAMERALARINA YANSIRKEN, \\u00c7OCUK KALDIRILDI\\u011eI HASTANEDE HAYATINI KAYBETT\\u0130. (DERYA EVREN\\\/BURSA-\\u0130HA)&quot;,&quot;created_timestamp&quot;:&quot;0&quot;,&quot;copyright&quot;:&quot;\\u0130HLAS HABER AJANSI, www.iha.com.tr&quot;,&quot;focal_length&quot;:&quot;0&quot;,&quot;iso&quot;:&quot;0&quot;,&quot;shutter_speed&quot;:&quot;0&quot;,&quot;title&quot;:&quot;(\\u00d6ZEL) O ANLAR KAMERADA...4 YA\\u015eINDAK\\u0130 \\u00c7OCUK BABASININ EL\\u0130NDEN KA\\u00c7INCA OTOMOB\\u0130L\\u0130N ALTINDA KALDI&quot;,&quot;orientation&quot;:&quot;0&quot;}\" data-image-title=\"(\u00d6zel) O anlar kamerada&amp;#8230;4 ya\u015f\u0131ndaki \u00e7ocuk babas\u0131n\u0131n elinden ka\u00e7\u0131nca otomobilin alt\u0131nda kald\u0131\" data-image-description=\"&lt;p&gt;(\u00d6zel) O anlar kamerada&amp;#8230;4 ya\u015f\u0131ndaki \u00e7ocuk babas\u0131n\u0131n elinden ka\u00e7\u0131nca otomobilin alt\u0131nda kald\u0131&lt;\/p&gt; \" data-medium-file=\"https:\/\/i0.wp.com\/www.tvturk.com\/wp-content\/uploads\/2019\/02\/ozel-o-anlar-kamerada4-yasindaki-cocuk-babasinin-elinden-kacinca-otomobilin-altinda-kaldi_dfad1a5.jpg?fit=300%2C225\" data-large-file=\"https:\/\/i0.wp.com\/www.tvturk.com\/wp-content\/uploads\/2019\/02\/ozel-o-anlar-kamerada4-yasindaki-cocuk-babasinin-elinden-kacinca-otomobilin-altinda-kaldi_dfad1a5.jpg?fit=1000%2C750\" src=\"https:\/\/i0.wp.com\/www.tvturk.com\/wp-content\/uploads\/2019\/02\/ozel-o-anlar-kamerada4-yasindaki-cocuk-babasinin-elinden-kacinca-otomobilin-altinda-kaldi_dfad1a5.jpg?w=118&#038;h=89\" srcset=\"https:\/\/i0.wp.com\/www.tvturk.com\/wp-content\/uploads\/2019\/02\/ozel-o-anlar-kamerada4-yasindaki-cocuk-babasinin-elinden-kacinca-otomobilin-altinda-kaldi_dfad1a5.jpg?w=1000 1000w, https:\/\/i0.wp.com\/www.tvturk.com\/wp-content\/uploads\/2019\/02\/ozel-o-anlar-kamerada4-yasindaki-cocuk-babasinin-elinden-kacinca-otomobilin-altinda-kaldi_dfad1a5.jpg?resize=150%2C113 150w, https:\/\/i0.wp.com\/www.tvturk.com\/wp-content\/uploads\/2019\/02\/ozel-o-anlar-kamerada4-yasindaki-cocuk-babasinin-elinden-kacinca-otomobilin-altinda-kaldi_dfad1a5.jpg?resize=300%2C225 300w, https:\/\/i0.wp.com\/www.tvturk.com\/wp-content\/uploads\/2019\/02\/ozel-o-anlar-kamerada4-yasindaki-cocuk-babasinin-elinden-kacinca-otomobilin-altinda-kaldi_dfad1a5.jpg?resize=768%2C576 768w\" width=\"118\" height=\"89\" loading=\"lazy\" data-original-width=\"118\" data-original-height=\"89\" itemprop=\"http:\/\/schema.org\/image\" title=\"(\u00d6zel) O anlar kamerada...4 ya\u015f\u0131ndaki \u00e7ocuk babas\u0131n\u0131n elinden ka\u00e7\u0131nca otomobilin alt\u0131nda kald\u0131\" alt=\"(\u00d6zel) O anlar kamerada...4 ya\u015f\u0131ndaki \u00e7ocuk babas\u0131n\u0131n elinden ka\u00e7\u0131nca otomobilin alt\u0131nda kald\u0131\" style=\"width: 118px; height: 89px;\" \/> <\/a> <\/div> <\/div> <!-- close group --> <div class=\"gallery-group images-1\" style=\"width: 123px; height: 93px;\" data-original-width=\"123\" data-original-height=\"93\" > <div class=\"tiled-gallery-item tiled-gallery-item-small\" itemprop=\"associatedMedia\" itemscope itemtype=\"http:\/\/schema.org\/ImageObject\"> <a href=\"http:\/\/www.tvturk.com\/index.php\/ozel-o-anlar-kamerada-4-yasindaki-cocuk-babasinin-elinden-kacinca-otomobilin-altinda-kaldi\/ozel-o-anlar-kamerada-4-yasindaki-cocuk-babasinin-elinden-kacinca-otomobilin-altinda-kaldi-7\/\" border=\"0\" itemprop=\"url\"> <meta itemprop=\"width\" content=\"119\"> <meta itemprop=\"height\" content=\"89\"> <img decoding=\"async\" class=\"\" data-attachment-id=\"21265\" data-orig-file=\"http:\/\/www.tvturk.com\/wp-content\/uploads\/2019\/02\/ozel-o-anlar-kamerada4-yasindaki-cocuk-babasinin-elinden-kacinca-otomobilin-altinda-kaldi_173d08e.jpg\" data-orig-size=\"1000,750\" data-comments-opened=\"\" data-image-meta=\"{&quot;aperture&quot;:&quot;0&quot;,&quot;credit&quot;:&quot;IHA&quot;,&quot;camera&quot;:&quot;&quot;,&quot;caption&quot;:&quot;BURSA\\u2019DA A\\u0130LES\\u0130 \\u0130LE B\\u0130RL\\u0130KTE G\\u0130TT\\u0130KLER\\u0130 M\\u0130SAF\\u0130RL\\u0130KTE EVLER\\u0130NE D\\u00d6NMEK \\u0130\\u00c7\\u0130N AYRILAN 4 YA\\u015eINDAK\\u0130 \\u00c7OCUK BABASININ EL\\u0130NDEN KURTULUP YOLA FIRLAYINCA \\u00d6.B. KONTROL\\u00dcNDEK\\u0130 ARABANIN ALTINDA KALDI. K\\u00dc\\u00c7\\u00dcK \\u00c7OCU\\u011eA ARABA \\u00c7ARPMA ANLARI G\\u00dcVENL\\u0130K KAMERALARINA YANSIRKEN, \\u00c7OCUK KALDIRILDI\\u011eI HASTANEDE HAYATINI KAYBETT\\u0130. (DERYA EVREN\\\/BURSA-\\u0130HA)&quot;,&quot;created_timestamp&quot;:&quot;0&quot;,&quot;copyright&quot;:&quot;\\u0130HLAS HABER AJANSI, www.iha.com.tr&quot;,&quot;focal_length&quot;:&quot;0&quot;,&quot;iso&quot;:&quot;0&quot;,&quot;shutter_speed&quot;:&quot;0&quot;,&quot;title&quot;:&quot;(\\u00d6ZEL) O ANLAR KAMERADA...4 YA\\u015eINDAK\\u0130 \\u00c7OCUK BABASININ EL\\u0130NDEN KA\\u00c7INCA OTOMOB\\u0130L\\u0130N ALTINDA KALDI&quot;,&quot;orientation&quot;:&quot;0&quot;}\" data-image-title=\"(\u00d6zel) O anlar kamerada&amp;#8230;4 ya\u015f\u0131ndaki \u00e7ocuk babas\u0131n\u0131n elinden ka\u00e7\u0131nca otomobilin alt\u0131nda kald\u0131\" data-image-description=\"&lt;p&gt;(\u00d6zel) O anlar kamerada&amp;#8230;4 ya\u015f\u0131ndaki \u00e7ocuk babas\u0131n\u0131n elinden ka\u00e7\u0131nca otomobilin alt\u0131nda kald\u0131&lt;\/p&gt; \" data-medium-file=\"https:\/\/i0.wp.com\/www.tvturk.com\/wp-content\/uploads\/2019\/02\/ozel-o-anlar-kamerada4-yasindaki-cocuk-babasinin-elinden-kacinca-otomobilin-altinda-kaldi_173d08e.jpg?fit=300%2C225\" data-large-file=\"https:\/\/i0.wp.com\/www.tvturk.com\/wp-content\/uploads\/2019\/02\/ozel-o-anlar-kamerada4-yasindaki-cocuk-babasinin-elinden-kacinca-otomobilin-altinda-kaldi_173d08e.jpg?fit=1000%2C750\" src=\"https:\/\/i0.wp.com\/www.tvturk.com\/wp-content\/uploads\/2019\/02\/ozel-o-anlar-kamerada4-yasindaki-cocuk-babasinin-elinden-kacinca-otomobilin-altinda-kaldi_173d08e.jpg?w=119&#038;h=89\" srcset=\"https:\/\/i0.wp.com\/www.tvturk.com\/wp-content\/uploads\/2019\/02\/ozel-o-anlar-kamerada4-yasindaki-cocuk-babasinin-elinden-kacinca-otomobilin-altinda-kaldi_173d08e.jpg?w=1000 1000w, https:\/\/i0.wp.com\/www.tvturk.com\/wp-content\/uploads\/2019\/02\/ozel-o-anlar-kamerada4-yasindaki-cocuk-babasinin-elinden-kacinca-otomobilin-altinda-kaldi_173d08e.jpg?resize=150%2C113 150w, https:\/\/i0.wp.com\/www.tvturk.com\/wp-content\/uploads\/2019\/02\/ozel-o-anlar-kamerada4-yasindaki-cocuk-babasinin-elinden-kacinca-otomobilin-altinda-kaldi_173d08e.jpg?resize=300%2C225 300w, https:\/\/i0.wp.com\/www.tvturk.com\/wp-content\/uploads\/2019\/02\/ozel-o-anlar-kamerada4-yasindaki-cocuk-babasinin-elinden-kacinca-otomobilin-altinda-kaldi_173d08e.jpg?resize=768%2C576 768w\" width=\"119\" height=\"89\" loading=\"lazy\" data-original-width=\"119\" data-original-height=\"89\" itemprop=\"http:\/\/schema.org\/image\" title=\"(\u00d6zel) O anlar kamerada...4 ya\u015f\u0131ndaki \u00e7ocuk babas\u0131n\u0131n elinden ka\u00e7\u0131nca otomobilin alt\u0131nda kald\u0131\" alt=\"(\u00d6zel) O anlar kamerada...4 ya\u015f\u0131ndaki \u00e7ocuk babas\u0131n\u0131n elinden ka\u00e7\u0131nca otomobilin alt\u0131nda kald\u0131\" style=\"width: 119px; height: 89px;\" \/> <\/a> <\/div> <\/div> <!-- close group --> <div class=\"gallery-group images-1\" style=\"width: 93px; height: 93px;\" data-original-width=\"93\" data-original-height=\"93\" > <div class=\"tiled-gallery-item tiled-gallery-item-small\" itemprop=\"associatedMedia\" itemscope itemtype=\"http:\/\/schema.org\/ImageObject\"> <a href=\"http:\/\/www.tvturk.com\/index.php\/ozel-o-anlar-kamerada-4-yasindaki-cocuk-babasinin-elinden-kacinca-otomobilin-altinda-kaldi\/ozel-o-anlar-kamerada-4-yasindaki-cocuk-babasinin-elinden-kacinca-otomobilin-altinda-kaldi-8\/\" border=\"0\" itemprop=\"url\"> <meta itemprop=\"width\" content=\"89\"> <meta itemprop=\"height\" content=\"89\"> <img decoding=\"async\" class=\"\" data-attachment-id=\"21266\" data-orig-file=\"http:\/\/www.tvturk.com\/wp-content\/uploads\/2019\/02\/ozel-o-anlar-kamerada4-yasindaki-cocuk-babasinin-elinden-kacinca-otomobilin-altinda-kaldi_5179677.jpg\" data-orig-size=\"528,527\" data-comments-opened=\"\" data-image-meta=\"{&quot;aperture&quot;:&quot;0&quot;,&quot;credit&quot;:&quot;IHA&quot;,&quot;camera&quot;:&quot;&quot;,&quot;caption&quot;:&quot;BURSA\\u2019DA A\\u0130LES\\u0130 \\u0130LE B\\u0130RL\\u0130KTE G\\u0130TT\\u0130KLER\\u0130 M\\u0130SAF\\u0130RL\\u0130KTE EVLER\\u0130NE D\\u00d6NMEK \\u0130\\u00c7\\u0130N AYRILAN 4 YA\\u015eINDAK\\u0130 \\u00c7OCUK BABASININ EL\\u0130NDEN KURTULUP YOLA FIRLAYINCA B\\u0130R OTOMOB\\u0130L\\u0130N ALTINDA KALARAK HAYATINI KAYBETT\\u0130. O ANLAR AN BE AN G\\u00dcVENL\\u0130K KAMERASINA YANSIDI. (\\u00d6MER KATMERL\\u0130KAYA VE BABASI CEMAL KATMERL\\u0130KAYA) (DERYA EVREN\\\/BURSA-\\u0130HA)&quot;,&quot;created_timestamp&quot;:&quot;0&quot;,&quot;copyright&quot;:&quot;\\u0130HLAS HABER AJANSI, www.iha.com.tr&quot;,&quot;focal_length&quot;:&quot;0&quot;,&quot;iso&quot;:&quot;0&quot;,&quot;shutter_speed&quot;:&quot;0&quot;,&quot;title&quot;:&quot;(\\u00d6ZEL) O ANLAR KAMERADA...4 YA\\u015eINDAK\\u0130 \\u00c7OCUK BABASININ EL\\u0130NDEN KA\\u00c7INCA OTOMOB\\u0130L\\u0130N ALTINDA KALDI&quot;,&quot;orientation&quot;:&quot;0&quot;}\" data-image-title=\"(\u00d6zel) O anlar kamerada&amp;#8230;4 ya\u015f\u0131ndaki \u00e7ocuk babas\u0131n\u0131n elinden ka\u00e7\u0131nca otomobilin alt\u0131nda kald\u0131\" data-image-description=\"&lt;p&gt;(\u00d6zel) O anlar kamerada&amp;#8230;4 ya\u015f\u0131ndaki \u00e7ocuk babas\u0131n\u0131n elinden ka\u00e7\u0131nca otomobilin alt\u0131nda kald\u0131&lt;\/p&gt; \" data-medium-file=\"https:\/\/i0.wp.com\/www.tvturk.com\/wp-content\/uploads\/2019\/02\/ozel-o-anlar-kamerada4-yasindaki-cocuk-babasinin-elinden-kacinca-otomobilin-altinda-kaldi_5179677.jpg?fit=300%2C300\" data-large-file=\"https:\/\/i0.wp.com\/www.tvturk.com\/wp-content\/uploads\/2019\/02\/ozel-o-anlar-kamerada4-yasindaki-cocuk-babasinin-elinden-kacinca-otomobilin-altinda-kaldi_5179677.jpg?fit=528%2C527\" src=\"https:\/\/i0.wp.com\/www.tvturk.com\/wp-content\/uploads\/2019\/02\/ozel-o-anlar-kamerada4-yasindaki-cocuk-babasinin-elinden-kacinca-otomobilin-altinda-kaldi_5179677.jpg?w=89&#038;h=89&#038;crop=1\" srcset=\"https:\/\/i0.wp.com\/www.tvturk.com\/wp-content\/uploads\/2019\/02\/ozel-o-anlar-kamerada4-yasindaki-cocuk-babasinin-elinden-kacinca-otomobilin-altinda-kaldi_5179677.jpg?w=528 528w, https:\/\/i0.wp.com\/www.tvturk.com\/wp-content\/uploads\/2019\/02\/ozel-o-anlar-kamerada4-yasindaki-cocuk-babasinin-elinden-kacinca-otomobilin-altinda-kaldi_5179677.jpg?resize=150%2C150 150w, https:\/\/i0.wp.com\/www.tvturk.com\/wp-content\/uploads\/2019\/02\/ozel-o-anlar-kamerada4-yasindaki-cocuk-babasinin-elinden-kacinca-otomobilin-altinda-kaldi_5179677.jpg?resize=300%2C300 300w\" width=\"89\" height=\"89\" loading=\"lazy\" data-original-width=\"89\" data-original-height=\"89\" itemprop=\"http:\/\/schema.org\/image\" title=\"(\u00d6zel) O anlar kamerada...4 ya\u015f\u0131ndaki \u00e7ocuk babas\u0131n\u0131n elinden ka\u00e7\u0131nca otomobilin alt\u0131nda kald\u0131\" alt=\"(\u00d6zel) O anlar kamerada...4 ya\u015f\u0131ndaki \u00e7ocuk babas\u0131n\u0131n elinden ka\u00e7\u0131nca otomobilin alt\u0131nda kald\u0131\" style=\"width: 89px; height: 89px;\" \/> <\/a> <\/div> <\/div> <!-- close group --> <\/div> <!-- close row --> <\/div><\/p>\n","protected":false},"excerpt":{"rendered":"<p>BURSA\u2019DA A\u0130LES\u0130 \u0130LE B\u0130RL\u0130KTE G\u0130TT\u0130KLER\u0130 M\u0130SAF\u0130RL\u0130KTE EVLER\u0130NE D\u00d6NMEK \u0130\u00c7\u0130N AYRILAN 4 YA\u015eINDAK\u0130 \u00c7OCUK BABASININ EL\u0130NDEN KURTULUP YOLA FIRLAYINCA \u00d6.B. KONTROL\u00dcNDEK\u0130 ARABANIN ALTINDA KALDI. K\u00dc\u00c7\u00dcK \u00c7OCU\u011eA ARABA \u00c7ARPMA ANLARI G\u00dcVENL\u0130K KAMERALARINA YANSIRKEN, \u00c7OCUK KALDIRILDI\u011eI HASTANEDE HAYATINI KAYBETT\u0130.<\/p>\n","protected":false},"author":1,"featured_media":21260,"comment_status":"closed","ping_status":"open","sticky":false,"template":"","format":"standard","meta":{"jetpack_post_was_ever_published":false,"_jetpack_newsletter_access":"","_jetpack_dont_email_post_to_subs":false,"_jetpack_newsletter_tier_id":0,"_jetpack_memberships_contains_paywalled_content":false,"_jetpack_memberships_contains_paid_content":false,"footnotes":"","jetpack_publicize_message":"","jetpack_publicize_feature_enabled":true,"jetpack_social_post_already_shared":false,"jetpack_social_options":{"image_generator_settings":{"template":"highway","default_image_id":0,"font":"","enabled":false},"version":2}},"categories":[655],"tags":[1073,3114,5816,4582,1008,9211,9212,1853,9210,3515,1063],"class_list":["post-21259","post","type-post","status-publish","format-standard","has-post-thumbnail","hentry","category-son-dakika","tag-ozel","tag-altinda","tag-anlar","tag-babasinin","tag-cocuk","tag-elinden","tag-kacinca","tag-kaldi","tag-kamerada-4","tag-otomobilin","tag-yasindaki"],"jetpack_publicize_connections":[],"jetpack_featured_media_url":"https:\/\/i0.wp.com\/www.tvturk.com\/wp-content\/uploads\/2019\/02\/ozel-o-anlar-kamerada4-yasindaki-cocuk-babasinin-elinden-kacinca-otomobilin-altinda-kaldi_974ed59.jpg?fit=1000%2C562","jetpack_sharing_enabled":true,"jetpack_shortlink":"https:\/\/wp.me\/paKIfm-5wT","_links":{"self":[{"href":"http:\/\/www.tvturk.com\/index.php\/wp-json\/wp\/v2\/posts\/21259","targetHints":{"allow":["GET"]}}],"collection":[{"href":"http:\/\/www.tvturk.com\/index.php\/wp-json\/wp\/v2\/posts"}],"about":[{"href":"http:\/\/www.tvturk.com\/index.php\/wp-json\/wp\/v2\/types\/post"}],"author":[{"embeddable":true,"href":"http:\/\/www.tvturk.com\/index.php\/wp-json\/wp\/v2\/users\/1"}],"replies":[{"embeddable":true,"href":"http:\/\/www.tvturk.com\/index.php\/wp-json\/wp\/v2\/comments?post=21259"}],"version-history":[{"count":1,"href":"http:\/\/www.tvturk.com\/index.php\/wp-json\/wp\/v2\/posts\/21259\/revisions"}],"predecessor-version":[{"id":21267,"href":"http:\/\/www.tvturk.com\/index.php\/wp-json\/wp\/v2\/posts\/21259\/revisions\/21267"}],"wp:featuredmedia":[{"embeddable":true,"href":"http:\/\/www.tvturk.com\/index.php\/wp-json\/wp\/v2\/media\/21260"}],"wp:attachment":[{"href":"http:\/\/www.tvturk.com\/index.php\/wp-json\/wp\/v2\/media?parent=21259"}],"wp:term":[{"taxonomy":"category","embeddable":true,"href":"http:\/\/www.tvturk.com\/index.php\/wp-json\/wp\/v2\/categories?post=21259"},{"taxonomy":"post_tag","embeddable":true,"href":"http:\/\/www.tvturk.com\/index.php\/wp-json\/wp\/v2\/tags?post=21259"}],"curies":[{"name":"wp","href":"https:\/\/api.w.org\/{rel}","templated":true}]}}