{"id":212609,"date":"2019-10-07T19:47:27","date_gmt":"2019-10-07T16:47:27","guid":{"rendered":"http:\/\/www.tvturk.com\/index.php\/denizlide-amator-spor-haftasi-etkinlikleri-basladi\/"},"modified":"2019-10-07T19:47:27","modified_gmt":"2019-10-07T16:47:27","slug":"denizlide-amator-spor-haftasi-etkinlikleri-basladi","status":"publish","type":"post","link":"http:\/\/www.tvturk.com\/index.php\/denizlide-amator-spor-haftasi-etkinlikleri-basladi\/","title":{"rendered":"Denizli\u2019de \u2019Amat\u00f6r Spor Haftas\u0131\u2019 etkinlikleri ba\u015flad\u0131"},"content":{"rendered":"<p>Denizli\u2019de amat\u00f6r sporlara ilgiyi art\u0131rmak i\u00e7in her y\u0131l kutlanan \u2019Amat\u00f6r Spor Haftas\u0131\u2019 kortej y\u00fcr\u00fcy\u00fc\u015f\u00fcyle ba\u015flad\u0131. T\u00f6rende konu\u015fan Gen\u00e7lik ve Spor \u0130l M\u00fcd\u00fcr\u00fc Ahmet \u0130bano\u011flu, kentte 52 bran\u015fta 142 bin 688 lisansl\u0131 sporcunun oldu\u011funu ifade etti.<\/p>\n<p>Y\u00fcr\u00fcy\u00fc\u015f Gen\u00e7lik ve Spor \u0130l M\u00fcd\u00fcrl\u00fc\u011f\u00fc ile Denizli Amat\u00f6r Spor Kul\u00fcpleri Federasyonu (ASKF) koordinesinde yap\u0131ld\u0131. Vilayet Meydan\u0131\u2019ndan ba\u015flayan etkinlik, 15 Temmuz Delikli\u00e7\u0131nar \u015eehitler Meydan\u0131\u2019nda sona erdi. Etkinli\u011fe \u0130bano\u011flu\u2019nun yan\u0131 s\u0131ra sivil toplum kurulu\u015flar\u0131 temsilcileri, sporcular ve \u00e7ok say\u0131da vatanda\u015f kat\u0131ld\u0131. Denizli B\u00fcy\u00fck\u015fehir Belediyesi bandosu e\u015fli\u011finde ger\u00e7ekle\u015ftirilen kortej y\u00fcr\u00fcy\u00fc\u015f\u00fcne sporcular sportif faaliyetlerde giyindikleri k\u0131yafetleri ile kat\u0131ld\u0131. Amat\u00f6r spora g\u00f6n\u00fcl verenlerinde e\u015flik etti\u011fi program\u0131n devam\u0131nda tekvando ve g\u00fcre\u015f g\u00f6sterisi yap\u0131ld\u0131.<\/p>\n<p>Ger\u00e7ekle\u015ftirilen etkinlikte konu\u015fan \u0130bano\u011flu, kentteki sporcu say\u0131s\u0131n\u0131n ge\u00e7mi\u015f y\u0131llara g\u00f6re y\u00fczde 25 oran\u0131nda artt\u0131\u011f\u0131n\u0131 s\u00f6yledi. \u0130bano\u011flu, kentte 52 bran\u015fta 142 bin 688 lisansl\u0131 sporcu, 37 spor kul\u00fcb\u00fc, 91 milli sporcu, 30 engelli spor kul\u00fcb\u00fcnde 773 sporcu bulundu\u011funu belirtti.<\/p>\n<p>\u201cSporda ba\u015far\u0131 ancak amat\u00f6r bir ruh ve profesyonel bir anlay\u0131\u015f ile m\u00fcmk\u00fcnd\u00fcr\u201d<\/p>\n<p>Amat\u00f6r sporlara ilgiliyi artt\u0131rmak ve fark\u0131ndal\u0131k olu\u015fturmak i\u00e7in \u2019Amat\u00f6r Spor Haftas\u0131\u2019 etkinliklerinin yap\u0131ld\u0131\u011f\u0131n\u0131 s\u00f6yledi. \u201cAmat\u00f6r spor bran\u015flar\u0131 sa\u011fl\u0131kl\u0131, \u00e7al\u0131\u015fkan, mutlu ve ahlakl\u0131 ve \u00fclkesini seven iyi bireyler yeti\u015fmesine milli spor bilincinin olu\u015fmas\u0131 i\u00e7in b\u00fcy\u00fck bir ara\u00e7t\u0131r.  Sporda ba\u015far\u0131 ancak amat\u00f6r bir ruh ve profesyonel bir anlay\u0131\u015f ile m\u00fcmk\u00fcnd\u00fcr. Fedakarl\u0131k yap\u0131lmadan ba\u015far\u0131 ortaya \u00e7\u0131kmaz\u201d dedi. Etkinlik \u00e7e\u015fitli g\u00f6sterilerin sergilenmesinin ard\u0131ndan sona erdi.<\/p>\n","protected":false},"excerpt":{"rendered":"<p>DEN\u0130ZL\u0130&#8217;DE AMAT\u00d6R SPORLARA \u0130LG\u0130Y\u0130 ARTIRMAK \u0130\u00c7\u0130N HER YIL KUTLANAN &#8216;AMAT\u00d6R SPOR HAFTASI&#8217; KORTEJ Y\u00dcR\u00dcY\u00dc\u015e\u00dcYLE BA\u015eLADI. T\u00d6RENDE KONU\u015eAN GEN\u00c7L\u0130K VE SPOR \u0130L M\u00dcD\u00dcR\u00dc AHMET \u0130BANO\u011eLU, KENTTE 52 BRAN\u015eTA 142 B\u0130N 688 L\u0130SANSLI SPORCUNUN OLDU\u011eUNU \u0130FADE ETT\u0130.<\/p>\n","protected":false},"author":1,"featured_media":212610,"comment_status":"closed","ping_status":"open","sticky":false,"template":"","format":"standard","meta":{"jetpack_post_was_ever_published":false,"_jetpack_newsletter_access":"","_jetpack_dont_email_post_to_subs":false,"_jetpack_newsletter_tier_id":0,"_jetpack_memberships_contains_paywalled_content":false,"_jetpack_memberships_contains_paid_content":false,"footnotes":"","jetpack_publicize_message":"","jetpack_publicize_feature_enabled":true,"jetpack_social_post_already_shared":true,"jetpack_social_options":{"image_generator_settings":{"template":"highway","default_image_id":0,"font":"","enabled":false},"version":2}},"categories":[657],"tags":[8220,55,188,2129,7490,1619],"class_list":["post-212609","post","type-post","status-publish","format-standard","has-post-thumbnail","hentry","category-spor","tag-amator","tag-basladi","tag-denizlide","tag-etkinlikleri","tag-haftasi","tag-spor"],"jetpack_publicize_connections":[],"jetpack_featured_media_url":"https:\/\/i0.wp.com\/www.tvturk.com\/wp-content\/uploads\/2019\/10\/denizlide-amator-spor-haftasi-etkinlikleri-basladi_0e7bafa.jpg?fit=1000%2C666","jetpack_sharing_enabled":true,"jetpack_shortlink":"https:\/\/wp.me\/paKIfm-Tjb","_links":{"self":[{"href":"http:\/\/www.tvturk.com\/index.php\/wp-json\/wp\/v2\/posts\/212609","targetHints":{"allow":["GET"]}}],"collection":[{"href":"http:\/\/www.tvturk.com\/index.php\/wp-json\/wp\/v2\/posts"}],"about":[{"href":"http:\/\/www.tvturk.com\/index.php\/wp-json\/wp\/v2\/types\/post"}],"author":[{"embeddable":true,"href":"http:\/\/www.tvturk.com\/index.php\/wp-json\/wp\/v2\/users\/1"}],"replies":[{"embeddable":true,"href":"http:\/\/www.tvturk.com\/index.php\/wp-json\/wp\/v2\/comments?post=212609"}],"version-history":[{"count":0,"href":"http:\/\/www.tvturk.com\/index.php\/wp-json\/wp\/v2\/posts\/212609\/revisions"}],"wp:featuredmedia":[{"embeddable":true,"href":"http:\/\/www.tvturk.com\/index.php\/wp-json\/wp\/v2\/media\/212610"}],"wp:attachment":[{"href":"http:\/\/www.tvturk.com\/index.php\/wp-json\/wp\/v2\/media?parent=212609"}],"wp:term":[{"taxonomy":"category","embeddable":true,"href":"http:\/\/www.tvturk.com\/index.php\/wp-json\/wp\/v2\/categories?post=212609"},{"taxonomy":"post_tag","embeddable":true,"href":"http:\/\/www.tvturk.com\/index.php\/wp-json\/wp\/v2\/tags?post=212609"}],"curies":[{"name":"wp","href":"https:\/\/api.w.org\/{rel}","templated":true}]}}