{"id":212622,"date":"2019-10-07T23:46:42","date_gmt":"2019-10-07T20:46:42","guid":{"rendered":"http:\/\/www.tvturk.com\/index.php\/belediye-baskanindan-is-kura-tepki-adilane-isci-dagitimi-yapilsin\/"},"modified":"2019-10-07T23:46:42","modified_gmt":"2019-10-07T20:46:42","slug":"belediye-baskanindan-is-kura-tepki-adilane-isci-dagitimi-yapilsin","status":"publish","type":"post","link":"http:\/\/www.tvturk.com\/index.php\/belediye-baskanindan-is-kura-tepki-adilane-isci-dagitimi-yapilsin\/","title":{"rendered":"Belediye Ba\u015fkan\u0131ndan \u0130\u015f-Kur\u2019a tepki: &#8220;Adilane i\u015f\u00e7i da\u011f\u0131t\u0131m\u0131 yap\u0131ls\u0131n&#8221;"},"content":{"rendered":"<p>Yah\u015fihan Belediye Ba\u015fkan\u0131 Osman T\u00fcrky\u0131lmaz, \u0130\u015f-Kur\u2019un adilane personel da\u011f\u0131t\u0131m\u0131 yapmad\u0131\u011f\u0131n\u0131 belirterek, &#8220;\u0130\u015f-Kur\u2019dan verilen i\u015f\u00e7i say\u0131lar\u0131n\u0131 tekrardan g\u00f6zetilerek adilane bir \u015fekilde personel verilmesini talep ediyoruz. Bu durum ne AK Parti, ne MHP, ne de CHP ile hi\u00e7bir alakas\u0131 yok. Bu sadece Yah\u015fihan\u2019da ikamet eden, Yah\u015fihan\u2019da e\u011fitim g\u00f6ren, Yah\u015fihan\u2019da okula giden \u00e7ocuklara verilmi\u015f bir cezad\u0131r&#8221; dedi.<\/p>\n<p>\u0130\u015f-Kur K\u0131r\u0131kkale \u0130l M\u00fcd\u00fcrl\u00fc\u011f\u00fc taraf\u0131ndan K\u0131r\u0131kkale \u0130l Milli E\u011fitim M\u00fcd\u00fcrl\u00fc\u011f\u00fc ve \u0130l\u00e7e Milli  E\u011fitim M\u00fcd\u00fcrl\u00fckleri b\u00fcnyesinde \u00e7al\u0131\u015ft\u0131r\u0131lmak \u00fczere Toplum Yarar\u0131na Program (TYP) kapsam\u0131nda Yah\u015fihan il\u00e7esine 34 i\u015f\u00e7i verilmesinin adil olmad\u0131\u011f\u0131n\u0131 ifade eden Yah\u015fihan Belediye Ba\u015fkan\u0131 Osman T\u00fcrky\u0131lmaz, &#8220;K\u0131r\u0131kkale\u2019de toplamda \u0130\u015f-Kur\u2019dan yakla\u015f\u0131k 400\u2019e yak\u0131n personel da\u011f\u0131t\u0131m\u0131 oldu. Buna bakt\u0131\u011f\u0131m\u0131zda Yah\u015fihan n\u00fcfusu 28 bin 285 iken okul say\u0131m\u0131z 19 ve Yah\u015fihan\u2019a verilen 34 tane yard\u0131mc\u0131 personel var. Di\u011fer bir il\u00e7enin ise 6 bin 120 n\u00fcfusu, 6 okulu var. 700 \u00f6\u011frencisi var ona da 34 yard\u0131mc\u0131 personel verilmi\u015f. \u015eunu sorabilirsiniz Say\u0131n Osman T\u00fcrky\u0131lmaz \u2019bu Mill\u00ee E\u011fitimin i\u015fi\u2019 evet Mill\u00ee E\u011fitimin i\u015fi. Mill\u00ee E\u011fitime veriliyor ama g\u00f6rd\u00fc\u011f\u00fcn\u00fcz gibi burada halk\u0131 temsil eden insanlar var. Biz tepkimizi g\u00f6stermek i\u00e7in hep bir araya geldik. \u0130\u015f-Kur\u2019dan verilen i\u015f\u00e7i say\u0131lar\u0131n\u0131 tekrardan g\u00f6zetilerek adilane bir \u015fekilde verilmesini talep ediyoruz&#8221; dedi.<\/p>\n<p>&#8220;Yah\u015fihan\u2019da okula giden \u00e7ocuklara verilmi\u015f bir cezad\u0131r&#8221;<\/p>\n<p>T\u00fcrky\u0131lmaz, &#8220;Bunu ne AK Parti ile ne MHP ile ne CHP ile hi\u00e7bir alakas\u0131 yok. Bu sadece Yah\u015fihan\u2019da ikamet eden Yah\u015fihan\u2019da e\u011fitim g\u00f6ren Yah\u015fihan\u2019da okula giden \u00e7ocuklara verilmi\u015f bir cezad\u0131r. O y\u00fczden bunun tekrardan g\u00f6zden ge\u00e7irilerek Yah\u015fihan\u2019da ikamet eden 28 bin 285 ikamet eden 3 bin \u00f6\u011frenciye d\u00fc\u015fecek 34 ki\u015finin tekrardan g\u00f6zden ge\u00e7irilmesini rica ediyoruz. Burada da \u0130l Genel Meclis \u00dcyelerimiz, Belediye Meclis \u00dcyelerimiz birlik ve beraberlik i\u00e7erisindeyiz&#8221; \u015feklinde konu\u015ftu.<\/p>\n<p>&#8220;Yah\u015fihan Belediyesi olarak okullar\u0131 biz temizleriz&#8221;<\/p>\n<p>K\u0131r\u0131kkale\u2019nin en g\u00fczide il\u00e7esinin Yah\u015fihan oldu\u011funu belirten T\u00fcrky\u0131lmaz, &#8220;B\u00fct\u00fcn veliler Yah\u015fihan\u2019daki okullara \u00f6\u011frenci vermek istiyor. Biz Yah\u015fihan Belediyesi olarak biz temizleriz, ancak; devlet b\u00f6yle bir imkan verdiyse devlet olduklar\u0131n\u0131 hissettiriyorsa adil olmak zorunda arkada\u015flar. Bende Yah\u015fihan\u2019daki rakam en az 70 olmal\u0131d\u0131r. Biz talep de bulunduk 40\u2019a \u00e7\u0131kart\u0131n diye 40\u2019a bile \u00e7\u0131kartmad\u0131lar. \u0130\u015f-Kur ve Mill\u00ee E\u011fitim bunu tekrar g\u00f6zden ge\u00e7irmesi laz\u0131m. Yapt\u0131klar\u0131 i\u015fte n\u00fcfusu, okul say\u0131n\u0131 ve \u00f6\u011frencileri g\u00f6zden ge\u00e7irmeleri laz\u0131m. Belge burada rakamlar yalan s\u00f6ylemez. Hatam varsa \u015fimdiden \u00f6z\u00fcr dilerim. \u00c7ocuklar hepimizin \u00e7ocuklar\u0131 K\u0131r\u0131kkale\u2019deki \u00e7ocuk da ayn\u0131, Yah\u015fihan\u2019daki \u00e7ocuk da ayn\u0131, Keskin\u2019deki \u00e7ocuk da ayn\u0131, Sulakyurt\u2019da ki \u00e7ocuk da ayn\u0131. Burada Yah\u015fihan\u2019a yap\u0131lm\u0131\u015f bir haks\u0131zl\u0131k var. Bu haks\u0131zl\u0131\u011fa bir an \u00f6nce \u2019dur\u2019 denilmesi laz\u0131m&#8221; diye konu\u015ftu.<\/p>\n<p>Belediye Ba\u015fkanl\u0131\u011f\u0131 makam\u0131nda d\u00fczenlenen bas\u0131n toplant\u0131s\u0131nda AK Parti, MHP ve CHP\u2019li meclis \u00fcyeleri de haz\u0131r bulundu. Toplant\u0131 soru cevap b\u00f6l\u00fcm\u00fc ile son buldu.<\/p>\n","protected":false},"excerpt":{"rendered":"<p>AH\u015e\u0130HAN BELED\u0130YE BA\u015eKANI OSMAN T\u00dcRKYILMAZ, MAKAMINDA D\u00dcZENLED\u0130\u011e\u0130 BASIN TOPLANTISINDA \u0130\u015e-KUR\u2019UN AD\u0130LANE PERSONEL DA\u011eITIMI YAPMADI\u011eINI BEL\u0130RTEREK, &#8220;\u0130\u015e-KUR\u2019DAN VER\u0130LEN \u0130\u015e\u00c7\u0130 SAYILARINI TEKRARDAN G\u00d6ZET\u0130LEREK AD\u0130LANE B\u0130R \u015eEK\u0130LDE PERSONEL VER\u0130LMES\u0130N\u0130 TALEP ED\u0130YORUZ. BU DURUM NE AK PART\u0130, NE MHP, NE DE CHP \u0130LE H\u0130\u00c7B\u0130R ALAKASI YOK. BU SADECE YAH\u015e\u0130HAN\u2019DA \u0130KAMET EDEN, YAH\u015e\u0130HAN\u2019DA E\u011e\u0130T\u0130M G\u00d6REN, YAH\u015e\u0130HAN\u2019DA OKULA G\u0130DEN \u00c7OCUKLARA VER\u0130LM\u0130\u015e B\u0130R CEZADIR&#8221; DED\u0130.<\/p>\n","protected":false},"author":1,"featured_media":212623,"comment_status":"closed","ping_status":"open","sticky":false,"template":"","format":"standard","meta":{"jetpack_post_was_ever_published":false,"_jetpack_newsletter_access":"","_jetpack_dont_email_post_to_subs":false,"_jetpack_newsletter_tier_id":0,"_jetpack_memberships_contains_paywalled_content":false,"_jetpack_memberships_contains_paid_content":false,"footnotes":"","jetpack_publicize_message":"","jetpack_publicize_feature_enabled":true,"jetpack_social_post_already_shared":true,"jetpack_social_options":{"image_generator_settings":{"template":"highway","default_image_id":0,"font":"","enabled":false},"version":2}},"categories":[1],"tags":[53744,3428,134,2638,53743,1030,961,35936],"class_list":["post-212622","post","type-post","status-publish","format-standard","has-post-thumbnail","hentry","category-genel","tag-adilane","tag-baskanindan","tag-belediye","tag-dagitimi","tag-is-kura","tag-isci","tag-tepki","tag-yapilsin"],"jetpack_publicize_connections":[],"jetpack_featured_media_url":"https:\/\/i0.wp.com\/www.tvturk.com\/wp-content\/uploads\/2019\/10\/belediye-baskanindan-is-kura-tepki-adilane-isci-dagitimi-yapilsin_a612dec.jpg?fit=1000%2C562","jetpack_sharing_enabled":true,"jetpack_shortlink":"https:\/\/wp.me\/paKIfm-Tjo","_links":{"self":[{"href":"http:\/\/www.tvturk.com\/index.php\/wp-json\/wp\/v2\/posts\/212622","targetHints":{"allow":["GET"]}}],"collection":[{"href":"http:\/\/www.tvturk.com\/index.php\/wp-json\/wp\/v2\/posts"}],"about":[{"href":"http:\/\/www.tvturk.com\/index.php\/wp-json\/wp\/v2\/types\/post"}],"author":[{"embeddable":true,"href":"http:\/\/www.tvturk.com\/index.php\/wp-json\/wp\/v2\/users\/1"}],"replies":[{"embeddable":true,"href":"http:\/\/www.tvturk.com\/index.php\/wp-json\/wp\/v2\/comments?post=212622"}],"version-history":[{"count":0,"href":"http:\/\/www.tvturk.com\/index.php\/wp-json\/wp\/v2\/posts\/212622\/revisions"}],"wp:featuredmedia":[{"embeddable":true,"href":"http:\/\/www.tvturk.com\/index.php\/wp-json\/wp\/v2\/media\/212623"}],"wp:attachment":[{"href":"http:\/\/www.tvturk.com\/index.php\/wp-json\/wp\/v2\/media?parent=212622"}],"wp:term":[{"taxonomy":"category","embeddable":true,"href":"http:\/\/www.tvturk.com\/index.php\/wp-json\/wp\/v2\/categories?post=212622"},{"taxonomy":"post_tag","embeddable":true,"href":"http:\/\/www.tvturk.com\/index.php\/wp-json\/wp\/v2\/tags?post=212622"}],"curies":[{"name":"wp","href":"https:\/\/api.w.org\/{rel}","templated":true}]}}