{"id":212648,"date":"2019-10-08T09:46:24","date_gmt":"2019-10-08T06:46:24","guid":{"rendered":"http:\/\/www.tvturk.com\/index.php\/prof-dr-ovgun-ahmet-ercanbuyuk-istanbul-depremi-diye-bir-sey-yok\/"},"modified":"2019-10-08T09:46:24","modified_gmt":"2019-10-08T06:46:24","slug":"prof-dr-ovgun-ahmet-ercanbuyuk-istanbul-depremi-diye-bir-sey-yok","status":"publish","type":"post","link":"http:\/\/www.tvturk.com\/index.php\/prof-dr-ovgun-ahmet-ercanbuyuk-istanbul-depremi-diye-bir-sey-yok\/","title":{"rendered":"Prof. Dr. \u00d6vg\u00fcn Ahmet Ercan:&#8221;B\u00fcy\u00fck \u0130stanbul depremi diye bir \u015fey yok&#8221;"},"content":{"rendered":"<p>Jeofizik Y\u00fcksek M\u00fchendisi ve Deprem Uzman\u0131 Prof. Dr. \u00d6vg\u00fcn Ahmet Ercan, \u2019\u0130stanbul Deprem Sak\u0131ncas\u0131, Depremden Nas\u0131l Kurtulunur?\u2019 isimli seminerde  depremle ilgili a\u00e7\u0131klamalarda bulundu. Prof. Dr. Ercan \u0130stanbul\u2019da daha k\u00fc\u00e7\u00fck iki deprem beklediklerini belirterek &#8221; B\u00fcy\u00fck \u0130stanbul depremi diye bir \u015fey yok&#8221; dedi.<\/p>\n<p>Jeofizik Y\u00fcksek M\u00fchendisi ve Deprem Uzman\u0131 Prof. Dr. \u00d6vg\u00fcn Ahmet Ercan kat\u0131ld\u0131\u011f\u0131 bir seminerde \u0130stanbul\u2019da beklenen deprem ile alakal\u0131 \u00e7arp\u0131c\u0131 a\u00e7\u0131klamalarda bulundu. PERPA Ticaret Merkezi Mithat Y\u00fcml\u00fc Toplant\u0131 Salonu\u2019nda d\u00fczenlenen \u2019\u0130stanbul Deprem Sak\u0131ncas\u0131, Depremden Nas\u0131l Kurtulunur?\u2019 isimli seminerde konu\u015fan Prof. Dr. Ercan, b\u00fcy\u00fck \u0130stanbul depremi diye bir \u015fey olmad\u0131\u011f\u0131n\u0131 ve \u0130stanbul\u2019da daha k\u00fc\u00e7\u00fck iki deprem olaca\u011f\u0131n\u0131 s\u00f6yledi. Ercan seminer sonunda \u2019Korkma (Depremden Korunma K\u0131lavuzu)\u2019 isimli kitab\u0131n\u0131 imzalad\u0131.<\/p>\n<p>&#8221; B\u00fcy\u00fck \u0130stanbul depremi diye bir \u015fey yok &#8220;<\/p>\n<p>\u0130nsanlara gereksiz korku salmamak laz\u0131m diyen Jeofizik Y\u00fcksek M\u00fchendisi ve Deprem Uzman\u0131 Prof. Dr. Ahmet Ercan, &#8220;Ka\u00e7ak yap\u0131lar ana yap\u0131yla ayn\u0131 sal\u0131n\u0131m\u0131 yapmazlar ve \u00f6ncelikli olarak y\u0131k\u0131l\u0131rlar. Dolay\u0131s\u0131yla ka\u00e7ak yap\u0131lar imar bar\u0131\u015f\u0131na sokulmu\u015fsa bir in\u015faat m\u00fchendisine statik proje yapt\u0131r\u0131p ana yap\u0131ya ba\u011flamalar\u0131n\u0131 \u00f6neririm. B\u00fcy\u00fck \u0130stanbul depremi diye bir \u015fey yok. \u0130nsanlara gereksiz korku salmamak laz\u0131m. Daha k\u00fc\u00e7\u00fck olarak iki depremin olaca\u011f\u0131n\u0131 burada kan\u0131tlar\u0131yla sunduk &#8221; diye konu\u015ftu.<\/p>\n<p>&#8220;T\u00fcrkiye\u2019nin ekonomisine bu t\u00fcr \u00e7\u0131\u011f\u0131rtkanca yap\u0131lan a\u00e7\u0131klamalar b\u00fcy\u00fck zarar veriyor &#8220;<\/p>\n<p>T\u00fcrkiye\u2019de 8 b\u00fcy\u00fckl\u00fc\u011f\u00fcnden daha b\u00fcy\u00fck bir depremin olamayaca\u011f\u0131n\u0131 s\u00f6yleyen Ercan,<\/p>\n<p>&#8220;B\u00fct\u00fcn Kuzey Anadolu k\u0131r\u0131\u011f\u0131n\u0131n ge\u00e7mi\u015finde 8\u2019den daha b\u00fcy\u00fck bir deprem olmam\u0131\u015f. B\u00fct\u00fcn Anadolu yar\u0131madas\u0131nda ve \u00f6zellikle \u0130ran\u2019dan ba\u015flayarak Alpler\u2019e kadar 8 b\u00fcy\u00fckl\u00fc\u011f\u00fcnde bir deprem olmam\u0131\u015f. 8-9 b\u00fcy\u00fckl\u00fc\u011f\u00fcndeki depremler genellikle Uzakdo\u011fu\u2019da, Pasifik\u2019te ve Amerika k\u0131y\u0131lar\u0131nda oluyor. Dolay\u0131s\u0131yla T\u00fcrkiye\u2019nin oldu\u011fundan daha b\u00fcy\u00fck bir depreme gebeymi\u015f gibi g\u00f6stermek T\u00fcrk halk\u0131n\u0131n psikolojisini bozuyor. Ayn\u0131 zamanda yat\u0131r\u0131mlar\u0131n T\u00fcrkiye\u2019den ka\u00e7mas\u0131na neden oluyor. Hatta gezginlerin T\u00fcrkiye\u2019ye gelmemesine ve daha az zaman ge\u00e7irmesine neden oluyor. T\u00fcrkiye\u2019nin ekonomisine bu t\u00fcr \u00e7\u0131\u011f\u0131rtkanca yap\u0131lan a\u00e7\u0131klamalar b\u00fcy\u00fck zarar veriyor&#8221; \u015feklinde konu\u015ftu.<\/p>\n<p>&#8220;Her an deprem olabilir a\u00e7\u0131klamalar\u0131 bilimsel bir \u015fey de\u011fil&#8221;<\/p>\n<p>Bir deprem bilimci i\u00e7in depremi kestirmek yerini, b\u00fcy\u00fckl\u00fc\u011f\u00fcn\u00fc ve zaman\u0131n\u0131 s\u00f6ylemektir ifadelerini kullanan Ercan, &#8220;Bir insan\u0131n her an deprem olabilir demesi i\u00e7in bilim adam\u0131 olmas\u0131na gerek yok. Ama bir deprem bilimci i\u00e7in depremi kestirmek demek depremin yerini, b\u00fcy\u00fckl\u00fc\u011f\u00fcn\u00fc ve zaman\u0131n\u0131 s\u00f6ylemek demektir. Bu \u00fc\u00e7\u00fcn\u00fc s\u00f6yleyebiliyorsan deprem tahmini yapabiliyorsun demektir. Her an deprem olabilir a\u00e7\u0131klamalar\u0131 bilimsel bir \u015fey de\u011fil &#8221; diye konu\u015ftu.<\/p>\n","protected":false},"excerpt":{"rendered":"<p>JEOF\u0130Z\u0130K Y\u00dcKSEK M\u00dcHEND\u0130S\u0130 VE DEPREM UZMANI PROF. DR. \u00d6VG\u00dcN AHMET ERCAN, \u0130STANBUL&#8217;DA DAHA K\u00dc\u00c7\u00dcK \u0130K\u0130 DEPREM BEKLED\u0130KLER\u0130N\u0130 BEL\u0130RTEREK, &#8220;B\u00dcY\u00dcK \u0130STANBUL DEPREM\u0130 D\u0130YE B\u0130R \u015eEY YOK&#8221; DED\u0130.<\/p>\n","protected":false},"author":1,"featured_media":212649,"comment_status":"closed","ping_status":"open","sticky":false,"template":"","format":"standard","meta":{"jetpack_post_was_ever_published":false,"_jetpack_newsletter_access":"","_jetpack_dont_email_post_to_subs":false,"_jetpack_newsletter_tier_id":0,"_jetpack_memberships_contains_paywalled_content":false,"_jetpack_memberships_contains_paid_content":false,"footnotes":"","jetpack_publicize_message":"","jetpack_publicize_feature_enabled":true,"jetpack_social_post_already_shared":true,"jetpack_social_options":{"image_generator_settings":{"template":"highway","default_image_id":0,"font":"","enabled":false},"version":2}},"categories":[1],"tags":[3634,125,1289,11174,279,53752,730,53751,2750,2550,664],"class_list":["post-212648","post","type-post","status-publish","format-standard","has-post-thumbnail","hentry","category-genel","tag-ahmet","tag-bir","tag-depremi","tag-diye","tag-dr","tag-ercanbuyuk","tag-istanbul","tag-ovgun","tag-prof","tag-sey","tag-yok"],"jetpack_publicize_connections":[],"jetpack_featured_media_url":"https:\/\/i0.wp.com\/www.tvturk.com\/wp-content\/uploads\/2019\/10\/prof-dr-ovgun-ahmet-ercanbuyuk-istanbul-depremi-diye-bir-sey-yok_938ba2c.jpg?fit=1000%2C750","jetpack_sharing_enabled":true,"jetpack_shortlink":"https:\/\/wp.me\/paKIfm-TjO","_links":{"self":[{"href":"http:\/\/www.tvturk.com\/index.php\/wp-json\/wp\/v2\/posts\/212648","targetHints":{"allow":["GET"]}}],"collection":[{"href":"http:\/\/www.tvturk.com\/index.php\/wp-json\/wp\/v2\/posts"}],"about":[{"href":"http:\/\/www.tvturk.com\/index.php\/wp-json\/wp\/v2\/types\/post"}],"author":[{"embeddable":true,"href":"http:\/\/www.tvturk.com\/index.php\/wp-json\/wp\/v2\/users\/1"}],"replies":[{"embeddable":true,"href":"http:\/\/www.tvturk.com\/index.php\/wp-json\/wp\/v2\/comments?post=212648"}],"version-history":[{"count":0,"href":"http:\/\/www.tvturk.com\/index.php\/wp-json\/wp\/v2\/posts\/212648\/revisions"}],"wp:featuredmedia":[{"embeddable":true,"href":"http:\/\/www.tvturk.com\/index.php\/wp-json\/wp\/v2\/media\/212649"}],"wp:attachment":[{"href":"http:\/\/www.tvturk.com\/index.php\/wp-json\/wp\/v2\/media?parent=212648"}],"wp:term":[{"taxonomy":"category","embeddable":true,"href":"http:\/\/www.tvturk.com\/index.php\/wp-json\/wp\/v2\/categories?post=212648"},{"taxonomy":"post_tag","embeddable":true,"href":"http:\/\/www.tvturk.com\/index.php\/wp-json\/wp\/v2\/tags?post=212648"}],"curies":[{"name":"wp","href":"https:\/\/api.w.org\/{rel}","templated":true}]}}