{"id":212726,"date":"2019-10-08T11:16:57","date_gmt":"2019-10-08T08:16:57","guid":{"rendered":"http:\/\/www.tvturk.com\/index.php\/bilgi-islemde-buyuksehir-ornegi\/"},"modified":"2019-10-08T11:16:57","modified_gmt":"2019-10-08T08:16:57","slug":"bilgi-islemde-buyuksehir-ornegi","status":"publish","type":"post","link":"http:\/\/www.tvturk.com\/index.php\/bilgi-islemde-buyuksehir-ornegi\/","title":{"rendered":"Bilgi i\u015flemde B\u00fcy\u00fck\u015fehir \u00f6rne\u011fi"},"content":{"rendered":"<p>Bal\u0131kesir B\u00fcy\u00fck\u015fehir Belediyesi Bilgi \u0130\u015flem Daire Ba\u015fkanl\u0131\u011f\u0131 y\u00f6neticileri, Bursa B\u00fcy\u00fck\u015fehir Belediyesi\u2019ne teknik gezi d\u00fczenledi.<\/p>\n<p>Bursa B\u00fcy\u00fck\u015fehir Belediyesi\u2019ndeki yaz\u0131l\u0131m faaliyetleri, veri merkezi y\u00f6netimi, \u0130\u00e7i\u015fleri Bakanl\u0131\u011f\u0131 e-belediye projesi, ki\u015fisel verileri koruma kanunu ve elektronik haberle\u015fme istasyonlar\u0131na yer se\u00e7im belgesinin verilmesi ve \u00fccretlerinin belirlenmesine ili\u015fkin y\u00f6netmelik kapsam\u0131nda, Bursa B\u00fcy\u00fck\u015fehir Belediyesi Bilgi \u0130\u015flem Daire Ba\u015fkanl\u0131\u011f\u0131\u2019nda toplant\u0131 yap\u0131ld\u0131. Bal\u0131kesir B\u00fcy\u00fck\u015fehir Belediyesi Bilgi \u0130\u015flem Dairesi Ba\u015fkan\u0131 \u0130lker \u015eahin, Y\u00f6netim Bilgi Sistemleri \u015eube M\u00fcd\u00fcr\u00fc Hasan Tirtom ve Haberle\u015fme \u015eube M\u00fcd\u00fcr\u00fc Selami Barut, Bursa B\u00fcy\u00fck\u015fehir Belediyesi Bilgi \u0130\u015flem Dairesi Ba\u015fkan\u0131 Kemal Alio\u011flu, Elektronik ve Haberle\u015fme \u015eube M\u00fcd\u00fcr\u00fc Ahmet H\u00fcsamettin Ede, Bilgi \u0130\u015flem \u015eube M\u00fcd\u00fcr\u00fc Kemal Demir\u2019den Bursa\u2019daki uygulamalar hakk\u0131nda bilgi ald\u0131.<\/p>\n<p>Bilgi \u0130\u015flem Dairesi Ba\u015fkan\u0131 Kemal Alio\u011flu, 2006 y\u0131l\u0131ndan beri ge\u00e7i\u015f hakk\u0131 uygulamalar\u0131n\u0131n i\u00e7inde olduklar\u0131n\u0131 hat\u0131rlatarak, 6 Aral\u0131k 2012 tarihinde yay\u0131mlanan 6360 say\u0131l\u0131 kanunun y\u00fcr\u00fcrl\u00fck tarihinden itibaren B\u00fcy\u00fck\u015fehir s\u0131n\u0131rlar\u0131 i\u00e7inde elektronik ve haberle\u015fme istasyonlar\u0131n\u0131n yer se\u00e7im belgesi verilmesi s\u00fcre\u00e7lerini Daire Ba\u015fkanl\u0131\u011f\u0131 koordinasyonu ve sekretaryas\u0131nda kurulan bir komisyon eliyle y\u00fcr\u00fctt\u00fcklerini belirtti. Alio\u011flu, \u201cBilgi Teknolojileri ve \u0130leti\u015fim Kurumundan elektro manyetik alan \u00f6l\u00e7\u00fcm yetkisi alan tek B\u00fcy\u00fck\u015fehir Belediyesiyiz. \u015eik\u00e2yete konu olan yerlerde \u00fccretsiz olarak elektro manyetik alan \u00f6l\u00e7\u00fcm\u00fc yaparak \u015fik\u00e2yet sahiplerine bilgi veriyoruz\u201d dedi.<\/p>\n<p>Toplant\u0131da; e-belediye yaz\u0131l\u0131m\u0131 ve yaz\u0131l\u0131m y\u00f6netim s\u00fcre\u00e7leri, GSM sistemleri s\u00fcre\u00e7leri, \u015fik\u00e2yet y\u00f6netimi s\u00fcre\u00e7leri ile ilgili bilgi payla\u015f\u0131m\u0131 yap\u0131ld\u0131.T\u0130ER 3 sertifikal\u0131 Veri merkezinde de incelemeler yap\u0131ld\u0131. B\u00fcy\u00fck\u015fehir\u2019e ait fiber optik alt yap\u0131lar sayesinde birimlerin merkeze ba\u011fland\u0131\u011f\u0131, bu altyap\u0131lar ile \u00dccretsiz Wifi noktalar\u0131 ve Canl\u0131 Yay\u0131n Kamera hizmetlerinin abonelik \u00fccretleri olmadan vatanda\u015flara sunuldu\u011fu hat\u0131rlat\u0131ld\u0131.<\/p>\n<p>Bal\u0131kesir B\u00fcy\u00fck\u015fehir Belediyesi Bilgi \u0130\u015flem dairesi Ba\u015fkan\u0131 \u0130lker \u015eahin, payla\u015f\u0131lan bilgilerin yapacaklar\u0131 uygulamalarda \u00f6rnek te\u015fkil edece\u011fini belirterek, bu payla\u015f\u0131mlar i\u00e7in Bursa B\u00fcy\u00fck\u015fehir Belediyesi\u2019ne te\u015fekk\u00fcr etti.<\/p>\n","protected":false},"excerpt":{"rendered":"<p>BALIKES\u0130R B\u00dcY\u00dcK\u015eEH\u0130R BELED\u0130YES\u0130 B\u0130LG\u0130 \u0130\u015eLEM DA\u0130RE BA\u015eKANLI\u011eI Y\u00d6NET\u0130C\u0130LER\u0130, BURSA B\u00dcY\u00dcK\u015eEH\u0130R BELED\u0130YES\u0130\u2019NE TEKN\u0130K GEZ\u0130 D\u00dcZENLED\u0130.<\/p>\n","protected":false},"author":1,"featured_media":212727,"comment_status":"closed","ping_status":"open","sticky":false,"template":"","format":"standard","meta":{"jetpack_post_was_ever_published":false,"_jetpack_newsletter_access":"","_jetpack_dont_email_post_to_subs":false,"_jetpack_newsletter_tier_id":0,"_jetpack_memberships_contains_paywalled_content":false,"_jetpack_memberships_contains_paid_content":false,"footnotes":"","jetpack_publicize_message":"","jetpack_publicize_feature_enabled":true,"jetpack_social_post_already_shared":true,"jetpack_social_options":{"image_generator_settings":{"template":"highway","default_image_id":0,"font":"","enabled":false},"version":2}},"categories":[1],"tags":[6830,191,12400,1957],"class_list":["post-212726","post","type-post","status-publish","format-standard","has-post-thumbnail","hentry","category-genel","tag-bilgi","tag-buyuksehir","tag-islemde","tag-ornegi"],"jetpack_publicize_connections":[],"jetpack_featured_media_url":"https:\/\/i0.wp.com\/www.tvturk.com\/wp-content\/uploads\/2019\/10\/bilgi-islemde-buyuksehir-ornegi_df5058c.jpg?fit=1000%2C750","jetpack_sharing_enabled":true,"jetpack_shortlink":"https:\/\/wp.me\/paKIfm-Tl4","_links":{"self":[{"href":"http:\/\/www.tvturk.com\/index.php\/wp-json\/wp\/v2\/posts\/212726","targetHints":{"allow":["GET"]}}],"collection":[{"href":"http:\/\/www.tvturk.com\/index.php\/wp-json\/wp\/v2\/posts"}],"about":[{"href":"http:\/\/www.tvturk.com\/index.php\/wp-json\/wp\/v2\/types\/post"}],"author":[{"embeddable":true,"href":"http:\/\/www.tvturk.com\/index.php\/wp-json\/wp\/v2\/users\/1"}],"replies":[{"embeddable":true,"href":"http:\/\/www.tvturk.com\/index.php\/wp-json\/wp\/v2\/comments?post=212726"}],"version-history":[{"count":0,"href":"http:\/\/www.tvturk.com\/index.php\/wp-json\/wp\/v2\/posts\/212726\/revisions"}],"wp:featuredmedia":[{"embeddable":true,"href":"http:\/\/www.tvturk.com\/index.php\/wp-json\/wp\/v2\/media\/212727"}],"wp:attachment":[{"href":"http:\/\/www.tvturk.com\/index.php\/wp-json\/wp\/v2\/media?parent=212726"}],"wp:term":[{"taxonomy":"category","embeddable":true,"href":"http:\/\/www.tvturk.com\/index.php\/wp-json\/wp\/v2\/categories?post=212726"},{"taxonomy":"post_tag","embeddable":true,"href":"http:\/\/www.tvturk.com\/index.php\/wp-json\/wp\/v2\/tags?post=212726"}],"curies":[{"name":"wp","href":"https:\/\/api.w.org\/{rel}","templated":true}]}}