{"id":212760,"date":"2019-10-08T11:47:26","date_gmt":"2019-10-08T08:47:26","guid":{"rendered":"http:\/\/www.tvturk.com\/index.php\/izmirli-kulup-baskanlari-tunc-soyer-ile-bulustu\/"},"modified":"2019-10-08T11:47:26","modified_gmt":"2019-10-08T08:47:26","slug":"izmirli-kulup-baskanlari-tunc-soyer-ile-bulustu","status":"publish","type":"post","link":"http:\/\/www.tvturk.com\/index.php\/izmirli-kulup-baskanlari-tunc-soyer-ile-bulustu\/","title":{"rendered":"\u0130zmirli kul\u00fcp ba\u015fkanlar\u0131, Tun\u00e7 Soyer ile bulu\u015ftu"},"content":{"rendered":"<p>\u0130zmir B\u00fcy\u00fck\u015fehir Belediye Ba\u015fkan\u0131 Tun\u00e7 Soyer, \u0130zmir Spor Kul\u00fcpleri Birli\u011fi Vakf\u0131 (\u0130ZVAK) temsilcileri ve \u0130zmir\u2019in en k\u00f6kl\u00fc alt\u0131 spor kul\u00fcb\u00fcn\u00fcn ba\u015fkanlar\u0131yla bulu\u015ftu.<\/p>\n<p>\u0130zmir B\u00fcy\u00fck\u015fehir Belediye Ba\u015fkan\u0131 Tun\u00e7 Soyer, \u0130zmir\u2019in k\u00f6kl\u00fc spor kul\u00fcplerinin temsilcileriyle bulu\u015ftu. \u0130zmir\u2019de spor konusunda i\u015fbirli\u011finin alt\u0131n\u0131 \u00e7izen Tun\u00e7 Soyer, \u0130ZVAK \u00e7at\u0131s\u0131 alt\u0131nda kul\u00fcplere toplu destek olaca\u011f\u0131n\u0131 belirtti. \u0130zmir B\u00fcy\u00fck\u015fehir Belediyesi\u2019nin her zaman \u0130zmir\u2019de sporu destekleyece\u011fine de\u011finen Tun\u00e7 Soyer, &#8220;\u0130zmir B\u00fcy\u00fck\u015fehir Belediyesi Ba\u015fkan\u0131 olarak t\u00fcm kurumsal kimli\u011fimizle, g\u00fcc\u00fcm\u00fcz ne kadar yetiyorsa sizin yan\u0131n\u0131zda olaca\u011f\u0131z. Elimizden ne kadar geliyorsa bunu b\u00fcy\u00fck bir keyif ve mutlulukla yapaca\u011f\u0131z. \u0130mkanlar\u0131m\u0131z, zaman\u0131m\u0131z ve kadromuz s\u0131n\u0131rl\u0131 ama bu s\u0131n\u0131rlar\u0131 zorlad\u0131\u011f\u0131m\u0131z\u0131 g\u00f6receksiniz. Bunlar\u0131 nas\u0131l daha fazla b\u00fcy\u00fct\u00fcr\u00fcz, nas\u0131l ileriye ta\u015f\u0131r\u0131z diye canla ba\u015fla \u00e7al\u0131\u015faca\u011f\u0131z. Bunu da \u00e7ok net ve b\u00fct\u00fcn kalbimle s\u00f6yl\u00fcyorum&#8221; diye konu\u015ftu.<\/p>\n<p>\u0130zmir B\u00fcy\u00fck\u015fehir Belediye Ba\u015fkan\u0131 Tun\u00e7 Soyer, \u0130zmir\u2019in spor kul\u00fcplerinin k\u00f6kl\u00fc tarihinin \u00f6nemini vurgulayarak, &#8220;Saat kulesi \u0130zmir i\u00e7in neyse bu kul\u00fcplerin her biri \u0130zmir i\u00e7in odur. Yani sembold\u00fcr. Bu \u015fehrin \u00e7\u0131narlar\u0131s\u0131n\u0131z. 100 y\u0131ll\u0131k as\u0131rl\u0131k kul\u00fcp T\u00fcrkiye\u2019de \u00e7ok az ama \u0130zmir\u2019de alt\u0131 kul\u00fcp olunca de\u011fer art\u0131yor&#8221; dedi.<\/p>\n<p>\u201cKul\u00fcpler kentin miras\u0131\u201d<\/p>\n<p>Spor kul\u00fcplerine verilecek her deste\u011fin \u00e7ok \u00f6nemli oldu\u011funu vurgulayan \u0130ZVAK Y\u00f6netim Kurulu Ba\u015fkan\u0131 Ali Erten ise, \u201c\u0130zmir\u2019in 1912 ve 1928 y\u0131llar\u0131 aras\u0131nda kurulmu\u015f 6 tane tarihi, Cumhuriyet\u2019in tarihinde yer alan kul\u00fcplere sahibiz. Bunu, gelecek nesillere daha g\u00fc\u00e7l\u00fc \u015fekilde aktarma sorumlulu\u011fumuz var. Kul\u00fcplerimiz art\u0131k sadece spor kul\u00fcb\u00fc de\u011fil, kentin miras\u0131. Dolay\u0131s\u0131yla bu kul\u00fcplerin kent miras\u0131 olarak korunmas\u0131 gerekiyor. Kul\u00fcplerimize verilecek her destek, bizim i\u00e7in \u00e7ok de\u011ferli. Bu toplant\u0131n\u0131n iyi bir ba\u015flang\u0131\u00e7 oldu\u011funu d\u00fc\u015f\u00fcn\u00fcyoruz. \u00c7\u00fcnk\u00fc uzun zamand\u0131r bu \u015fekilde bir araya gelemedik. Bu bizim i\u00e7in \u00e7ok de\u011ferli, \u00e7ok te\u015fekk\u00fcr ediyorum\u201d diye konu\u015ftu.<\/p>\n","protected":false},"excerpt":{"rendered":"<p>\u0130ZM\u0130R B\u00dcY\u00dcK\u015eEH\u0130R BELED\u0130YE BA\u015eKANI TUN\u00c7 SOYER, \u0130ZM\u0130R SPOR KUL\u00dcPLER\u0130 B\u0130RL\u0130\u011e\u0130 VAKFI (\u0130ZVAK) TEMS\u0130LC\u0130LER\u0130 VE \u0130ZM\u0130R&#8217;\u0130N EN K\u00d6KL\u00dc ALTI SPOR KUL\u00dcB\u00dcN\u00dcN BA\u015eKANLARIYLA BULU\u015eTU.<\/p>\n","protected":false},"author":1,"featured_media":212761,"comment_status":"closed","ping_status":"open","sticky":false,"template":"","format":"standard","meta":{"jetpack_post_was_ever_published":false,"_jetpack_newsletter_access":"","_jetpack_dont_email_post_to_subs":false,"_jetpack_newsletter_tier_id":0,"_jetpack_memberships_contains_paywalled_content":false,"_jetpack_memberships_contains_paid_content":false,"footnotes":"","jetpack_publicize_message":"","jetpack_publicize_feature_enabled":true,"jetpack_social_post_already_shared":true,"jetpack_social_options":{"image_generator_settings":{"template":"highway","default_image_id":0,"font":"","enabled":false},"version":2}},"categories":[657],"tags":[4789,389,192,2177,987,4580,11623],"class_list":["post-212760","post","type-post","status-publish","format-standard","has-post-thumbnail","hentry","category-spor","tag-baskanlari","tag-bulustu","tag-ile","tag-izmirli","tag-kulup","tag-soyer","tag-tunc"],"jetpack_publicize_connections":[],"jetpack_featured_media_url":"https:\/\/i0.wp.com\/www.tvturk.com\/wp-content\/uploads\/2019\/10\/izmirli-kulup-baskanlari-tunc-soyer-ile-bulustu_c35e506.jpg?fit=1000%2C859","jetpack_sharing_enabled":true,"jetpack_shortlink":"https:\/\/wp.me\/paKIfm-TlC","_links":{"self":[{"href":"http:\/\/www.tvturk.com\/index.php\/wp-json\/wp\/v2\/posts\/212760","targetHints":{"allow":["GET"]}}],"collection":[{"href":"http:\/\/www.tvturk.com\/index.php\/wp-json\/wp\/v2\/posts"}],"about":[{"href":"http:\/\/www.tvturk.com\/index.php\/wp-json\/wp\/v2\/types\/post"}],"author":[{"embeddable":true,"href":"http:\/\/www.tvturk.com\/index.php\/wp-json\/wp\/v2\/users\/1"}],"replies":[{"embeddable":true,"href":"http:\/\/www.tvturk.com\/index.php\/wp-json\/wp\/v2\/comments?post=212760"}],"version-history":[{"count":0,"href":"http:\/\/www.tvturk.com\/index.php\/wp-json\/wp\/v2\/posts\/212760\/revisions"}],"wp:featuredmedia":[{"embeddable":true,"href":"http:\/\/www.tvturk.com\/index.php\/wp-json\/wp\/v2\/media\/212761"}],"wp:attachment":[{"href":"http:\/\/www.tvturk.com\/index.php\/wp-json\/wp\/v2\/media?parent=212760"}],"wp:term":[{"taxonomy":"category","embeddable":true,"href":"http:\/\/www.tvturk.com\/index.php\/wp-json\/wp\/v2\/categories?post=212760"},{"taxonomy":"post_tag","embeddable":true,"href":"http:\/\/www.tvturk.com\/index.php\/wp-json\/wp\/v2\/tags?post=212760"}],"curies":[{"name":"wp","href":"https:\/\/api.w.org\/{rel}","templated":true}]}}