{"id":212788,"date":"2019-10-08T12:32:08","date_gmt":"2019-10-08T09:32:08","guid":{"rendered":"http:\/\/www.tvturk.com\/index.php\/arslan-tokyoda-ituc-ap-genel-kuruluna-hitap-etti\/"},"modified":"2019-10-08T12:32:08","modified_gmt":"2019-10-08T09:32:08","slug":"arslan-tokyoda-ituc-ap-genel-kuruluna-hitap-etti","status":"publish","type":"post","link":"http:\/\/www.tvturk.com\/index.php\/arslan-tokyoda-ituc-ap-genel-kuruluna-hitap-etti\/","title":{"rendered":"Arslan, Tokyo\u2019da ITUC-AP Genel Kuruluna hitap etti"},"content":{"rendered":"<p>HAK-\u0130\u015e Genel Ba\u015fkan\u0131 Mahmut Arslan, ITUC-AP Genel Kurulunda yapt\u0131\u011f\u0131 konu\u015fmada, HAK-\u0130\u015e\u2019in her zaman, demokratik ve sosyal bir d\u00fcnyadan yana oldu\u011funu s\u00f6yledi. Arslan, \u201cHerkes i\u00e7in \u00f6zg\u00fcrl\u00fck, adalet ve iyi i\u015fler istiyoruz. Herkesin sosyal g\u00fcvencesinin oldu\u011fu, asgari ya\u015fam ihtiya\u00e7lar\u0131n\u0131n kar\u015f\u0131land\u0131\u011f\u0131 bir d\u00fczenden yanay\u0131z\u201d dedi.<\/p>\n<p>HAK-\u0130\u015e Genel Ba\u015fkan\u0131 Mahmut Arslan, Japonya\u2019n\u0131n Ba\u015fkenti Tokyo\u2019da ger\u00e7ekle\u015ftirilen ITUC-AP Genel Kuruluna kat\u0131ld\u0131. ITUC-AP Genel Kurulunda, HAK-\u0130\u015e Genel Ba\u015fkan\u0131 Mahmut Arslan\u2019a, HAK-\u0130\u015e Genel Ba\u015fkan Yard\u0131mc\u0131s\u0131 Osman Y\u0131ld\u0131z, HAK-\u0130\u015e\u2019e ba\u011fl\u0131 \u00d6z G\u00fcven-Sen Sendikas\u0131 Genel Ba\u015fkan\u0131 \u00d6mer Y\u0131lmaz, KKTC Kamu-Sen Genel Ba\u015fkan\u0131 Metin Atan ile D\u0131\u015f \u0130li\u015fkiler uzmanlar\u0131 e\u015flik etti.<\/p>\n<p>Genel Kurula hitaben konu\u015fmalar\u0131n\u0131 ger\u00e7ekle\u015ftiren HAK-\u0130\u015e Genel Ba\u015fkan\u0131 Mahmut Arslan, i\u015f\u00e7ilerin g\u00fcc\u00fcn\u00fcn in\u015fas\u0131nda sendikal dayan\u0131\u015fman\u0131n \u00f6nemine dikkat \u00e7ekti. Arslan, uluslararas\u0131 sendikal dayan\u0131\u015fman\u0131n ise daha da \u00f6nemli oldu\u011funu s\u00f6yledi.<\/p>\n<p>T\u00fcrkiye\u2019de sendikal haklar geli\u015firken ayn\u0131 zamanda sendikal hareketin de g\u00fc\u00e7lendi\u011fini dile getiren Arslan, \u201cY\u00fcksek teknolojilerin kullan\u0131ld\u0131\u011f\u0131 dijital ekonomi, emek hareketini zorlamaktad\u0131r. Bu ku\u015fatmaya kar\u015f\u0131 emek hareketleri olarak uluslararas\u0131 dayan\u0131\u015fma ve yeni \u00f6rg\u00fctlenme stratejileri ile ba\u015fa \u00e7\u0131kabiliriz\u201d diye konu\u015ftu.<\/p>\n<p>\u2019F\u0131tratta Farkl\u0131l\u0131k, Haklarda E\u015fitlik\u2019<\/p>\n<p>HAK-\u0130\u015e\u2019in kamuda \u00e7al\u0131\u015fan 1 milyona yak\u0131n ta\u015feron i\u015f\u00e7inin, kadro almas\u0131n\u0131 sa\u011flayarak, ta\u015feron sorununun \u00e7\u00f6z\u00fclmesine \u00f6nc\u00fc bir katk\u0131 sa\u011flad\u0131\u011f\u0131n\u0131 hat\u0131rlatan Arslan, \u201cSay\u0131n Cumhurba\u015fkan\u0131m\u0131z ve h\u00fck\u00fcmetimiz, neoliberal dayatmalara kar\u015f\u0131 bir meydan okuma ortaya koyarak, ta\u015feron sistemini sonland\u0131rm\u0131\u015f ve bu konuda tarihi bir ba\u015far\u0131ya imza atm\u0131\u015ft\u0131r. HAK-\u0130\u015e olarak \u2018F\u0131tratta Farkl\u0131l\u0131k, Haklarda E\u015fitlik\u2019 anlay\u0131\u015f\u0131yla yola \u00e7\u0131kt\u0131k. Bu sayede hem kad\u0131nlar\u0131n sendikal harekette daha fazla yer almas\u0131nda, hem kad\u0131n istihdam\u0131n\u0131n artt\u0131r\u0131lmas\u0131nda, hem de kad\u0131na y\u00f6nelik her t\u00fcrl\u00fc \u015fiddete kar\u015f\u0131 m\u00fccadelede ba\u015far\u0131yla \u00f6nc\u00fc bir rol oynad\u0131k. Kad\u0131nlarla ilgili yapt\u0131\u011f\u0131m\u0131z ba\u015far\u0131l\u0131 \u00f6rg\u00fctlenme stratejileri sayesinde, kad\u0131n \u00fcye oran\u0131m\u0131z y\u00fczde 2\u2019lerden y\u00fczde 25\u2019e kadar y\u00fckselmi\u015ftir\u201d \u015feklinde konu\u015ftu.<\/p>\n<p>&#8220;IMF politikalar\u0131ndan en \u00e7ok zarar g\u00f6ren \u00fclkelerden birisi T\u00fcrkiye\u2019dir&#8221;<\/p>\n<p>Konu\u015fmas\u0131nda IMF politikalar\u0131 konusuna da de\u011finen Arslan, \u201cIMF politikalar\u0131ndan en \u00e7ok zarar g\u00f6ren \u00fclkelerden birisi de T\u00fcrkiye\u2019dir. \u00dclkemizde bug\u00fcne kadar 19 kez IMF ile Stand By anla\u015fmas\u0131 imzalanm\u0131\u015ft\u0131r. Bu politikalar \u00fclkeleri adeta bir deneme tahtas\u0131 haline getiriyorlar. D\u00fcnyada IMF politikalar\u0131n\u0131n uygulan\u0131p krizden \u00e7\u0131kar\u0131lan bir \u00fclke yoktur\u201d ifadelerini kulland\u0131.<\/p>\n<p>&#8220;IMF demek i\u015fsizlik demek&#8221;<\/p>\n<p>IMF\u2019nin b\u00fct\u00fcn d\u00fcnyada \u00fclkelere bor\u00e7 veren uluslararas\u0131 kredit\u00f6rlerin paralar\u0131n\u0131 kurtarma arac\u0131 gibi \u00e7al\u0131\u015ft\u0131\u011f\u0131n\u0131 s\u00f6yleyen Arslan, \u201cIMF demek, i\u015fsizlik demek, tasarruf tedbirleri nedeniyle ekonomide k\u00fc\u00e7\u00fclme ve iflaslar demektir. Biz \u00fclkemizde IMF defterini kapatt\u0131k. IMF\u2019yi ebediyen istemiyoruz\u201d dedi.<\/p>\n","protected":false},"excerpt":{"rendered":"<p>HAK-\u0130\u015e GENEL BA\u015eKANI MAHMUT ARSLAN, ITUC-AP GENEL KURULUNDA YAPTI\u011eI KONU\u015eMADA, HAK-\u0130\u015e\u2019\u0130N HER ZAMAN, DEMOKRAT\u0130K VE SOSYAL B\u0130R D\u00dcNYADAN YANA OLDU\u011eUNU S\u00d6YLED\u0130. ARSLAN, \u201cHERKES \u0130\u00c7\u0130N \u00d6ZG\u00dcRL\u00dcK, ADALET VE \u0130Y\u0130 \u0130\u015eLER \u0130ST\u0130YORUZ. HERKES\u0130N SOSYAL G\u00dcVENCES\u0130N\u0130N OLDU\u011eU, ASGAR\u0130 YA\u015eAM \u0130HT\u0130YA\u00c7LARININ KAR\u015eILANDI\u011eI B\u0130R D\u00dcZENDEN YANAYIZ\u201d DED\u0130.<\/p>\n","protected":false},"author":1,"featured_media":212789,"comment_status":"closed","ping_status":"open","sticky":false,"template":"","format":"standard","meta":{"jetpack_post_was_ever_published":false,"_jetpack_newsletter_access":"","_jetpack_dont_email_post_to_subs":false,"_jetpack_newsletter_tier_id":0,"_jetpack_memberships_contains_paywalled_content":false,"_jetpack_memberships_contains_paid_content":false,"footnotes":"","jetpack_publicize_message":"","jetpack_publicize_feature_enabled":true,"jetpack_social_post_already_shared":true,"jetpack_social_options":{"image_generator_settings":{"template":"highway","default_image_id":0,"font":"","enabled":false},"version":2}},"categories":[1],"tags":[3051,207,869,10676,53790,15305,27348],"class_list":["post-212788","post","type-post","status-publish","format-standard","has-post-thumbnail","hentry","category-genel","tag-arslan","tag-etti","tag-genel","tag-hitap","tag-ituc-ap","tag-kuruluna","tag-tokyoda"],"jetpack_publicize_connections":[],"jetpack_featured_media_url":"https:\/\/i0.wp.com\/www.tvturk.com\/wp-content\/uploads\/2019\/10\/arslan-tokyoda-ituc-ap-genel-kuruluna-hitap-etti_ca3559e.jpg?fit=1000%2C750","jetpack_sharing_enabled":true,"jetpack_shortlink":"https:\/\/wp.me\/paKIfm-Tm4","_links":{"self":[{"href":"http:\/\/www.tvturk.com\/index.php\/wp-json\/wp\/v2\/posts\/212788","targetHints":{"allow":["GET"]}}],"collection":[{"href":"http:\/\/www.tvturk.com\/index.php\/wp-json\/wp\/v2\/posts"}],"about":[{"href":"http:\/\/www.tvturk.com\/index.php\/wp-json\/wp\/v2\/types\/post"}],"author":[{"embeddable":true,"href":"http:\/\/www.tvturk.com\/index.php\/wp-json\/wp\/v2\/users\/1"}],"replies":[{"embeddable":true,"href":"http:\/\/www.tvturk.com\/index.php\/wp-json\/wp\/v2\/comments?post=212788"}],"version-history":[{"count":0,"href":"http:\/\/www.tvturk.com\/index.php\/wp-json\/wp\/v2\/posts\/212788\/revisions"}],"wp:featuredmedia":[{"embeddable":true,"href":"http:\/\/www.tvturk.com\/index.php\/wp-json\/wp\/v2\/media\/212789"}],"wp:attachment":[{"href":"http:\/\/www.tvturk.com\/index.php\/wp-json\/wp\/v2\/media?parent=212788"}],"wp:term":[{"taxonomy":"category","embeddable":true,"href":"http:\/\/www.tvturk.com\/index.php\/wp-json\/wp\/v2\/categories?post=212788"},{"taxonomy":"post_tag","embeddable":true,"href":"http:\/\/www.tvturk.com\/index.php\/wp-json\/wp\/v2\/tags?post=212788"}],"curies":[{"name":"wp","href":"https:\/\/api.w.org\/{rel}","templated":true}]}}