{"id":212962,"date":"2019-10-08T17:02:10","date_gmt":"2019-10-08T14:02:10","guid":{"rendered":"http:\/\/www.tvturk.com\/index.php\/suriyede-toplanan-asiret-liderlerinden-firatin-dogusuna-yapilacak-harekata-destek\/"},"modified":"2019-10-08T17:02:10","modified_gmt":"2019-10-08T14:02:10","slug":"suriyede-toplanan-asiret-liderlerinden-firatin-dogusuna-yapilacak-harekata-destek","status":"publish","type":"post","link":"http:\/\/www.tvturk.com\/index.php\/suriyede-toplanan-asiret-liderlerinden-firatin-dogusuna-yapilacak-harekata-destek\/","title":{"rendered":"Suriye\u2019de toplanan a\u015firet liderlerinden F\u0131rat\u2019\u0131n do\u011fusuna yap\u0131lacak harekata destek"},"content":{"rendered":"<p>F\u0131rat\u2019\u0131n do\u011fusuna y\u00f6nelik d\u00fczenlenmesi planlanan operasyon \u00f6ncesinde, T\u00fcrkiye ve Suriye\u2019den K\u00fcrt, Arap ve T\u00fcrkmen a\u015firetlerinin liderleri Azez\u2019de toplanarak, operasyona desteklerini a\u00e7\u0131klad\u0131.<\/p>\n<p>Suriye A\u015firetler ve Kabileler Meclis Toplant\u0131s\u0131 Kilis\u2019in kar\u015f\u0131s\u0131nda bulunan Suriye\u2019nin Halep kentine ba\u011fl\u0131 Azez ilcesi Siccu beldesinde yap\u0131ld\u0131. Beldenin en b\u00fcy\u00fck a\u015firetinin bah\u00e7esinde kurulan \u00e7ad\u0131rlarda yap\u0131lan toplant\u0131ya, Suriye\u2019deki K\u00fcrt, Arap, T\u00fcrkmen a\u015firetlerinin yan\u0131 s\u0131ra T\u00fcrkiye\u2019de bulunan Arap ve K\u00fcrt a\u015firetlerinin liderleri kat\u0131ld\u0131.<\/p>\n<p>Yap\u0131lan konu\u015fmalardan sonra Suriye Kabileler ve A\u015firetler Meclisi Y\u00f6netim Kurulu ad\u0131na A\u015firetler Meclisi Siyas\u0131 Ofis sorumlusu Salim Abd\u00fczaziz M\u00fcslat konu\u015fma yapt\u0131. Son 9 y\u0131ldan bu yana Suriye\u2019nin cani bir rejim taraf\u0131ndan her t\u00fcrl\u00fc vah\u015fet ve katliama maruz b\u0131rak\u0131ld\u0131\u011f\u0131n\u0131 ifade eden M\u00fcslat, &#8220;Sahip oldu\u011fu t\u00fcm su\u00e7 ara\u00e7lar\u0131n\u0131 halk\u0131na kar\u015f\u0131 kullanmakla yetinmeyen bu rejim, i\u015fledi\u011fi su\u00e7a d\u0131\u015far\u0131dan ortak etti\u011fi t\u00fcrl\u00fc \u015fer odaklar\u0131n\u0131n deste\u011fini alm\u0131\u015f, halk\u0131m\u0131za kin besleyen bir\u00e7ok devletin \u00fclkemizde yer edinmesini sa\u011flam\u0131\u015f ve gizli ajandalar\u0131n\u0131 uygulamak i\u00e7in su\u00e7 i\u015flemeyi ve katliam yapmay\u0131 kendilerine meslek edinen ayr\u0131l\u0131k\u00e7\u0131 ter\u00f6r \u00f6rg\u00fctlerinin, paral\u0131 askerlerin ve paramiliter gruplar\u0131n da yard\u0131m\u0131yla vatan\u0131n ve milletin kutsallar\u0131n\u0131 \u00e7i\u011fnemek, katliamlar yapmak, etnik temizlik uygulamak ve insanlar\u0131 g\u00f6\u00e7e zorlamak suretiyle b\u00f6lgenin istikrar\u0131n\u0131 tehdit eden bir unsur haline gelmi\u015ftir. S\u00f6z konusu ter\u00f6r gruplar\u0131n\u0131n ba\u015f\u0131nda gelen PKK-PYD-YPG\u2019nin eylemlerine son verilmesi gerekmektedir. ABD\u2019yi de bu ter\u00f6r \u00e7etelerine destek vermekten vazge\u00e7meye \u00e7a\u011f\u0131r\u0131yoruz\u201d dedi<\/p>\n<p>M\u00fcslat, s\u00f6zlerini \u015f\u00f6yle s\u00fcrd\u00fcrd\u00fc:<\/p>\n<p>\u201cBizler, Suriye Kabileler ve A\u015firetler Meclisi \u00fcyeleri olarak Suriye halk\u0131n\u0131n davas\u0131na sahip \u00e7\u0131kan T\u00fcrkiye\u2019nin bar\u0131\u015f ve istikrar\u0131 sa\u011flamadaki ve ter\u00f6rle m\u00fccadeledeki rol\u00fcn\u00fc gayet de\u011ferli ve \u00f6nemli buluyor, DEA\u015e\u2019\u0131n ard\u0131ndan PKK-PYD-YPG ter\u00f6rist varl\u0131\u011f\u0131na da son verecek, gizli ter\u00f6r ajandalar\u0131yla m\u00fccadele edecek, PKK-PYD-YPG-SDG\u2019nin Kandil \u00e7etelerinin ter\u00f6r\u00fcne son verecek ve s\u00f6zkonusu ter\u00f6r gruplar\u0131n\u0131n halk\u0131m\u0131z hakk\u0131nda i\u015fledi\u011fi etnik temizlik ve tehcir su\u00e7lar\u0131n\u0131 sonland\u0131racak  her t\u00fcrl\u00fc giri\u015fim ve ad\u0131ma  tam destek veriyoruz. Bu ba\u011flamda dost ve karde\u015f \u00fclke T\u00fcrkiye\u2019nin F\u0131rat\u2019\u0131n do\u011fusunda ba\u015flatmay\u0131 planlad\u0131\u011f\u0131 askeri harekat\u0131n\u0131 can\u0131 g\u00f6n\u00fclden destekledi\u011fimiz ifade ediyor ve bu operasyonun, kendi \u00f6z yurdundan tehcir edilen halk\u0131m\u0131z\u0131n tekrar \u00fclkesine d\u00f6nmesini ve gerek rejimin zulm\u00fcnden gerekse ter\u00f6r gruplar\u0131n\u0131n cinayetlerinden korunmas\u0131n\u0131 sa\u011flayacak bir g\u00fcvenli b\u00f6lgenin olu\u015fturulmas\u0131 i\u00e7in mutlaka at\u0131lmas\u0131 gereken ad\u0131m oldu\u011funu \u00f6nemle vurguluyoruz. Di\u011fer yandan PKK-PYD-YPG-SDG ter\u00f6ristlerinin, mevcudiyetlerini muhafaza etmek ve uluslararas\u0131 destek temini i\u00e7in DEA\u015e\u2019\u0131 bir bahane olarak kulland\u0131\u011f\u0131, hatta bu bahaneyi g\u00fc\u00e7lendirmek i\u00e7in elindeki DEA\u015e mahkumlar\u0131n\u0131 sal\u0131verdi\u011fi hususlar\u0131na da d\u00fcnya kamuoyunun dikkatlerini \u00e7ekmek istiyoruz. Allah\u2019\u0131n izniyle, at\u0131lacak bu ad\u0131m\u0131n t\u00fcm Suriyeliler a\u00e7\u0131s\u0131ndan, Suriye topra\u011f\u0131n\u0131n tamam\u0131n\u0131n diktat\u00f6rl\u00fckten, kin, nefret ve ter\u00f6rden kurtulu\u015fu i\u00e7in bir umut \u0131\u015f\u0131\u011f\u0131 olaca\u011f\u0131na inan\u0131yoruz. Son olarak, Milli Ordu\u2019da g\u00f6rev yapan evlatlar\u0131m\u0131za ve gurur duydu\u011fumuz o kahraman devrimcilerimize de bir \u00e7a\u011fr\u0131m\u0131z olacak; halk\u0131n\u0131z\u0131n yard\u0131mc\u0131s\u0131 ve dayana\u011f\u0131 olunuz, sabr\u0131 ve sebat\u0131 kendinize \u015fiar edininiz. Allah, sizin ve silah arkada\u015f\u0131 oldu\u011funuz T\u00fcrk karde\u015flerinizin yar ve yard\u0131mc\u0131s\u0131 olsun.&#8221;<\/p>\n","protected":false},"excerpt":{"rendered":"<p>FIRAT&#8217;IN DO\u011eUSUNA Y\u00d6NEL\u0130K D\u00dcZENLENMES\u0130 PLANLANAN OPERASYON \u00d6NCES\u0130NDE T\u00dcRK\u0130YE VE SUR\u0130YE&#8217;DE YA\u015eAYAN K\u00dcRT, ARAP VE T\u00dcRKMEN A\u015e\u0130RETLER\u0130N\u0130N L\u0130DERLER\u0130 AZEZ&#8217;DE TOPLANARAK, T\u00dcRK\u0130YE\u2019N\u0130N FIRAT\u2019IN DO\u011eUSUNA YAPILACAK OPERASYONA DESTEK VERD\u0130LER.<\/p>\n","protected":false},"author":1,"featured_media":212963,"comment_status":"closed","ping_status":"open","sticky":false,"template":"","format":"standard","meta":{"jetpack_post_was_ever_published":false,"_jetpack_newsletter_access":"","_jetpack_dont_email_post_to_subs":false,"_jetpack_newsletter_tier_id":0,"_jetpack_memberships_contains_paywalled_content":false,"_jetpack_memberships_contains_paid_content":false,"footnotes":"","jetpack_publicize_message":"","jetpack_publicize_feature_enabled":true,"jetpack_social_post_already_shared":true,"jetpack_social_options":{"image_generator_settings":{"template":"highway","default_image_id":0,"font":"","enabled":false},"version":2}},"categories":[1],"tags":[23085,61,28777,336,40888,18200,10602,26235,158],"class_list":["post-212962","post","type-post","status-publish","format-standard","has-post-thumbnail","hentry","category-genel","tag-asiret","tag-destek","tag-dogusuna","tag-firatin","tag-harekata","tag-liderlerinden","tag-suriyede","tag-toplanan","tag-yapilacak"],"jetpack_publicize_connections":[],"jetpack_featured_media_url":"https:\/\/i0.wp.com\/www.tvturk.com\/wp-content\/uploads\/2019\/10\/suriyede-toplanan-asiret-liderlerinden-firatin-dogusuna-yapilacak-harekata-destek_17b0e0a.jpg?fit=1000%2C666","jetpack_sharing_enabled":true,"jetpack_shortlink":"https:\/\/wp.me\/paKIfm-ToS","_links":{"self":[{"href":"http:\/\/www.tvturk.com\/index.php\/wp-json\/wp\/v2\/posts\/212962","targetHints":{"allow":["GET"]}}],"collection":[{"href":"http:\/\/www.tvturk.com\/index.php\/wp-json\/wp\/v2\/posts"}],"about":[{"href":"http:\/\/www.tvturk.com\/index.php\/wp-json\/wp\/v2\/types\/post"}],"author":[{"embeddable":true,"href":"http:\/\/www.tvturk.com\/index.php\/wp-json\/wp\/v2\/users\/1"}],"replies":[{"embeddable":true,"href":"http:\/\/www.tvturk.com\/index.php\/wp-json\/wp\/v2\/comments?post=212962"}],"version-history":[{"count":0,"href":"http:\/\/www.tvturk.com\/index.php\/wp-json\/wp\/v2\/posts\/212962\/revisions"}],"wp:featuredmedia":[{"embeddable":true,"href":"http:\/\/www.tvturk.com\/index.php\/wp-json\/wp\/v2\/media\/212963"}],"wp:attachment":[{"href":"http:\/\/www.tvturk.com\/index.php\/wp-json\/wp\/v2\/media?parent=212962"}],"wp:term":[{"taxonomy":"category","embeddable":true,"href":"http:\/\/www.tvturk.com\/index.php\/wp-json\/wp\/v2\/categories?post=212962"},{"taxonomy":"post_tag","embeddable":true,"href":"http:\/\/www.tvturk.com\/index.php\/wp-json\/wp\/v2\/tags?post=212962"}],"curies":[{"name":"wp","href":"https:\/\/api.w.org\/{rel}","templated":true}]}}