{"id":212980,"date":"2019-10-08T17:32:04","date_gmt":"2019-10-08T14:32:04","guid":{"rendered":"http:\/\/www.tvturk.com\/index.php\/bursali-sehit-goz-yaslariyla-son-yolculuguna-ugurlandi\/"},"modified":"2019-10-08T17:32:04","modified_gmt":"2019-10-08T14:32:04","slug":"bursali-sehit-goz-yaslariyla-son-yolculuguna-ugurlandi","status":"publish","type":"post","link":"http:\/\/www.tvturk.com\/index.php\/bursali-sehit-goz-yaslariyla-son-yolculuguna-ugurlandi\/","title":{"rendered":"Bursal\u0131 \u015fehit g\u00f6z ya\u015flar\u0131yla son yolculu\u011funa u\u011furland\u0131"},"content":{"rendered":"<p>Hakkari\u2019nin \u00c7ukurca il\u00e7esinde arac\u0131n devrilmesi sonucu \u015fehit olan uzman erba\u015f Muhammet Emin Kotano\u011flu, Bursa\u2019da g\u00f6z ya\u015flar\u0131 i\u00e7erisinde son yolculu\u011funa u\u011furland\u0131.<\/p>\n<p>Ge\u00e7ti\u011fimiz g\u00fcn \u00c7ukurca il\u00e7esindeki I\u015f\u0131kl\u0131 \u00dcs B\u00f6lgesi\u2019nden Kavu\u015fak \u00dcs B\u00f6lgesi\u2019ne ikmal faaliyeti icra eden arac\u0131n devrilmesi neticesinde a\u011f\u0131r yaralanan Uzman Erba\u015f Muhammet Emin Kotano\u011flu, kald\u0131r\u0131ld\u0131\u011f\u0131 hastanede \u015fehit oldu. \u015eehit Kotano\u011flu, Hakkari Fatih K\u0131\u015flas\u0131\u2019nda yap\u0131lan t\u00f6renin ard\u0131ndan memleketi Bursa\u2019ya u\u011furland\u0131. \u00d6\u011fle saatlerinde \u00f6zel jet ile Yeni\u015fehir Havaalan\u0131\u2019na getirilen \u015fehidin na\u2019\u015f\u0131 ard\u0131ndan helallik al\u0131nmak \u00fczere baba oca\u011f\u0131na g\u00f6t\u00fcr\u00fcld\u00fc. Burada helallik al\u0131nmas\u0131n\u0131n ard\u0131ndan \u015fehit Kotono\u011flu\u2019nun naa\u015f\u0131, Dikkald\u0131r\u0131m Mahallesi\u2019ndeki Mihrapl\u0131 Cami\u2019ne getirildi. Annesi Serap ve k\u0131z karde\u015fi Selin cenazenin ba\u015f\u0131na gelerek tabuta sar\u0131ld\u0131. Ard\u0131ndan tabutun \u00f6n\u00fcnde diz \u00e7\u00f6ken anne, o\u011flunun foto\u011fraf\u0131n\u0131 \u00f6perek sar\u0131ld\u0131. Baba Sezai ve erkek karde\u015f Ahmet Kotono\u011flu da g\u00f6z ya\u015flar\u0131na hakim olamad\u0131. Askerli\u011fini k\u0131sa s\u00fcre \u00f6nce bitiren, ancak TSK\u2019ya uzman erba\u015f olarak hizmet etmeye devam eden 21 ya\u015f\u0131ndaki Muhammet Emin Kotano\u011flu\u2019nun cenazesi ikindi namaz\u0131n\u0131 m\u00fcteakip k\u0131l\u0131nan cenaze namaz\u0131n\u0131n ard\u0131ndan Hamitler \u015eehitli\u011fi\u2019ne defnedildi. Cenazeye Bursa Valisi Yakup Canbolat, Bursa B\u00fcy\u00fck\u015fehir Belediye Ba\u015fkan\u0131 Alinur Akta\u015f, AK Parti Bursa Milletvekili Refik \u00d6zen, MHP Genel Ba\u015fkan Yard\u0131mc\u0131s\u0131 Mustafa Hidayet Vahapo\u011flu, AK Parti Bursa \u0130l Ba\u015fkan\u0131 Ayhan Salman, il\u00e7e belediye ba\u015fkanlar\u0131 ve \u00e7ok say\u0131da vatanda\u015f kat\u0131ld\u0131.<\/p>\n","protected":false},"excerpt":{"rendered":"<p>\u015eEH\u0130T OLAN UZMAN ERBA\u015e MUHAMMET EM\u0130N KOTANO\u011eLU, BURSA&#8217;DA G\u00d6Z YA\u015eLARI \u0130\u00c7ER\u0130S\u0130NDE SON YOLCULU\u011eUNA U\u011eURLANDI.<\/p>\n","protected":false},"author":1,"featured_media":212981,"comment_status":"closed","ping_status":"open","sticky":false,"template":"","format":"standard","meta":{"jetpack_post_was_ever_published":false,"_jetpack_newsletter_access":"","_jetpack_dont_email_post_to_subs":false,"_jetpack_newsletter_tier_id":0,"_jetpack_memberships_contains_paywalled_content":false,"_jetpack_memberships_contains_paid_content":false,"footnotes":"","jetpack_publicize_message":"","jetpack_publicize_feature_enabled":true,"jetpack_social_post_already_shared":true,"jetpack_social_options":{"image_generator_settings":{"template":"highway","default_image_id":0,"font":"","enabled":false},"version":2}},"categories":[1],"tags":[5854,1126,237,1240,2516,53855,2515],"class_list":["post-212980","post","type-post","status-publish","format-standard","has-post-thumbnail","hentry","category-genel","tag-bursali","tag-goz","tag-sehit","tag-son","tag-ugurlandi","tag-yaslariyla","tag-yolculuguna"],"jetpack_publicize_connections":[],"jetpack_featured_media_url":"https:\/\/i0.wp.com\/www.tvturk.com\/wp-content\/uploads\/2019\/10\/bursali-sehit-goz-yaslariyla-son-yolculuguna-ugurlandi_39bcaec.jpg?fit=1000%2C666","jetpack_sharing_enabled":true,"jetpack_shortlink":"https:\/\/wp.me\/paKIfm-Tpa","_links":{"self":[{"href":"http:\/\/www.tvturk.com\/index.php\/wp-json\/wp\/v2\/posts\/212980","targetHints":{"allow":["GET"]}}],"collection":[{"href":"http:\/\/www.tvturk.com\/index.php\/wp-json\/wp\/v2\/posts"}],"about":[{"href":"http:\/\/www.tvturk.com\/index.php\/wp-json\/wp\/v2\/types\/post"}],"author":[{"embeddable":true,"href":"http:\/\/www.tvturk.com\/index.php\/wp-json\/wp\/v2\/users\/1"}],"replies":[{"embeddable":true,"href":"http:\/\/www.tvturk.com\/index.php\/wp-json\/wp\/v2\/comments?post=212980"}],"version-history":[{"count":0,"href":"http:\/\/www.tvturk.com\/index.php\/wp-json\/wp\/v2\/posts\/212980\/revisions"}],"wp:featuredmedia":[{"embeddable":true,"href":"http:\/\/www.tvturk.com\/index.php\/wp-json\/wp\/v2\/media\/212981"}],"wp:attachment":[{"href":"http:\/\/www.tvturk.com\/index.php\/wp-json\/wp\/v2\/media?parent=212980"}],"wp:term":[{"taxonomy":"category","embeddable":true,"href":"http:\/\/www.tvturk.com\/index.php\/wp-json\/wp\/v2\/categories?post=212980"},{"taxonomy":"post_tag","embeddable":true,"href":"http:\/\/www.tvturk.com\/index.php\/wp-json\/wp\/v2\/tags?post=212980"}],"curies":[{"name":"wp","href":"https:\/\/api.w.org\/{rel}","templated":true}]}}