{"id":213000,"date":"2019-10-08T18:02:53","date_gmt":"2019-10-08T15:02:53","guid":{"rendered":"http:\/\/www.tvturk.com\/index.php\/turkiye-buyuk-erkekler-ferdi-boks-sampiyonasi-erzincanda-basladi\/"},"modified":"2019-10-08T18:02:53","modified_gmt":"2019-10-08T15:02:53","slug":"turkiye-buyuk-erkekler-ferdi-boks-sampiyonasi-erzincanda-basladi","status":"publish","type":"post","link":"http:\/\/www.tvturk.com\/index.php\/turkiye-buyuk-erkekler-ferdi-boks-sampiyonasi-erzincanda-basladi\/","title":{"rendered":"T\u00fcrkiye B\u00fcy\u00fck Erkekler Ferdi Boks \u015eampiyonas\u0131 Erzincan\u2019da ba\u015flad\u0131"},"content":{"rendered":"<p>T\u00fcrkiye Boks Federasyonu\u2019nun 2019 y\u0131l\u0131 faaliyet program\u0131nda yer alan T\u00fcrkiye B\u00fcy\u00fck Erkekler Ferdi Boks \u015eampiyonas\u0131 Erzincan\u2019da ba\u015flad\u0131.<\/p>\n<p>Merkez Spor Salonu\u2019nda d\u00fczenlenen \u015fampiyonan\u0131n a\u00e7\u0131l\u0131\u015f seremonisine Erzincan Gen\u00e7lik Hizmetleri ve Spor \u0130l M\u00fcd\u00fcr\u00fc Volkan Burak Mumcu, Y\u0131ld\u0131z Erkekler Boks Milli Tak\u0131m\u0131ndan Sorumlu Asba\u015fkan Y\u0131lmaz \u0130lkay Ar\u0131n ve sporseverler kat\u0131ld\u0131.<\/p>\n<p>Erzincan Gen\u00e7lik Hizmetleri ve Spor \u0130l M\u00fcd\u00fcr\u00fc Volkan Burak Mumcu, b\u00f6ylesine de\u011ferli bir organizasyona ev sahipli\u011fi yapman\u0131n sevincini ya\u015fad\u0131klar\u0131n\u0131 dile getirdi.<\/p>\n<p>Y\u0131ld\u0131z Erkekler Boks Milli Tak\u0131m\u0131\u2019ndan Sorumlu Asba\u015fkan Y\u0131lmaz \u0130lkay Ar\u0131n\u2019da, \u201cBu haftada 3 gurupta her s\u0131klet de ilk d\u00f6rde giren 22- 26 Aral\u0131k aras\u0131nda Erzurum\u2019da T\u00fcrkiye Ferdi Boks \u015eampiyonas\u0131nda ter d\u00f6kecekler\u201d dedi.<\/p>\n<p>\u015eampiyona yap\u0131lan m\u00fcsabakalarla devam etti.<\/p>\n","protected":false},"excerpt":{"rendered":"<p>T\u00dcRK\u0130YE BOKS FEDERASYONU\u2019NUN 2019 YILI FAAL\u0130YET PROGRAMINDA YER ALAN T\u00dcRK\u0130YE B\u00dcY\u00dcK ERKEKLER FERD\u0130 BOKS \u015eAMP\u0130YONASI ERZ\u0130NCAN\u2019DA BA\u015eLADI<\/p>\n","protected":false},"author":1,"featured_media":213001,"comment_status":"closed","ping_status":"open","sticky":false,"template":"","format":"standard","meta":{"jetpack_post_was_ever_published":false,"_jetpack_newsletter_access":"","_jetpack_dont_email_post_to_subs":false,"_jetpack_newsletter_tier_id":0,"_jetpack_memberships_contains_paywalled_content":false,"_jetpack_memberships_contains_paid_content":false,"footnotes":"","jetpack_publicize_message":"","jetpack_publicize_feature_enabled":true,"jetpack_social_post_already_shared":true,"jetpack_social_options":{"image_generator_settings":{"template":"highway","default_image_id":0,"font":"","enabled":false},"version":2}},"categories":[657],"tags":[55,13404,545,3471,3732,30099,395,453],"class_list":["post-213000","post","type-post","status-publish","format-standard","has-post-thumbnail","hentry","category-spor","tag-basladi","tag-boks","tag-buyuk","tag-erkekler","tag-erzincanda","tag-ferdi","tag-sampiyonasi","tag-turkiye"],"jetpack_publicize_connections":[],"jetpack_featured_media_url":"https:\/\/i0.wp.com\/www.tvturk.com\/wp-content\/uploads\/2019\/10\/turkiye-buyuk-erkekler-ferdi-boks-sampiyonasi-erzincanda-basladi_2be1c60.jpg?fit=1000%2C615","jetpack_sharing_enabled":true,"jetpack_shortlink":"https:\/\/wp.me\/paKIfm-Tpu","_links":{"self":[{"href":"http:\/\/www.tvturk.com\/index.php\/wp-json\/wp\/v2\/posts\/213000","targetHints":{"allow":["GET"]}}],"collection":[{"href":"http:\/\/www.tvturk.com\/index.php\/wp-json\/wp\/v2\/posts"}],"about":[{"href":"http:\/\/www.tvturk.com\/index.php\/wp-json\/wp\/v2\/types\/post"}],"author":[{"embeddable":true,"href":"http:\/\/www.tvturk.com\/index.php\/wp-json\/wp\/v2\/users\/1"}],"replies":[{"embeddable":true,"href":"http:\/\/www.tvturk.com\/index.php\/wp-json\/wp\/v2\/comments?post=213000"}],"version-history":[{"count":0,"href":"http:\/\/www.tvturk.com\/index.php\/wp-json\/wp\/v2\/posts\/213000\/revisions"}],"wp:featuredmedia":[{"embeddable":true,"href":"http:\/\/www.tvturk.com\/index.php\/wp-json\/wp\/v2\/media\/213001"}],"wp:attachment":[{"href":"http:\/\/www.tvturk.com\/index.php\/wp-json\/wp\/v2\/media?parent=213000"}],"wp:term":[{"taxonomy":"category","embeddable":true,"href":"http:\/\/www.tvturk.com\/index.php\/wp-json\/wp\/v2\/categories?post=213000"},{"taxonomy":"post_tag","embeddable":true,"href":"http:\/\/www.tvturk.com\/index.php\/wp-json\/wp\/v2\/tags?post=213000"}],"curies":[{"name":"wp","href":"https:\/\/api.w.org\/{rel}","templated":true}]}}