{"id":213004,"date":"2019-10-08T18:03:10","date_gmt":"2019-10-08T15:03:10","guid":{"rendered":"http:\/\/www.tvturk.com\/index.php\/turk-dunyasi-4-uluslararasi-belgesel-film-festivali-ve-belgesel-film-yarismasi-sonuclandi\/"},"modified":"2019-10-08T18:03:10","modified_gmt":"2019-10-08T15:03:10","slug":"turk-dunyasi-4-uluslararasi-belgesel-film-festivali-ve-belgesel-film-yarismasi-sonuclandi","status":"publish","type":"post","link":"http:\/\/www.tvturk.com\/index.php\/turk-dunyasi-4-uluslararasi-belgesel-film-festivali-ve-belgesel-film-yarismasi-sonuclandi\/","title":{"rendered":"T\u00fcrk d\u00fcnyas\u0131 4. Uluslararas\u0131 Belgesel Film Festivali ve Belgesel Film Yar\u0131\u015fmas\u0131 sonu\u00e7land\u0131"},"content":{"rendered":"<p>\u20199 \u00fclke 9 \u015fehir\u2019 slogan\u0131 ile bu y\u0131l 4.\u2019s\u00fc d\u00fczenlenen T\u00fcrk D\u00fcnyas\u0131 Belgesel Filim Yar\u0131\u015fmas\u0131 sonu\u00e7lar\u0131 a\u00e7\u0131kland\u0131.<\/p>\n<p>Festivale, K\u00fclt\u00fcr Bakanl\u0131\u011f\u0131 Sinema Genel M\u00fcd\u00fcrl\u00fc\u011f\u00fc, T\u0130KA, T\u00fcrk D\u00fcnyas\u0131 Belediyeler Birli\u011fi, Beyo\u011flu Belediyesi ile bir \u00e7ok sivil toplum \u00f6rg\u00fct\u00fc de destek verdi.<\/p>\n<p>T\u00fcrk d\u00fcnyas\u0131 Gazeteciler Federasyonu taraf\u0131ndan d\u00fczenlenen yar\u0131\u015fma b\u00fcy\u00fck ilgi g\u00f6rd\u00fc. T\u00fcrk belgesel yap\u0131mc\u0131s\u0131 ve y\u00f6netmeni olan bir \u00e7ok davetli kat\u0131ld\u0131.<\/p>\n<p>Festival kapsam\u0131nda ge\u00e7ti\u011fimiz aylarda vefat eden K\u00fclt\u00fcr ve Turizm Bakan Yard\u0131mc\u0131s\u0131 Prof. Dr. Haluk Dursun ad\u0131na vefa \u00f6d\u00fcl\u00fc verildi.<\/p>\n<p>Festivali d\u00fczenleyen T\u00fcrk D\u00fcnyas\u0131 Gazeteciler Federasyonu Genel  Ba\u015fkan\u0131  Menderes Demir festivale her ge\u00e7en g\u00fcn ilginin b\u00fcy\u00fcd\u00fc\u011f\u00fcn\u00fc ve marka haline geldi\u011fini a\u00e7\u0131klayarak s\u00f6zlerine \u015f\u00f6yle devam etti:<\/p>\n<p>&#8220;Festival ekibi olarak amac\u0131m\u0131z belgesel marifeti ile \u00f6ncelikle T\u00fcrk d\u00fcnyas\u0131n\u0131n akabinde d\u00fcnyan\u0131n k\u00fclt\u00fcr\u00fcne ve sanat\u0131na katk\u0131 koymak&#8221; dedi.<\/p>\n<p>Festival t\u00f6renine, T\u00fcrk D\u00fcnyas\u0131 Sinamac\u0131lar Birli\u011fi Ba\u015fkan\u0131, T\u00fcrkmenistan eski K\u00fclt\u00fcr Bakan\u0131 Hojakulu Narliyev, K\u0131rg\u0131zistan eski K\u00fclt\u00fcr Bakan\u0131 Milletvekili Sad\u0131g \u015eer Niyaz, Tataristan M\u00fcsl\u00fcman Filmleri Ba\u015fkan\u0131 Milyau\u015fa Aytuganova, Kazakistan Sinema Genel M\u00fcd\u00fcr\u00fc Kanat Torabay, \u00d6zbekistanl\u0131 Yap\u0131mc\u0131 Y\u00f6netmen Abdullayev Ulugbek, \u00d6zbekistanl\u0131 yap\u0131mc\u0131 Y\u00f6netmen T\u00fcrk D\u00fcnyas\u0131 Belgesel Film Festivali J\u00fcri Ba\u015fkan\u0131 \u015euhrat  Mahmudov Macaristanl\u0131 Y\u00f6netmen \u0130van Forga\u015f ve \u00e7ok say\u0131da davetli kat\u0131ld\u0131<\/p>\n<p>Profesyonel kategoride birincilik \u00f6d\u00fcl\u00fcn\u00fc Nejla Demirci, \u00d6\u011frenci kategorisinde birincilik \u00f6d\u00fcl\u00fcn\u00fc K\u0131rg\u0131zistan\u2019dan Aidana Topchubaeva,<\/p>\n<p>T\u00fcrk Konseyi Modern \u0130pek Yolu \u00d6zel \u00d6d\u00fcl\u00fc\u2019n\u00fc Macaristan\u2019dan y\u00f6netmen Gabor Szaba, J\u00fcri K\u00fclt\u00fcr Sanat \u00d6zel \u00d6d\u00fcl\u00fc\u2019n\u00fc Y\u00f6netmen Adem \u015eenay, Prof. Dr. A.Haluk Dursun ad\u0131na T\u00fcrk d\u00fcnyas\u0131 onur \u00f6d\u00fcl\u00fcn\u00fc Y\u00f6netmen Yavuz Selim Ta\u015f\u00e7\u0131o\u011flu, T\u00fcrk D\u00fcnyas\u0131 Ya\u015fam Boyu Onur \u00d6d\u00fcl\u00fc\u2019n\u00fc Kazakitan\u2019dan Asanali A\u015fimov kazand\u0131.<\/p>\n","protected":false},"excerpt":{"rendered":"<p>&#8216;9 \u00dcLKE 9 \u015eEH\u0130R&#8217; SLOGANI \u0130LE BU YIL 4.&#8217;S\u00dc D\u00dcZENLENEN T\u00dcRK D\u00dcNYASI BELGESEL F\u0130L\u0130M YARI\u015eMASI SONU\u00c7LARI A\u00c7IKLANDI.<\/p>\n","protected":false},"author":1,"featured_media":213005,"comment_status":"closed","ping_status":"open","sticky":false,"template":"","format":"standard","meta":{"jetpack_post_was_ever_published":false,"_jetpack_newsletter_access":"","_jetpack_dont_email_post_to_subs":false,"_jetpack_newsletter_tier_id":0,"_jetpack_memberships_contains_paywalled_content":false,"_jetpack_memberships_contains_paid_content":false,"footnotes":"","jetpack_publicize_message":"","jetpack_publicize_feature_enabled":true,"jetpack_social_post_already_shared":true,"jetpack_social_options":{"image_generator_settings":{"template":"highway","default_image_id":0,"font":"","enabled":false},"version":2}},"categories":[656],"tags":[4839,7227,6094,3400,2299,9127,957,1650],"class_list":["post-213004","post","type-post","status-publish","format-standard","has-post-thumbnail","hentry","category-kultur-sanat","tag-uluslararasi","tag-belgesel","tag-dunyasi","tag-festivali","tag-film","tag-sonuclandi","tag-turk","tag-yarismasi"],"jetpack_publicize_connections":[],"jetpack_featured_media_url":"https:\/\/i0.wp.com\/www.tvturk.com\/wp-content\/uploads\/2019\/10\/turk-dunyasi-4-uluslararasi-belgesel-film-festivali-ve-belgesel-film-yarismasi-sonuclandi_baf6850.jpg?fit=960%2C540","jetpack_sharing_enabled":true,"jetpack_shortlink":"https:\/\/wp.me\/paKIfm-Tpy","_links":{"self":[{"href":"http:\/\/www.tvturk.com\/index.php\/wp-json\/wp\/v2\/posts\/213004","targetHints":{"allow":["GET"]}}],"collection":[{"href":"http:\/\/www.tvturk.com\/index.php\/wp-json\/wp\/v2\/posts"}],"about":[{"href":"http:\/\/www.tvturk.com\/index.php\/wp-json\/wp\/v2\/types\/post"}],"author":[{"embeddable":true,"href":"http:\/\/www.tvturk.com\/index.php\/wp-json\/wp\/v2\/users\/1"}],"replies":[{"embeddable":true,"href":"http:\/\/www.tvturk.com\/index.php\/wp-json\/wp\/v2\/comments?post=213004"}],"version-history":[{"count":0,"href":"http:\/\/www.tvturk.com\/index.php\/wp-json\/wp\/v2\/posts\/213004\/revisions"}],"wp:featuredmedia":[{"embeddable":true,"href":"http:\/\/www.tvturk.com\/index.php\/wp-json\/wp\/v2\/media\/213005"}],"wp:attachment":[{"href":"http:\/\/www.tvturk.com\/index.php\/wp-json\/wp\/v2\/media?parent=213004"}],"wp:term":[{"taxonomy":"category","embeddable":true,"href":"http:\/\/www.tvturk.com\/index.php\/wp-json\/wp\/v2\/categories?post=213004"},{"taxonomy":"post_tag","embeddable":true,"href":"http:\/\/www.tvturk.com\/index.php\/wp-json\/wp\/v2\/tags?post=213004"}],"curies":[{"name":"wp","href":"https:\/\/api.w.org\/{rel}","templated":true}]}}